{"id":424146,"date":"2025-03-07T10:27:26","date_gmt":"2025-03-07T13:27:26","guid":{"rendered":"https:\/\/notinor.com\/jujuy\/?p=424146"},"modified":"2025-03-07T10:27:28","modified_gmt":"2025-03-07T13:27:28","slug":"el-gobierno-emitira-un-decreto-de-necesidad-y-urgencia-para-sellar-el-acuerdo-con-el-fondo-monetario","status":"publish","type":"post","link":"https:\/\/notinor.com\/jujuy\/el-gobierno-emitira-un-decreto-de-necesidad-y-urgencia-para-sellar-el-acuerdo-con-el-fondo-monetario\/","title":{"rendered":"El Gobierno emitir\u00e1 un decreto de necesidad y urgencia para sellar el acuerdo con el Fondo Monetario"},"content":{"rendered":"\n<p class=\"has-medium-font-size\"><strong><em>La Casa Rosada confirm\u00f3 esa modalidad para sortear un eventual bloqueo del kirchnerismo a un proyecto de ley en el Senado; justific\u00f3 la medida en la necesidad de avanzar con la \u201cdesinflaci\u00f3n\u201d y \u201cliberar las restricciones cambiarias\u201d<\/em><\/strong><\/p>\n\n\n<div class=\"wp-block-image\">\n<figure class=\"aligncenter size-full is-resized\"><img decoding=\"async\" loading=\"lazy\" src=\"https:\/\/notinor.com\/jujuy\/wp-content\/uploads\/2025\/03\/MILEI-1.jpg\" alt=\"\" class=\"wp-image-424147\" width=\"745\" height=\"484\" srcset=\"https:\/\/notinor.com\/jujuy\/wp-content\/uploads\/2025\/03\/MILEI-1.jpg 653w, https:\/\/notinor.com\/jujuy\/wp-content\/uploads\/2025\/03\/MILEI-1-562x365.jpg 562w\" sizes=\"(max-width: 745px) 100vw, 745px\" \/><figcaption class=\"wp-element-caption\">Milei y Georgieva en la sede del FMI<\/figcaption><\/figure><\/div>\n\n\n<p>El Gobierno anunci\u00f3 este jueves por la tarde que \u201cdictar\u00e1 y remitir\u00e1 al Congreso nacional\u201d un&nbsp;<strong>decreto de necesidad y urgencia&nbsp;<\/strong>(DNU) para sellar el acuerdo con el&nbsp;<strong>Fondo Monetario Internacional<\/strong>&nbsp;(FMI) y buscar posteriormente el apoyo de las c\u00e1maras de Diputados y Senadores. La administraci\u00f3n del presidente&nbsp;<strong>Javier Milei&nbsp;<\/strong>dijo que aspira a conseguir un \u201ccompromiso urgente\u201d del Parlamento.<\/p>\n\n\n\n<p>La v\u00eda del decreto hab\u00eda sido anticipada por&nbsp;<strong>LA NACION<\/strong>&nbsp;esta misma jornada. \u201cDicho acuerdo implicar\u00e1 una operaci\u00f3n de cr\u00e9dito p\u00fablico mediante la cual el Tesoro Nacional cancelar\u00e1 deuda existente con el Banco Central\u201d, inform\u00f3 la&nbsp;<strong>Oficina del Presidente<\/strong>. Mientras que el presidente de la C\u00e1mara de Diputados,&nbsp;<strong>Mart\u00edn Menem<\/strong>, anticip\u00f3 que el oficialismo buscar\u00e1 que el DNU sea ratificado por los recintos de ambas c\u00e1maras.<\/p>\n\n\n\n<p>\u201c<strong>El resultante neto de esta operaci\u00f3n implicar\u00e1 una reducci\u00f3n del total de la deuda p\u00fablica<\/strong>\u201d, sostuvo el Gobierno en el comunicado oficial. El propio Milei hab\u00eda afirmado ante la\u00a0<strong>Asamblea Legislativa<\/strong>, el 1 de marzo: \u201cDada la importancia estrat\u00e9gica que tiene este acuerdo para la Argentina, quiero anunciarles que en los pr\u00f3ximos d\u00edas le pedir\u00e9 al Congreso que apoye al Gobierno en este nuevo acuerdo con el Fondo Monetario\u201d.<\/p>\n\n\n\n<p><strong>En la Casa Rosada entienden que la v\u00eda del decreto evitar\u00e1 un bloqueo de la oposici\u00f3n legislativa<\/strong>. De acuerdo a la reglamentaci\u00f3n vigente se requiere el rechazo expl\u00edcito de ambas c\u00e1maras del Congreso para que un DNU deje de tener vigencia. Ya en enero, cuando corri\u00f3 el rumor de que el Gobierno <strong>evaluaba no enviar<\/strong> el acuerdo con el FMI al parlamento, distintas voces opositoras se alzaron para criticarlo.<\/p>\n\n\n\n<p>La\u00a0<strong>comisi\u00f3n<\/strong>\u00a0encargada de analizar los DNU es\u00a0<strong>bicameral<\/strong>\u00a0y se denomina de\u00a0<strong>Tr\u00e1mite Legislativo<\/strong>. Est\u00e1 presidida por el senador libertario\u00a0<strong>Juan Carlos Pagoto<\/strong>. Una vez publicado el decreto, el Gobierno tendr\u00e1 diez d\u00edas para remitirlo al Congreso y la comisi\u00f3n otros tantos para tratarlo.\u00a0<strong>En caso de que no haya dictamen cumplido ese plazo, quedar\u00eda abierto el debate en los recintos<\/strong>\u00a0de Diputados y el Senado.<\/p>\n\n\n\n<p>\u201cEste acuerdo permitir\u00e1 fortalecer el balance del Banco Central, hito esencial para consolidar la estabilidad monetaria, financiera y macroecon\u00f3mica y continuar con el proceso de\u00a0<strong>desinflaci\u00f3n<\/strong>\u00a0y de\u00a0<strong>liberaci\u00f3n de las restricciones cambiarias<\/strong>\u201d, indic\u00f3 la administraci\u00f3n libertaria. \u201cNo existe asunto m\u00e1s necesario y urgente que terminar con la inflaci\u00f3n que durante a\u00f1os le arruin\u00f3 la vida a los argentinos. Por ello el Presidente de la Naci\u00f3n aspira a obtener un\u00a0<strong>compromiso urgente de parte del Congreso<\/strong>, tal como ocurri\u00f3 con todos los gobiernos anteriores\u201d, agreg\u00f3 el comunicado oficial.<\/p>\n\n\n\n<p><strong>Antes del comunicado<\/strong><\/p>\n\n\n\n<p>Est\u00e1 pr\u00e1cticamente cerrado, coincidieron este jueves m\u00e1s temprano en la Casa Rosada y el Ministerio de Econom\u00eda, cuando la consulta giraba alrededor del\u00a0<strong>\u201cinminente\u201d y necesario acuerdo<\/strong>\u00a0del gobierno con el\u00a0<strong>FMI<\/strong>. Negociaciones que para el organismo contin\u00faan \u201cde manera constructiva\u201d, seg\u00fan expres\u00f3\u00a0la directora de Comunicaciones del Fondo,\u00a0<strong>Julie Kozack<\/strong>.<\/p>\n\n\n\n<p>M\u00e1s all\u00e1 de las buenas intenciones que verbalizan desde ambas partes, el acuerdo deber\u00e1 pasar \u2013en virtud de la ley de restauraci\u00f3n de la sostenibilidad de la deuda p\u00fablica impulsada durante el gobierno de&nbsp;<strong>Alberto Fern\u00e1ndez<\/strong>&nbsp;por el exministro de Econom\u00eda&nbsp;<strong>Mart\u00edn Guzm\u00e1n<\/strong>\u2013 s\u00ed o s\u00ed por el filtro del Congreso. Esa ley se sancion\u00f3 con el objetivo de que no se repitiera un endeudamiento como el que gestion\u00f3 ante el FMI el gobierno de&nbsp;<strong>Mauricio Macri<\/strong>&nbsp;sin aprobaci\u00f3n del Parlamento.<\/p>\n\n\n\n<p>Tras las cr\u00edticas que recibi\u00f3 por el acuerdo con Macri, el FMI se manifest\u00f3 en reiteradas oportunidades en favor de que las negociaciones con la Argentina tengan respaldo del Congreso. Este jueves, Kozack reiter\u00f3 que&nbsp;<strong>\u201cuna fuerte apropiaci\u00f3n y un amplio apoyo son clave para el \u00e9xito del programa\u201d<\/strong>. Con todo, s\u00ed se preocup\u00f3 en remarcar que la decisi\u00f3n de enviar el acuerdo al Congreso era de las autoridades, en l\u00ednea con la ley argentina, y&nbsp;<strong>no un pedido espec\u00edfico del Fondo.<\/strong><\/p>\n\n\n\n<p>Como qued\u00f3 evidenciado m\u00e1s tarde, las fuentes consultadas por LA NACION indicaron que el acuerdo con el FMI no se oficializar\u00eda a trav\u00e9s de un proyecto de ley, que necesitar\u00eda superar ambas c\u00e1maras del Congreso.\u00a0<strong>El Palacio de Hacienda y la Casa Rosada comenzaron a elaborar ayer por la ma\u00f1ana un borrador para aprobar el acuerdo a trav\u00e9s de un DNU<\/strong>, una idea surgida originalmente de un despacho del Ministerio de Econom\u00eda.<\/p>\n\n\n<div class=\"wp-block-image\">\n<figure class=\"aligncenter size-full is-resized\"><img decoding=\"async\" loading=\"lazy\" src=\"https:\/\/notinor.com\/jujuy\/wp-content\/uploads\/2025\/03\/CAPUTO.jpg\" alt=\"\" class=\"wp-image-424148\" width=\"741\" height=\"495\" srcset=\"https:\/\/notinor.com\/jujuy\/wp-content\/uploads\/2025\/03\/CAPUTO.jpg 549w, https:\/\/notinor.com\/jujuy\/wp-content\/uploads\/2025\/03\/CAPUTO-546x365.jpg 546w\" sizes=\"(max-width: 741px) 100vw, 741px\" \/><figcaption class=\"wp-element-caption\">El ministro de Econom\u00eda de la Naci\u00f3n, Luis \"Toto\" Caputo<\/figcaption><\/figure><\/div>\n\n\n<p>\u201cNo vamos a hacer ning\u00fan comentario, ni en on ni en off. Lo que est\u00e1 es lo que dijo el Presidente\u201d, afirmaron a este diario desde el&nbsp;<strong>quinto piso del Palacio de Hacienda<\/strong>. \u00bfQu\u00e9 dijo el Presidente? \u201cQuiero anunciarles que en los pr\u00f3ximos d\u00edas le pedir\u00e9 al Congreso que apoye al Gobierno en este nuevo acuerdo con el Fondo Monetario Internacional. Este nuevo acuerdo nos brindar\u00e1 las herramientas para sanar el camino hacia un esquema cambiario m\u00e1s libre y eficiente para todos\u201d, dijo Milei, el s\u00e1bado, ante un recinto semivac\u00edo, en la C\u00e1mara baja.<\/p>\n\n\n\n<p>Fuentes con acceso al debate interno, que impulsaron con \u00e9xito la salida v\u00eda DNU, afirman que la manera de \u201csortear\u201d el escollo que supone la \u201cley Guzm\u00e1n\u201d es que el acuerdo con el FMI no se trata de un \u201cnuevo endeudamiento\u201d, sino de una \u201crefinanciaci\u00f3n\u201d de deuda existente, en este caso de los \u201cpasivos del Banco Central\u201d que tiene el Tesoro nacional. Algo as\u00ed como\u00a0\u201c<strong>pagar deuda vieja con deuda nueva<\/strong>\u201d, seg\u00fan explica otra fuente oficial, en relaci\u00f3n a rumores que hablan de los cerca de U$S 20.000 millones que llegar\u00edan desde el organismo internacional de cr\u00e9dito. Fue el mismo argumento que utilizaron el a\u00f1o pasado con el DNU que habilit\u00f3 al ministro Caputo a renegociar deuda sin pasar por el Congreso y, lo que es lo mismo, sin atarse a las condiciones de la \u201cley Guzm\u00e1n\u201d.<\/p>\n\n\n\n<p>En su art\u00edculo 2, la ley aprobada a principios de 2021 afirma que \u201ctodo programa de financiamiento u operaci\u00f3n de cr\u00e9dito p\u00fablico realizados con el Fondo Monetario Internacional (FMI), as\u00ed como tambi\u00e9n cualquier ampliaci\u00f3n de los montos de esos programas u operaciones, <strong>requerir\u00e1 de una ley del Honorable Congreso de la Naci\u00f3n que lo apruebe expresamente<\/strong>\u201d. En base a este art\u00edculo, distintos economistas alejados de la postura oficial creen que la v\u00eda del DNU no podr\u00eda aplicarse en este caso, y que hace falta una ley.<\/p>\n\n\n\n<p>De todos modos, un DNU resolver\u00eda la imposibilidad del oficialismo de lograr la aprobaci\u00f3n legislativa, sobre todo en el Senado y con la previsible oposici\u00f3n del bloque kirchnerista que encabeza\u00a0<strong>Jos\u00e9 Mayans<\/strong>\u00a0y responde a la expresidenta\u00a0<strong>Cristina Kirchner<\/strong>. \u201cEn Diputados los votos est\u00e1n\u201d, afirma otra voz oficial. La eventual discusi\u00f3n del DNU en la comisi\u00f3n bicameral encargada de tratarlo reemplazar\u00eda el debate en la comisi\u00f3n de Presupuesto, m\u00e1s all\u00e1 de que su titular en Diputados, el libertario\u00a0<strong>Jos\u00e9 Luis Espert<\/strong>, se mostr\u00f3 dispuesto a tratar el eventual proyecto ni bien ingrese a la C\u00e1mara baja. Pero ahora eso no suceder\u00e1:\u00a0<strong>el Gobierno ir\u00e1 directamente con un DNU<\/strong>.<\/p>\n\n\n\n<figure class=\"wp-block-image\"><img decoding=\"async\" src=\"https:\/\/cdn.jwplayer.com\/v2\/media\/1KwjQ0Ix\/poster.jpg?width=720\" alt=\"Javier Milei: &quot;Lo de Santiago Caputo fue un error y se habl\u00f3&quot; \"\/><figcaption class=\"wp-element-caption\">Javier Milei: \"Lo de Santiago Caputo fue un error y se habl\u00f3\"<\/figcaption><\/figure>\n\n\n\n<p>\u201cNo importa si estoy de acuerdo. Cuando vos vas a jugar un partido de f\u00fatbol, cu\u00e1ntos son\u2026 once, \u00bfPod\u00e9s poner 15, cu\u00e1ntos arqueros pod\u00e9s tener\u2026? 1. Las reglas del juego son las reglas del juego. Yo juego en la cancha que existe\u201d, contest\u00f3 el Presidente el domingo, cuando el periodista<strong>&nbsp;Luis Majul<\/strong>&nbsp;lo consult\u00f3 sobre el env\u00edo del proyecto de acuerdo con el Fondo al Congreso.<\/p>\n\n\n\n<p>Sin distinguir expresamente entre proyecto de ley y DNU (que tambi\u00e9n, t\u00e9cnicamente, es una ley), el Presidente afirm\u00f3 en esa entrevista con&nbsp;<strong>La Naci\u00f3n+<\/strong>: \u201cAhora vamos a estar enviando el programa al Congreso y despu\u00e9s vendr\u00e1 la aprobaci\u00f3n del&nbsp;<em>board&nbsp;<\/em>y una vez que est\u00e9 eso, llegan los fondos\u201d. El formato elegido por el Gobierno, finalmente, fue el de un DNU.<\/p>\n","protected":false},"excerpt":{"rendered":"<p>La Casa Rosada confirm\u00f3 esa modalidad para sortear un eventual bloqueo del kirchnerismo a un proyecto de ley en el Senado; justific\u00f3 la medida en la necesidad de avanzar con la \u201cdesinflaci\u00f3n\u201d y \u201cliberar las restricciones cambiarias\u201d El Gobierno anunci\u00f3 este jueves por la tarde que \u201cdictar\u00e1 y remitir\u00e1 al Congreso nacional\u201d un&nbsp;decreto de necesidad [&hellip;]<\/p>\n","protected":false},"author":5,"featured_media":424147,"comment_status":"open","ping_status":"open","sticky":false,"template":"","format":"standard","meta":{"_stopmodifiedupdate":false,"_modified_date":"","inline_featured_image":false,"spay_email":"","jetpack_publicize_message":""},"categories":[501],"tags":[],"jetpack_featured_media_url":"https:\/\/notinor.com\/jujuy\/wp-content\/uploads\/2025\/03\/MILEI-1.jpg","jetpack_publicize_connections":[],"_links":{"self":[{"href":"https:\/\/notinor.com\/jujuy\/wp-json\/wp\/v2\/posts\/424146"}],"collection":[{"href":"https:\/\/notinor.com\/jujuy\/wp-json\/wp\/v2\/posts"}],"about":[{"href":"https:\/\/notinor.com\/jujuy\/wp-json\/wp\/v2\/types\/post"}],"author":[{"embeddable":true,"href":"https:\/\/notinor.com\/jujuy\/wp-json\/wp\/v2\/users\/5"}],"replies":[{"embeddable":true,"href":"https:\/\/notinor.com\/jujuy\/wp-json\/wp\/v2\/comments?post=424146"}],"version-history":[{"count":1,"href":"https:\/\/notinor.com\/jujuy\/wp-json\/wp\/v2\/posts\/424146\/revisions"}],"predecessor-version":[{"id":424149,"href":"https:\/\/notinor.com\/jujuy\/wp-json\/wp\/v2\/posts\/424146\/revisions\/424149"}],"wp:featuredmedia":[{"embeddable":true,"href":"https:\/\/notinor.com\/jujuy\/wp-json\/wp\/v2\/media\/424147"}],"wp:attachment":[{"href":"https:\/\/notinor.com\/jujuy\/wp-json\/wp\/v2\/media?parent=424146"}],"wp:term":[{"taxonomy":"category","embeddable":true,"href":"https:\/\/notinor.com\/jujuy\/wp-json\/wp\/v2\/categories?post=424146"},{"taxonomy":"post_tag","embeddable":true,"href":"https:\/\/notinor.com\/jujuy\/wp-json\/wp\/v2\/tags?post=424146"}],"curies":[{"name":"wp","href":"https:\/\/api.w.org\/{rel}","templated":true}]}}