{"id":424101,"date":"2025-03-05T21:06:00","date_gmt":"2025-03-06T00:06:00","guid":{"rendered":"https:\/\/notinor.com\/jujuy\/?p=424101"},"modified":"2025-03-05T09:06:33","modified_gmt":"2025-03-05T09:06:33","slug":"con-nuevos-proyectos-educativos-inicio-el-ciclo-lectivo-en-la-escuela-municipal-marina-vilte","status":"publish","type":"post","link":"https:\/\/notinor.com\/jujuy\/con-nuevos-proyectos-educativos-inicio-el-ciclo-lectivo-en-la-escuela-municipal-marina-vilte\/","title":{"rendered":"Con nuevos proyectos educativos inici\u00f3 el ciclo lectivo en la Escuela Municipal Marina Vilte\u00a0"},"content":{"rendered":"\n<p class=\"has-medium-font-size\"><strong><em>El intendente de San Salvador de Jujuy, Ra\u00fal \u201cChuli\u201d Jorge, inaugur\u00f3 el ciclo lectivo 2025 en la Escuela Municipal N\u00b0 1 \u201cMarina Vilte\u201d, acompa\u00f1ado por funcionarios municipales y miembros de la comunidad educativa. Durante el acto, el jefe comunal destac\u00f3 la importancia de fortalecer la educaci\u00f3n p\u00fablica de calidad, reafirmando el compromiso del municipio con la formaci\u00f3n integral de los estudiantes.<\/em><\/strong><\/p>\n\n\n<div class=\"wp-block-image\">\n<figure class=\"aligncenter\"><img decoding=\"async\" src=\"https:\/\/www.sansalvadordejujuy.gob.ar\/wp-content\/uploads\/2025\/03\/Inicio-de-clases-Escuela-Marina-Vilte-Prensa-Muni-Jujuy3.jpg\" alt=\"\" class=\"wp-image-83526\"\/><\/figure><\/div>\n\n\n<p>Tras el izamiento de la Bandera Nacional y la entonaci\u00f3n del himno, el intendente Ra\u00fal \u201cChuli\u201d Jorge resalt\u00f3 la importancia de la Escuela Municipal N\u00b0 1 \u201cMarina Vilte\u201d, afirmando que es una de las principales prioridades de su gesti\u00f3n. \u201cEl municipio tiene un compromiso profundo con esta instituci\u00f3n, fortaleciendo su proyecto educativo y renovando el compromiso de seguir trabajando junto a la comunidad educativa, con el objetivo de garantizar un espacio de aprendizaje adecuado y de calidad para todo el alumnado\u201d, expres\u00f3.<\/p>\n\n\n\n<p>Durante el acto, el intendente municipal entreg\u00f3 un reconocimiento a Abigail Vargas, una talentosa estudiante que represent\u00f3 a la instituci\u00f3n en un concurso internacional de arte en Jap\u00f3n. En la competencia, que cont\u00f3 con m\u00e1s de 2.000 participantes, Abigail logr\u00f3 destacarse al ser seleccionada entre los cinco primeros premios, un logro que enorgullece a toda la comunidad educativa.<\/p>\n\n\n<div class=\"wp-block-image\">\n<figure class=\"aligncenter\"><img decoding=\"async\" src=\"https:\/\/www.sansalvadordejujuy.gob.ar\/wp-content\/uploads\/2025\/03\/Inicio-de-clases-Escuela-Marina-Vilte-Prensa-Muni-Jujuy08-1024x791.jpg\" alt=\"\" class=\"wp-image-83528\"\/><\/figure><\/div>\n\n\n<p>Al respecto, el intendente municipal destac\u00f3: \u201cElla nos obsequi\u00f3 un hermoso regalo como s\u00edmbolo de la paz a trav\u00e9s de su obra pict\u00f3rica, un valor fundamental que se promueve en la escuela. Esta instituci\u00f3n se erige como abanderada de la paz, y en tiempos tan dif\u00edciles como los que vivimos, los principios que aqu\u00ed se ense\u00f1an\u2014tolerancia, compartir y solidaridad\u2014son m\u00e1s necesarios que nunca\u201d.<\/p>\n\n\n<div class=\"wp-block-image\">\n<figure class=\"aligncenter\"><img decoding=\"async\" src=\"https:\/\/www.sansalvadordejujuy.gob.ar\/wp-content\/uploads\/2025\/03\/Inicio-de-clases-Escuela-Marina-Vilte-Prensa-Muni-Jujuy7-1024x708.jpg\" alt=\"\" class=\"wp-image-83529\"\/><\/figure><\/div>\n\n\n<p>Por su parte, el secretario de Desarrollo Humano, Rodrigo Altea, destac\u00f3 la importancia de iniciar un nuevo ciclo lectivo en un servicio educativo que el municipio brinda de manera ininterrumpida desde hace m\u00e1s de 30 a\u00f1os. \u201cNuestra meta es innovar y mejorar a\u00f1o a a\u00f1o para ofrecer una respuesta cada vez m\u00e1s adecuada a este sector de la ciudad, siempre con el acompa\u00f1amiento de los padres, quienes conf\u00edan en esta instituci\u00f3n para el crecimiento y autodesarrollo de sus ni\u00f1os y ni\u00f1as\u201d, expres\u00f3.<\/p>\n\n\n<div class=\"wp-block-image\">\n<figure class=\"aligncenter\"><img decoding=\"async\" src=\"https:\/\/www.sansalvadordejujuy.gob.ar\/wp-content\/uploads\/2025\/03\/Inicio-de-clases-Escuela-Marina-Vilte-Prensa-Muni-Jujuy5-1024x730.jpg\" alt=\"\" class=\"wp-image-83532\"\/><\/figure><\/div>\n\n\n<p>La subsecretaria Daniela Amerise continu\u00f3 resaltando la firme apuesta por la educaci\u00f3n p\u00fablica, enfatizando que el Estado municipal, bajo la gesti\u00f3n del intendente Ra\u00fal Jorge, respalda al 100% a la \u00fanica escuela municipal de la provincia. Asimismo, subray\u00f3 el crecimiento sostenido de la instituci\u00f3n en un sector en constante desarrollo, destacando el compromiso con la educaci\u00f3n de una matr\u00edcula que actualmente cuenta con 400 alumnos en el nivel primario y 440 en el nivel secundario<\/p>\n\n\n<div class=\"wp-block-image\">\n<figure class=\"aligncenter\"><img decoding=\"async\" src=\"https:\/\/www.sansalvadordejujuy.gob.ar\/wp-content\/uploads\/2025\/03\/inicio-de-clases-escuela-marina-vilte-prensa-muni-jujuy41879060785781454121-1024x731.jpg\" alt=\"\" class=\"wp-image-83598\"\/><\/figure><\/div>\n\n\n<p>La directora de Nivel Primario, M\u00f3nica Juste, visiblemente emocionada, expres\u00f3: \u201cLos chicos llegaron con sus delantales nuevos, llenando nuevamente el patio de colores y alegr\u00eda, y los docentes con grandes expectativas para este a\u00f1o. Como cada ciclo lectivo, trabajaremos en \u00e1reas fundamentales como alfabetizaci\u00f3n y Educaci\u00f3n Sexual Integral (ESI). Adem\u00e1s, este a\u00f1o sumamos un nuevo proyecto llamado&nbsp;<em>Nivela +<\/em>, cuyo objetivo es acompa\u00f1ar a los ni\u00f1os que a\u00fan no han alcanzado todos los saberes, brind\u00e1ndoles el apoyo necesario para su desarrollo educativo\u201d.<\/p>\n\n\n\n<h4>Tambi\u00e9n iniciaron las clases en el Nivel Inicial<\/h4>\n\n\n\n<p>Este a\u00f1o, la innovaci\u00f3n ser\u00e1 un eje central en todos los niveles educativos, particularmente en el nivel inicial. En este sentido, se trabajar\u00e1 en la integraci\u00f3n de la educaci\u00f3n formal, representada por el nivel inicial municipal, con la experiencia de los nueve Centros de Desarrollo Infantil distribuidos en la ciudad.<\/p>\n\n\n\n<p>\u201cQueremos volcar en esta escuela los aprendizajes y enfoques que surgen en estos centros, generando una transferencia de conocimientos y metodolog\u00edas para un mejor abordaje de la infancia. Al mismo tiempo, buscamos fortalecer el tr\u00e1nsito de la educaci\u00f3n no formal a la formal, brindando m\u00e1s y mejores herramientas a los ni\u00f1os y ni\u00f1as, pero tambi\u00e9n a sus familias y tutores, con el objetivo de promover una vida m\u00e1s plena para ellos\u201d, expres\u00f3 Rodrigo Altea<\/p>\n\n\n<div class=\"wp-block-image\">\n<figure class=\"aligncenter\"><img decoding=\"async\" src=\"https:\/\/www.sansalvadordejujuy.gob.ar\/wp-content\/uploads\/2025\/03\/Nivel-Iniciapl-prensa-muni-jujuy-1024x831.jpg\" alt=\"\" class=\"wp-image-83580\"\/><\/figure><\/div>\n\n\n<p>En este desaf\u00edo, los equipos de la municipalidad trabajan de manera comprometida, con la directora de Educaci\u00f3n, Erica Garc\u00eda, y Agustina Paoloni como referentes del \u00e1rea. \u201cEs importante que los vecinos sepan qui\u00e9nes somos y que estamos a su disposici\u00f3n. Somos servidores p\u00fablicos y nuestro compromiso es escuchar y generar mejores acciones para la comunidad\u201d, concluyeron.<\/p>\n\n\n\n<p><strong>Nota audiovisual:<\/strong>&nbsp;<a href=\"https:\/\/youtu.be\/q0ae6nYc290\">https:\/\/youtu.be\/q0ae6nYc290<\/a><\/p>\n","protected":false},"excerpt":{"rendered":"<p>El intendente de San Salvador de Jujuy, Ra\u00fal \u201cChuli\u201d Jorge, inaugur\u00f3 el ciclo lectivo 2025 en la Escuela Municipal N\u00b0 1 \u201cMarina Vilte\u201d, acompa\u00f1ado por funcionarios municipales y miembros de la comunidad educativa. Durante el acto, el jefe comunal destac\u00f3 la importancia de fortalecer la educaci\u00f3n p\u00fablica de calidad, reafirmando el compromiso del municipio con [&hellip;]<\/p>\n","protected":false},"author":5,"featured_media":424102,"comment_status":"open","ping_status":"open","sticky":false,"template":"","format":"standard","meta":{"_stopmodifiedupdate":false,"_modified_date":"","inline_featured_image":false,"spay_email":"","jetpack_publicize_message":""},"categories":[13],"tags":[],"jetpack_featured_media_url":"https:\/\/notinor.com\/jujuy\/wp-content\/uploads\/2025\/03\/clases.jpg","jetpack_publicize_connections":[],"_links":{"self":[{"href":"https:\/\/notinor.com\/jujuy\/wp-json\/wp\/v2\/posts\/424101"}],"collection":[{"href":"https:\/\/notinor.com\/jujuy\/wp-json\/wp\/v2\/posts"}],"about":[{"href":"https:\/\/notinor.com\/jujuy\/wp-json\/wp\/v2\/types\/post"}],"author":[{"embeddable":true,"href":"https:\/\/notinor.com\/jujuy\/wp-json\/wp\/v2\/users\/5"}],"replies":[{"embeddable":true,"href":"https:\/\/notinor.com\/jujuy\/wp-json\/wp\/v2\/comments?post=424101"}],"version-history":[{"count":1,"href":"https:\/\/notinor.com\/jujuy\/wp-json\/wp\/v2\/posts\/424101\/revisions"}],"predecessor-version":[{"id":424103,"href":"https:\/\/notinor.com\/jujuy\/wp-json\/wp\/v2\/posts\/424101\/revisions\/424103"}],"wp:featuredmedia":[{"embeddable":true,"href":"https:\/\/notinor.com\/jujuy\/wp-json\/wp\/v2\/media\/424102"}],"wp:attachment":[{"href":"https:\/\/notinor.com\/jujuy\/wp-json\/wp\/v2\/media?parent=424101"}],"wp:term":[{"taxonomy":"category","embeddable":true,"href":"https:\/\/notinor.com\/jujuy\/wp-json\/wp\/v2\/categories?post=424101"},{"taxonomy":"post_tag","embeddable":true,"href":"https:\/\/notinor.com\/jujuy\/wp-json\/wp\/v2\/tags?post=424101"}],"curies":[{"name":"wp","href":"https:\/\/api.w.org\/{rel}","templated":true}]}}