{"id":424092,"date":"2025-03-05T23:20:27","date_gmt":"2025-03-06T02:20:27","guid":{"rendered":"https:\/\/notinor.com\/jujuy\/?p=424092"},"modified":"2025-03-05T23:20:28","modified_gmt":"2025-03-06T02:20:28","slug":"otro-upd-fatidico-en-jujuy-una-adolescente-termino-con-coma-alcoholico","status":"publish","type":"post","link":"https:\/\/notinor.com\/jujuy\/otro-upd-fatidico-en-jujuy-una-adolescente-termino-con-coma-alcoholico\/","title":{"rendered":"Otro UPD fat\u00eddico en Jujuy: una adolescente termin\u00f3 con coma alcoh\u00f3lico"},"content":{"rendered":"\n<p class=\"has-medium-font-size\"><strong><em>El Same advirti\u00f3 sobre el preocupante consumo de alcohol en menores y las graves consecuencias. El UPD y el carnaval 2025.<\/em><\/strong><\/p>\n\n\n\n<p><\/p>\n\n\n<div class=\"wp-block-image\">\n<figure class=\"aligncenter size-full\"><img decoding=\"async\" loading=\"lazy\" width=\"800\" height=\"450\" src=\"https:\/\/notinor.com\/jujuy\/wp-content\/uploads\/2025\/03\/upd-jujuy.jpg\" alt=\"\" class=\"wp-image-424093\" srcset=\"https:\/\/notinor.com\/jujuy\/wp-content\/uploads\/2025\/03\/upd-jujuy.jpg 800w, https:\/\/notinor.com\/jujuy\/wp-content\/uploads\/2025\/03\/upd-jujuy-649x365.jpg 649w, https:\/\/notinor.com\/jujuy\/wp-content\/uploads\/2025\/03\/upd-jujuy-500x280.jpg 500w, https:\/\/notinor.com\/jujuy\/wp-content\/uploads\/2025\/03\/upd-jujuy-768x432.jpg 768w, https:\/\/notinor.com\/jujuy\/wp-content\/uploads\/2025\/03\/upd-jujuy-750x422.jpg 750w\" sizes=\"(max-width: 800px) 100vw, 800px\" \/><\/figure><\/div>\n\n\n<p><\/p>\n\n\n\n<p><strong>El \u00daltimo Primer D\u00eda (UPD), la tradicional celebraci\u00f3n de los estudiantes del \u00faltimo a\u00f1o del secundario, dej\u00f3 un saldo preocupante en Jujuy. Una adolescente de 17 a\u00f1os termin\u00f3 en terapia intensiva por un coma alcoh\u00f3lico tras los festejos, seg\u00fan inform\u00f3 el titular del Same, Pablo Jure.<\/strong><\/p>\n\n\n\n<p>El Sistema de Asistencia M\u00e9dica de Emergencia (Same) despleg\u00f3 un operativo especial por el UPD y el Carnaval, atendiendo numerosos casos de intoxicaci\u00f3n alcoh\u00f3lica. <strong>\u201cAtendimos tres situaciones complejas en el UPD, entre ellas una femenina de 17 a\u00f1os que termin\u00f3 internada en terapia intensiva con coma alcoh\u00f3lico en el Hospital San Roque\u201d,<\/strong> detall\u00f3 Jure.<\/p>\n\n\n\n<p>El funcionario expres\u00f3 su preocupaci\u00f3n por la falta de control en este tipo de celebraciones y advirti\u00f3 sobre los riesgos del consumo desmedido de alcohol en adolescentes. <strong>\u201cSon situaciones que pueden terminar en tragedia. En este caso, la joven tuvo que ser hospitalizada de urgencia debido a la gravedad del cuadro\u201d, <\/strong>agreg\u00f3.<\/p>\n\n\n\n<p>Jure tambi\u00e9n alert\u00f3 sobre la ausencia de adultos responsables durante los festejos del UPD. <strong>\u201cLos j\u00f3venes salen a celebrar sin ning\u00fan tipo de control y eso genera un escenario de riesgo. En este caso, la intoxicaci\u00f3n alcoh\u00f3lica deriv\u00f3 en un coma, pero en otros podr\u00eda haber consecuencias a\u00fan peores\u201d,<\/strong> enfatiz\u00f3.<\/p>\n\n\n\n<p>El titular del Same indic\u00f3 que no es la primera vez que ocurren este tipo de situaciones en la provincia y llam\u00f3 a la reflexi\u00f3n a las familias y a la comunidad educativa. <strong>\u201cHay mucha irresponsabilidad. Los adolescentes consumen alcohol sin medida y, cuando deben recibir asistencia m\u00e9dica, muchas veces no hay un tutor presente para hacerse cargo\u201d,<\/strong> remarc\u00f3.<\/p>\n\n\n\n<p class=\"has-medium-font-size\"><strong>M<\/strong><strong>\u00e1s de 100 casos en 24 horas<\/strong><\/p>\n\n\n\n<p>Adem\u00e1s del grave caso de la adolescente internada, el Same brind\u00f3 115 asistencias en el marco del Martes de Chaya y el UPD. <strong>\u201cDe ese total, 19 fueron por personas alcoholizadas que protagonizaron siniestros viales en la v\u00eda p\u00fablica y agresiones que provocaron heridas de distinta consideraci\u00f3n. Tambi\u00e9n hubo atenciones por ca\u00eddas producto del alcoholismo\u201d, <\/strong>explic\u00f3 Jure.<\/p>\n\n\n\n<p>El funcionario reiter\u00f3 la necesidad de generar conciencia sobre los peligros del consumo irresponsable de alcohol, especialmente en los j\u00f3venes. <strong>\u201cEs un problema que se repite a\u00f1o tras a\u00f1o y que requiere un abordaje integral para evitar m\u00e1s situaciones de este tipo\u201d,<\/strong> concluy\u00f3.<\/p>\n","protected":false},"excerpt":{"rendered":"<p>El Same advirti\u00f3 sobre el preocupante consumo de alcohol en menores y las graves consecuencias. El UPD y el carnaval 2025. El \u00daltimo Primer D\u00eda (UPD), la tradicional celebraci\u00f3n de los estudiantes del \u00faltimo a\u00f1o del secundario, dej\u00f3 un saldo preocupante en Jujuy. Una adolescente de 17 a\u00f1os termin\u00f3 en terapia intensiva por un coma [&hellip;]<\/p>\n","protected":false},"author":49,"featured_media":424093,"comment_status":"open","ping_status":"open","sticky":false,"template":"","format":"standard","meta":{"_stopmodifiedupdate":false,"_modified_date":"","inline_featured_image":false,"spay_email":"","jetpack_publicize_message":""},"categories":[2,514],"tags":[],"jetpack_featured_media_url":"https:\/\/notinor.com\/jujuy\/wp-content\/uploads\/2025\/03\/upd-jujuy.jpg","jetpack_publicize_connections":[],"_links":{"self":[{"href":"https:\/\/notinor.com\/jujuy\/wp-json\/wp\/v2\/posts\/424092"}],"collection":[{"href":"https:\/\/notinor.com\/jujuy\/wp-json\/wp\/v2\/posts"}],"about":[{"href":"https:\/\/notinor.com\/jujuy\/wp-json\/wp\/v2\/types\/post"}],"author":[{"embeddable":true,"href":"https:\/\/notinor.com\/jujuy\/wp-json\/wp\/v2\/users\/49"}],"replies":[{"embeddable":true,"href":"https:\/\/notinor.com\/jujuy\/wp-json\/wp\/v2\/comments?post=424092"}],"version-history":[{"count":1,"href":"https:\/\/notinor.com\/jujuy\/wp-json\/wp\/v2\/posts\/424092\/revisions"}],"predecessor-version":[{"id":424094,"href":"https:\/\/notinor.com\/jujuy\/wp-json\/wp\/v2\/posts\/424092\/revisions\/424094"}],"wp:featuredmedia":[{"embeddable":true,"href":"https:\/\/notinor.com\/jujuy\/wp-json\/wp\/v2\/media\/424093"}],"wp:attachment":[{"href":"https:\/\/notinor.com\/jujuy\/wp-json\/wp\/v2\/media?parent=424092"}],"wp:term":[{"taxonomy":"category","embeddable":true,"href":"https:\/\/notinor.com\/jujuy\/wp-json\/wp\/v2\/categories?post=424092"},{"taxonomy":"post_tag","embeddable":true,"href":"https:\/\/notinor.com\/jujuy\/wp-json\/wp\/v2\/tags?post=424092"}],"curies":[{"name":"wp","href":"https:\/\/api.w.org\/{rel}","templated":true}]}}