{"id":424089,"date":"2025-03-05T20:20:12","date_gmt":"2025-03-05T23:20:12","guid":{"rendered":"https:\/\/notinor.com\/jujuy\/?p=424089"},"modified":"2025-03-05T20:20:14","modified_gmt":"2025-03-05T23:20:14","slug":"dos-jujenos-perdieron-la-vida-en-un-choque-fatal-entre-un-auto-y-un-colectivo-en-cordoba","status":"publish","type":"post","link":"https:\/\/notinor.com\/jujuy\/dos-jujenos-perdieron-la-vida-en-un-choque-fatal-entre-un-auto-y-un-colectivo-en-cordoba\/","title":{"rendered":"Dos juje\u00f1os perdieron la vida en un choque fatal\u00a0entre un auto y un colectivo en C\u00f3rdoba"},"content":{"rendered":"\n<p class=\"has-medium-font-size\"><strong><em>En el auto que impact\u00f3 contra el colectivo, viajaban cinco juje\u00f1os hacia la provincia de C\u00f3rdoba. Dos hombres perdieron la vida y otras tres personas tienen heridas graves.<\/em><\/strong><\/p>\n\n\n\n<p><\/p>\n\n\n<div class=\"wp-block-image\">\n<figure class=\"aligncenter size-full\"><img decoding=\"async\" loading=\"lazy\" width=\"800\" height=\"450\" src=\"https:\/\/notinor.com\/jujuy\/wp-content\/uploads\/2025\/03\/accidente-cordoba-ruta-9.jpg\" alt=\"\" class=\"wp-image-424090\" srcset=\"https:\/\/notinor.com\/jujuy\/wp-content\/uploads\/2025\/03\/accidente-cordoba-ruta-9.jpg 800w, https:\/\/notinor.com\/jujuy\/wp-content\/uploads\/2025\/03\/accidente-cordoba-ruta-9-649x365.jpg 649w, https:\/\/notinor.com\/jujuy\/wp-content\/uploads\/2025\/03\/accidente-cordoba-ruta-9-500x280.jpg 500w, https:\/\/notinor.com\/jujuy\/wp-content\/uploads\/2025\/03\/accidente-cordoba-ruta-9-768x432.jpg 768w, https:\/\/notinor.com\/jujuy\/wp-content\/uploads\/2025\/03\/accidente-cordoba-ruta-9-750x422.jpg 750w\" sizes=\"(max-width: 800px) 100vw, 800px\" \/><\/figure><\/div>\n\n\n<p><\/p>\n\n\n\n<p><strong>En la madrugada de este mi\u00e9rcoles, antes de las 4 de la madrugada, se produjo un grave siniestro vial en la Ruta Nacional N\u00b09, a la altura del kil\u00f3metro 813, en Simbolar. <\/strong>Seg\u00fan informaron medios locales, un colectivo que viajaba sin pasajeros desde Venado Tuerto con destino a Santiago del Estero, <strong>impact\u00f3 de frente contra un autom\u00f3vil que se dirig\u00eda desde Jujuy hacia la ciudad de C\u00f3rdoba.<\/strong><\/p>\n\n\n\n<p><strong>Como saldo, dos hombres perdieron la vida y otras tres personas se encuentran con heridas graves internados en distintos hospitales de la provincia de C\u00f3rdoba.<\/strong><\/p>\n\n\n\n<p>Tal cual inform\u00f3 Radio Jes\u00fas Mar\u00eda,<strong> el hecho se registr\u00f3 en la madrugada de este mi\u00e9rcoles 5 de marzo, cuando un veh\u00edculo Fiat Cronos, en el que viajaban cinco personas desde la provincia de Jujuy hacia C\u00f3rdoba, colision\u00f3 de frente con un \u00f3mnibus en el kil\u00f3metro 813 de la Ruta Nacional 9, entre las localidades de San Jos\u00e9 de la Dormida y Simbolar.<\/strong><\/p>\n\n\n\n<p><strong>A trav\u00e9s de los primeros datos brindados, en el auto viajaban una mujer y cuatro hombres. lamentablemente, dos de los ocupantes, ambos de sexo masculino, fallecieron en el lugar. <\/strong>Mientras que los otros tres pasajeros resultaron con heridas de gravedad y fueron trasladados de urgencia a distintos centros de salud de C\u00f3rdoba.<\/p>\n\n\n\n<p>Por otro lado, en el colectivo viajaban tres personas, incluyendo el conductor, quien sufri\u00f3 heridas leves y fue trasladado inicialmente al hospital de San Jos\u00e9 de La Dormida, y posteriormente derivado al Hospital Vicente Ag\u00fcero. Los otros dos ocupantes tambi\u00e9n presentaron lesiones menores y fueron atendidos en La Dormida.<\/p>\n\n\n\n<p class=\"has-medium-font-size\"><strong>Parte m\u00e9dico de los tres juje\u00f1os que sobrevivieron<\/strong><\/p>\n\n\n\n<p>Seg\u00fan el parte m\u00e9dico, brindado por el doctor Javier D\u00edaz, Director del Hospital Vicente Ag\u00fcero, los otros tres juje\u00f1os que viajaban en el autom\u00f3vil presentan los siguientes diagn\u00f3sticos:<\/p>\n\n\n\n<p><strong>Un hombre presenta traumatismo craneoencef\u00e1lico y tor\u00e1cico, m\u00faltiples fracturas costales y en estado de inconsciencia. Tras ser estabilizado, fue derivado a C\u00f3rdoba. Otro de los hombres fue diagnosticado con fractura de cr\u00e1neo y traumatismos severos. Se le realiz\u00f3 una tomograf\u00eda y fue trasladado al Hospital de Urgencias para ser evaluado por neurocirug\u00eda.<\/strong><\/p>\n\n\n\n<p><strong>Asimismo, una mujer de 33 a\u00f1os tiene fractura de ambos f\u00e9mures y un traumatismo abdominal con posible ruptura de bazo. Tras salir del tom\u00f3grafo, ingres\u00f3 a quir\u00f3fano para ser operada de urgencia.<\/strong><\/p>\n\n\n\n<p>Las causas del accidente a\u00fan son materia de investigaci\u00f3n, seg\u00fan lo coment\u00f3 el Comisario Mayor, Marcelo Varela, de la Departamental Totoral de Polic\u00eda.<\/p>\n","protected":false},"excerpt":{"rendered":"<p>En el auto que impact\u00f3 contra el colectivo, viajaban cinco juje\u00f1os hacia la provincia de C\u00f3rdoba. Dos hombres perdieron la vida y otras tres personas tienen heridas graves. En la madrugada de este mi\u00e9rcoles, antes de las 4 de la madrugada, se produjo un grave siniestro vial en la Ruta Nacional N\u00b09, a la altura [&hellip;]<\/p>\n","protected":false},"author":49,"featured_media":424090,"comment_status":"open","ping_status":"open","sticky":false,"template":"","format":"standard","meta":{"_stopmodifiedupdate":false,"_modified_date":"","inline_featured_image":false,"spay_email":"","jetpack_publicize_message":""},"categories":[2,5,3],"tags":[],"jetpack_featured_media_url":"https:\/\/notinor.com\/jujuy\/wp-content\/uploads\/2025\/03\/accidente-cordoba-ruta-9.jpg","jetpack_publicize_connections":[],"_links":{"self":[{"href":"https:\/\/notinor.com\/jujuy\/wp-json\/wp\/v2\/posts\/424089"}],"collection":[{"href":"https:\/\/notinor.com\/jujuy\/wp-json\/wp\/v2\/posts"}],"about":[{"href":"https:\/\/notinor.com\/jujuy\/wp-json\/wp\/v2\/types\/post"}],"author":[{"embeddable":true,"href":"https:\/\/notinor.com\/jujuy\/wp-json\/wp\/v2\/users\/49"}],"replies":[{"embeddable":true,"href":"https:\/\/notinor.com\/jujuy\/wp-json\/wp\/v2\/comments?post=424089"}],"version-history":[{"count":1,"href":"https:\/\/notinor.com\/jujuy\/wp-json\/wp\/v2\/posts\/424089\/revisions"}],"predecessor-version":[{"id":424091,"href":"https:\/\/notinor.com\/jujuy\/wp-json\/wp\/v2\/posts\/424089\/revisions\/424091"}],"wp:featuredmedia":[{"embeddable":true,"href":"https:\/\/notinor.com\/jujuy\/wp-json\/wp\/v2\/media\/424090"}],"wp:attachment":[{"href":"https:\/\/notinor.com\/jujuy\/wp-json\/wp\/v2\/media?parent=424089"}],"wp:term":[{"taxonomy":"category","embeddable":true,"href":"https:\/\/notinor.com\/jujuy\/wp-json\/wp\/v2\/categories?post=424089"},{"taxonomy":"post_tag","embeddable":true,"href":"https:\/\/notinor.com\/jujuy\/wp-json\/wp\/v2\/tags?post=424089"}],"curies":[{"name":"wp","href":"https:\/\/api.w.org\/{rel}","templated":true}]}}