{"id":424086,"date":"2025-03-05T18:53:23","date_gmt":"2025-03-05T21:53:23","guid":{"rendered":"https:\/\/notinor.com\/jujuy\/?p=424086"},"modified":"2025-03-05T18:53:25","modified_gmt":"2025-03-05T21:53:25","slug":"el-gobierno-minimiza-la-denuncia-de-manes-contra-caputo-creen-que-no-pasara-la-etapa-de-instruccion","status":"publish","type":"post","link":"https:\/\/notinor.com\/jujuy\/el-gobierno-minimiza-la-denuncia-de-manes-contra-caputo-creen-que-no-pasara-la-etapa-de-instruccion\/","title":{"rendered":"El Gobierno minimiza la denuncia de Manes contra Caputo: creen que no pasar\u00e1 la etapa de instrucci\u00f3n"},"content":{"rendered":"\n<p class=\"has-medium-font-size\"><strong><em>Tras los rumores de incomodidad de Karina Milei -que tambi\u00e9n fue denunciada por el caso $LIBRA-, en la Casa Rosada buscaron blindar al asesor tras su pol\u00e9mica intervenci\u00f3n en la Asamblea Legislativa.<\/em><\/strong><\/p>\n\n\n\n<p><\/p>\n\n\n<div class=\"wp-block-image\">\n<figure class=\"aligncenter size-full\"><img decoding=\"async\" loading=\"lazy\" width=\"800\" height=\"450\" src=\"https:\/\/notinor.com\/jujuy\/wp-content\/uploads\/2025\/03\/santiago-caputo.jpg\" alt=\"\" class=\"wp-image-424087\" srcset=\"https:\/\/notinor.com\/jujuy\/wp-content\/uploads\/2025\/03\/santiago-caputo.jpg 800w, https:\/\/notinor.com\/jujuy\/wp-content\/uploads\/2025\/03\/santiago-caputo-649x365.jpg 649w, https:\/\/notinor.com\/jujuy\/wp-content\/uploads\/2025\/03\/santiago-caputo-500x280.jpg 500w, https:\/\/notinor.com\/jujuy\/wp-content\/uploads\/2025\/03\/santiago-caputo-768x432.jpg 768w, https:\/\/notinor.com\/jujuy\/wp-content\/uploads\/2025\/03\/santiago-caputo-750x422.jpg 750w\" sizes=\"(max-width: 800px) 100vw, 800px\" \/><\/figure><\/div>\n\n\n<p><\/p>\n\n\n\n<p><strong>Despu\u00e9s de un fin de semana pol\u00edtico agitado por el pol\u00e9mico abordaje en modo de reprimenda y amenaza de Santiago Caputo contra el diputado radical Facundo Manes en la Asamblea Legislativa, el Gobierno, por ahora, no designar\u00e1 un abogado para defenderlo.<\/strong> Al contrario, en la Casa Rosada minimizaron la denuncia y cerraron filas para blindar al asesor.<\/p>\n\n\n\n<p><strong>Santiago Caputo no estaba esta ma\u00f1ana en la Casa Rosada, por motivos personales. Tampoco Karina Milei, la secretaria general que fue denunciada por el caso $LIBRA acusada de posible cohecho y tr\u00e1fico de influencias, que a\u00fan no regres\u00f3 del viaje que hizo a Canad\u00e1 para atraer inversiones mineras.<\/strong> El Presidente, en tanto, se encontraba en Olivos como en los \u00faltimos d\u00edas.<\/p>\n\n\n\n<p>En la c\u00fapula libertaria le restaron relevancia a la jugada de Manes. Por ahora no designar\u00e1n un abogado para defender al consultor. <strong>Y, con iron\u00eda, dijeron que si fuera por Santiago Caputo, \u201cse autorrepresentar\u00eda\u201d ante la Justicia. \u201cLamentablemente no va a poder, no creemos que pase siquiera la etapa de instrucci\u00f3n\u201d, dijeron, con aires sobradores.<\/strong><\/p>\n\n\n\n<p>Esa fue la reacci\u00f3n luego de que el correligionario, m\u00e9dico y fundador de INECO concretara las advertencias que hizo en primera persona y a trav\u00e9s de su compa\u00f1ero de bancada, Pablo Juliano, por TV y radio, repetidamente, durante el domingo, y el lunes y el martes no laborables.<\/p>\n\n\n\n<p><strong>En Gobierno dijeron que Manes se merec\u00eda la bravuconada del asesor, porque \u201cse la pas\u00f3 provocando\u201d en el recinto. E incluso, dijeron testigos libertarios, haciendo gestos obscenos, que describieron con detalle.<\/strong> \u201cSantiago estuvo bien, cualquier persona de bien resuelve una agresi\u00f3n as\u00ed de la misma manera\u201d, sostuvo un portavoz.<\/p>\n\n\n\n<p>El ministro de Justicia, Mariano C\u00faneo Libarona, se encarg\u00f3 de dar la voz oficial -a pesar de que Javier Milei se expres\u00f3 en ese sentido en sus retuits con mensajes de otros usuarios-. \u201cLo del diputado Manes recurriendo a la Justicia Federal, que tiene a su cargo entre otras cuestiones importantes juzgar los delitos del crimen organizado, como la trata de personas y el narcotr\u00e1fico, es una nueva demostraci\u00f3n de lo alejados que est\u00e1n de la gente. Los pol\u00edticos tienen que entender que el pa\u00eds destruido que dejaron se encuentra envuelto en una emergencia general que requiere mucha seriedad. Parecer\u00eda que la oposici\u00f3n no est\u00e1 teniendo la madurez que los tiempos que vivimos requieren\u201d, dijo.<\/p>\n\n\n\n<p>Pero en su entorno y en el de Karina Milei se esmeraron en cerrar filas para defenderlo en el primer d\u00eda h\u00e1bil de la corta semana corta de Carnaval.<\/p>\n\n\n\n<p><strong>\u201cEs un cag\u00f3n (sic)\u201d, dijeron en Balcarce 50, poco despu\u00e9s de que el referente de la UCR en la C\u00e1mara baja, cr\u00edtico del Gobierno, presentara su mentada denuncia ante la Justicia contra el asesor.<\/strong><\/p>\n\n\n\n<p>En off, sumaron como argumento la supuesta falta de impacto en la econom\u00eda: <strong>\u201cEntendemos que a los medios les rinda en el rating y les resulte atractivo, pero los mercados no le prestan atenci\u00f3n a estas cosas\u201d, <\/strong>sostuvo un funcionario.<\/p>\n\n\n\n<p>M\u00e1s temprano, el vocero presidencial, Manuel Adorni, hab\u00eda dicho a viva voz en su conferencia de prensa de los martes: <strong>\"Es lamentable que se utilice un recurso judicial para incentivar el show que vino a proponer el diputado kirchnerista Facundo Manes, porque de hecho \u00e9l agrede\", <\/strong>sostuvo.<\/p>\n\n\n\n<p><strong>Mientras tanto, lleg\u00f3 a los tribunales y se hizo p\u00fablica otra presentaci\u00f3n judicial contra el Gobierno. Esta vez, en contra de Karina Milei, la tercera integrante del tri\u00e1ngulo de Hierro, a instancias de los diputados M\u00f3nica Frade y Maximiliano Ferraro. Fue \u201cpor la posible comisi\u00f3n de delito de cohecho, tr\u00e1fico de influencias y por infringir la Ley de \u00c9tica P\u00fablica\u201d. <\/strong>La reacci\u00f3n en la Casa de Gobierno fue, literalmente, de risa. Tambi\u00e9n minimizaron la entidad de Ferraro, referente de la \u00f3rbita de Elisa Carri\u00f3.<\/p>\n\n\n\n<p>En el primer d\u00eda h\u00e1bil despu\u00e9s de un fin de semana largo y at\u00edpico, Karina Milei a\u00fan no regres\u00f3 a la Casa Rosada tras su viaje a Canad\u00e1. Regresar\u00e1 ma\u00f1ana al Palacio de Gobierno.<\/p>\n","protected":false},"excerpt":{"rendered":"<p>Tras los rumores de incomodidad de Karina Milei -que tambi\u00e9n fue denunciada por el caso $LIBRA-, en la Casa Rosada buscaron blindar al asesor tras su pol\u00e9mica intervenci\u00f3n en la Asamblea Legislativa. Despu\u00e9s de un fin de semana pol\u00edtico agitado por el pol\u00e9mico abordaje en modo de reprimenda y amenaza de Santiago Caputo contra el [&hellip;]<\/p>\n","protected":false},"author":49,"featured_media":424087,"comment_status":"open","ping_status":"open","sticky":false,"template":"","format":"standard","meta":{"_stopmodifiedupdate":false,"_modified_date":"","inline_featured_image":false,"spay_email":"","jetpack_publicize_message":""},"categories":[2,501],"tags":[],"jetpack_featured_media_url":"https:\/\/notinor.com\/jujuy\/wp-content\/uploads\/2025\/03\/santiago-caputo.jpg","jetpack_publicize_connections":[],"_links":{"self":[{"href":"https:\/\/notinor.com\/jujuy\/wp-json\/wp\/v2\/posts\/424086"}],"collection":[{"href":"https:\/\/notinor.com\/jujuy\/wp-json\/wp\/v2\/posts"}],"about":[{"href":"https:\/\/notinor.com\/jujuy\/wp-json\/wp\/v2\/types\/post"}],"author":[{"embeddable":true,"href":"https:\/\/notinor.com\/jujuy\/wp-json\/wp\/v2\/users\/49"}],"replies":[{"embeddable":true,"href":"https:\/\/notinor.com\/jujuy\/wp-json\/wp\/v2\/comments?post=424086"}],"version-history":[{"count":1,"href":"https:\/\/notinor.com\/jujuy\/wp-json\/wp\/v2\/posts\/424086\/revisions"}],"predecessor-version":[{"id":424088,"href":"https:\/\/notinor.com\/jujuy\/wp-json\/wp\/v2\/posts\/424086\/revisions\/424088"}],"wp:featuredmedia":[{"embeddable":true,"href":"https:\/\/notinor.com\/jujuy\/wp-json\/wp\/v2\/media\/424087"}],"wp:attachment":[{"href":"https:\/\/notinor.com\/jujuy\/wp-json\/wp\/v2\/media?parent=424086"}],"wp:term":[{"taxonomy":"category","embeddable":true,"href":"https:\/\/notinor.com\/jujuy\/wp-json\/wp\/v2\/categories?post=424086"},{"taxonomy":"post_tag","embeddable":true,"href":"https:\/\/notinor.com\/jujuy\/wp-json\/wp\/v2\/tags?post=424086"}],"curies":[{"name":"wp","href":"https:\/\/api.w.org\/{rel}","templated":true}]}}