{"id":423986,"date":"2025-03-03T20:36:35","date_gmt":"2025-03-03T23:36:35","guid":{"rendered":"https:\/\/notinor.com\/jujuy\/?p=423986"},"modified":"2025-03-03T20:36:36","modified_gmt":"2025-03-03T23:36:36","slug":"falcioni-el-principal-candidato-a-reemplazar-a-dominguez-tengo-ganas-de-dirigir-a-velez","status":"publish","type":"post","link":"https:\/\/notinor.com\/jujuy\/falcioni-el-principal-candidato-a-reemplazar-a-dominguez-tengo-ganas-de-dirigir-a-velez\/","title":{"rendered":"Falcioni, el principal candidato a reemplazar a Dom\u00ednguez: \"Tengo ganas de dirigir a V\u00e9lez\""},"content":{"rendered":"\n<p class=\"has-medium-font-size\"><strong><em>Ante la salida del entrenador, el Fort\u00edn inici\u00f3 la b\u00fasqueda de su sucesor y el Emperador tomo fuerza, en lo que ser\u00eda su segundo ciclo como DT del club de sus amores.<\/em><\/strong><\/p>\n\n\n\n<p><\/p>\n\n\n<div class=\"wp-block-image\">\n<figure class=\"aligncenter size-full\"><img decoding=\"async\" loading=\"lazy\" width=\"800\" height=\"450\" src=\"https:\/\/notinor.com\/jujuy\/wp-content\/uploads\/2025\/03\/julio-falcioni.jpg\" alt=\"\" class=\"wp-image-423987\" srcset=\"https:\/\/notinor.com\/jujuy\/wp-content\/uploads\/2025\/03\/julio-falcioni.jpg 800w, https:\/\/notinor.com\/jujuy\/wp-content\/uploads\/2025\/03\/julio-falcioni-649x365.jpg 649w, https:\/\/notinor.com\/jujuy\/wp-content\/uploads\/2025\/03\/julio-falcioni-500x280.jpg 500w, https:\/\/notinor.com\/jujuy\/wp-content\/uploads\/2025\/03\/julio-falcioni-768x432.jpg 768w, https:\/\/notinor.com\/jujuy\/wp-content\/uploads\/2025\/03\/julio-falcioni-750x422.jpg 750w\" sizes=\"(max-width: 800px) 100vw, 800px\" \/><\/figure><\/div>\n\n\n<p><\/p>\n\n\n\n<p>La derrota de V\u00e9lez ante Hurac\u00e1n por 2-0 en el Estadio Jos\u00e9 Amalfitani por la octava fecha del Torneo Apertura de la Liga Profesional determin\u00f3 el fin de ciclo para Sebasti\u00e1n Dom\u00ednguez al frente del Fort\u00edn, luego de sumar apenas un triunfo, por Copa Argentina ante Midland, adem\u00e1s de dos empates y seis derrotas en el torneo dom\u00e9stico, sin anotar ni un solo gol. R\u00e1pidamente comenz\u00f3 la danza de nombres y ya surgieron dos candidatos a sucederlo, con uno ya descartado.<\/p>\n\n\n\n<p>El director t\u00e9cnico que corre con ventaja es el de Julio C\u00e9sar Falcioni, hist\u00f3rico arquero surgido de las inferiores del conjunto de Liniers, club en el que tambi\u00e9n se inici\u00f3 como entrenador, y que se encuentra sin equipo desde su \u00faltimo paso por Banfield en 2024. En un banco de suplentes, gan\u00f3 el Torneo Apertura 2009 con el Taladro, el Torneo Apertura 2011 (invicto) y la Copa Argentina 2012 con Boca.<\/p>\n\n\n\n<p>El experimentado DT es un confeso fan\u00e1tico del club (se le vio en la Platea Norte gritando los goles como un hincha m\u00e1s durante el triunfo sobre Hurac\u00e1n con el cual se aseguraron la Liga Profesional 2024) y no es secreto que desea asumir el desaf\u00edo, en lo que ser\u00eda su vuelta a la instituci\u00f3n tras \u00a125 a\u00f1os! desde su primer rodeo.<\/p>\n\n\n\n<p>Pese a que Gustavo Otero -su hist\u00f3rico Preparador F\u00edsico- dej\u00f3 su Cuerpo T\u00e9cnico para sumar al de Nicol\u00e1s Diez en Argentinos Juniors, Falcioni cuenta con un equipo de trabajo formado y con Fernando G\u00f3mez -quien trabaj\u00f3 en V\u00e9lez con Omar De Felippe y tambi\u00e9n con el Emperador antes de tomar caminos separados- en su lugar y sin problemas de salud que puedan privarle de la oportunidad de volver al club de sus amores en caso de recibir la propuesta.<\/p>\n\n\n\n<p>El propio Emperador dej\u00f3 en claro en di\u00e1logo con TyC Sports que su deseo es ser el nuevo entrenador de V\u00e9lez y habl\u00f3 de lo mucho que disfrut\u00f3 de compartir con su nieto en la platea la consagraci\u00f3n en la Liga Profesional 2024: \"Mucho mensaje pero nada concreto. \u00bfSi tengo ganas? Por supuesto, ten\u00eda muchas ganas de tomar un buen descanso y estoy listo, con todo el Cuerpo T\u00e9cnico. Hay que ver lo que se abre, ver qu\u00e9 posibilidades existen\".<\/p>\n\n\n\n<p>\"V\u00e9lez es mi casa y fui hincha toda mi vida. Ahora que no estoy trabajando disfruto de estar m\u00e1s cerca y aprovechar que al equipo le iba bien para poder celebrar y estar cerca de la instituci\u00f3n que uno tanto quiere\", explic\u00f3 respecto a sus apariciones como un hincha m\u00e1s en 2024.<\/p>\n\n\n\n<p>\"Este torneo no fui a la cancha y ante los resultados menos todav\u00eda, no me gusta que se especule con mi nombre. No corresponde ir a ver un partido cuando hay una falta de resultado del t\u00e9cnico\", aclar\u00f3 respecto a sus ausencias durante el nuevo curso.<\/p>\n\n\n\n<p>Tambi\u00e9n Falcioni se refiri\u00f3 a la cuota de experiencia que puede aportar en este turbulento momento, empleando como ejemplo a dos entrenadores de gran pasar en el actual Apertura 2025: \"Nadie tiene f\u00f3rmula, s\u00e9 que estos momentos... vos f\u00edjate Miguel Russo en San Lorenzo que puso orden, f\u00edjate Gustavo Costas. Toda gente con mucha m\u00e1s trayectoria, camino recorrido, la experiencia es algo que la ganamos cuando tenemos recorrido d\u00eda a d\u00eda con los jugadores. Es importante tener diferentes experiencia y distintos resultados\".<\/p>\n\n\n\n<p>El otro nombre que surgi\u00f3 como posibilidad pero por detr\u00e1s del Emperador es el de Carlos Tevez, que ya tuvo pasos por Rosario Central en 2022 y por Independiente entre 2023 y 2024. Carlitos, hist\u00f3rico delantero de la Selecci\u00f3n Argentina y Boca, con una extensa trayectoria en Europa en clubes como Manchester United, Manchester City y Juventus, se encuentra sin equipo desde mayo del a\u00f1o pasado, cuando renunci\u00f3 al Rojo por malos resultados luego de un buen arranque, aunque en Liniers no tardaron en bajarle el pulgar, lo que refuerza las chances de Falcioni.<\/p>\n\n\n\n<p>En el mientras tanto, el Fort\u00edn ya se prepara para el encuentro de este viernes ante San Mart\u00edn de San Juan en el estadio Jos\u00e9 Amalfitani bajo la conducci\u00f3n de manera interina de Marcelo Bravo, quien se encuentra al mando de la laureada Reserva del Fort\u00edn y que ya tuvo una experiencia al mando del primer equipo (tambi\u00e9n en un interinato) en 2023 tras el \u00e9xodo de Ricardo Gareca.<\/p>\n\n\n\n<p class=\"has-medium-font-size\"><strong>Dom\u00ednguez se fue de V\u00e9lez<\/strong><\/p>\n\n\n\n<p>La continuidad de Sebasti\u00e1n Dom\u00ednguez ya se hab\u00eda puesto en duda despu\u00e9s de la derrota de V\u00e9lez frente a Godoy Cruz, pero el entrenador mostr\u00f3 fuerzas para seguir y el presidente Fabi\u00e1n Berlanga tambi\u00e9n lo respald\u00f3. En ese momento, Dom\u00ednguez destac\u00f3 el apoyo del p\u00fablico, algo que hoy estuvo lejos de pasar: la gente comenz\u00f3 con el tradicional \"movete, V\u00e9lez, movete\" y fue subiendo la temperatura con los goles de Hurac\u00e1n y las expulsiones.<\/p>\n\n\n\n<p>El \"que se vayan todos\" son\u00f3 fuerte en el Amalfitani, tambi\u00e9n se cant\u00f3 contra la dirigencia y luego del partido, los simpatizantes pidieron que se vaya Dom\u00ednguez ya dentro de las instalaciones del club. Apenas un par de meses pasaron desde la victoria de V\u00e9lez justamente ante Hurac\u00e1n para conseguir el t\u00edtulo en la Liga Profesional. Esa fue, tambi\u00e9n curiosamente, la \u00faltima vez que el Fort\u00edn hizo un gol por el torneo local.<\/p>\n\n\n\n<p>Se fue Quinteros a Gremio, tambi\u00e9n jugadores importantes como Claudio Aquino y Valent\u00edn G\u00f3mez (ahora regres\u00f3 al club al no arreglar la llegada a Udinese en medio del esc\u00e1ndalo con Foster Gillett) y en un abrir y cerrar de ojos, pas\u00f3 de la euforia a este presente que lo encuentra como el peor equipo de la Liga Profesional.<\/p>\n","protected":false},"excerpt":{"rendered":"<p>Ante la salida del entrenador, el Fort\u00edn inici\u00f3 la b\u00fasqueda de su sucesor y el Emperador tomo fuerza, en lo que ser\u00eda su segundo ciclo como DT del club de sus amores. La derrota de V\u00e9lez ante Hurac\u00e1n por 2-0 en el Estadio Jos\u00e9 Amalfitani por la octava fecha del Torneo Apertura de la Liga [&hellip;]<\/p>\n","protected":false},"author":49,"featured_media":423987,"comment_status":"open","ping_status":"open","sticky":false,"template":"","format":"standard","meta":{"_stopmodifiedupdate":false,"_modified_date":"","inline_featured_image":false,"spay_email":"","jetpack_publicize_message":""},"categories":[7],"tags":[],"jetpack_featured_media_url":"https:\/\/notinor.com\/jujuy\/wp-content\/uploads\/2025\/03\/julio-falcioni.jpg","jetpack_publicize_connections":[],"_links":{"self":[{"href":"https:\/\/notinor.com\/jujuy\/wp-json\/wp\/v2\/posts\/423986"}],"collection":[{"href":"https:\/\/notinor.com\/jujuy\/wp-json\/wp\/v2\/posts"}],"about":[{"href":"https:\/\/notinor.com\/jujuy\/wp-json\/wp\/v2\/types\/post"}],"author":[{"embeddable":true,"href":"https:\/\/notinor.com\/jujuy\/wp-json\/wp\/v2\/users\/49"}],"replies":[{"embeddable":true,"href":"https:\/\/notinor.com\/jujuy\/wp-json\/wp\/v2\/comments?post=423986"}],"version-history":[{"count":1,"href":"https:\/\/notinor.com\/jujuy\/wp-json\/wp\/v2\/posts\/423986\/revisions"}],"predecessor-version":[{"id":423988,"href":"https:\/\/notinor.com\/jujuy\/wp-json\/wp\/v2\/posts\/423986\/revisions\/423988"}],"wp:featuredmedia":[{"embeddable":true,"href":"https:\/\/notinor.com\/jujuy\/wp-json\/wp\/v2\/media\/423987"}],"wp:attachment":[{"href":"https:\/\/notinor.com\/jujuy\/wp-json\/wp\/v2\/media?parent=423986"}],"wp:term":[{"taxonomy":"category","embeddable":true,"href":"https:\/\/notinor.com\/jujuy\/wp-json\/wp\/v2\/categories?post=423986"},{"taxonomy":"post_tag","embeddable":true,"href":"https:\/\/notinor.com\/jujuy\/wp-json\/wp\/v2\/tags?post=423986"}],"curies":[{"name":"wp","href":"https:\/\/api.w.org\/{rel}","templated":true}]}}