{"id":423983,"date":"2025-03-03T19:45:56","date_gmt":"2025-03-03T22:45:56","guid":{"rendered":"https:\/\/notinor.com\/jujuy\/?p=423983"},"modified":"2025-03-03T19:45:58","modified_gmt":"2025-03-03T22:45:58","slug":"donald-trump-aseguro-que-esta-abierto-a-firmar-un-acuerdo-de-libre-comercio-con-argentina","status":"publish","type":"post","link":"https:\/\/notinor.com\/jujuy\/donald-trump-aseguro-que-esta-abierto-a-firmar-un-acuerdo-de-libre-comercio-con-argentina\/","title":{"rendered":"Donald Trump asegur\u00f3 que est\u00e1 abierto a firmar un acuerdo de libre comercio con Argentina"},"content":{"rendered":"\n<p class=\"has-medium-font-size\"><strong><em>En declaraciones a la prensa en la Casa Blanca, el presidente de EEUU afirm\u00f3, adem\u00e1s, que Javier Milei es un \u201cgran l\u00edder\u201d.<\/em><\/strong><\/p>\n\n\n\n<p><\/p>\n\n\n<div class=\"wp-block-image\">\n<figure class=\"aligncenter size-full\"><img decoding=\"async\" loading=\"lazy\" width=\"800\" height=\"450\" src=\"https:\/\/notinor.com\/jujuy\/wp-content\/uploads\/2025\/03\/trump-y-milei.jpg\" alt=\"\" class=\"wp-image-423984\" srcset=\"https:\/\/notinor.com\/jujuy\/wp-content\/uploads\/2025\/03\/trump-y-milei.jpg 800w, https:\/\/notinor.com\/jujuy\/wp-content\/uploads\/2025\/03\/trump-y-milei-649x365.jpg 649w, https:\/\/notinor.com\/jujuy\/wp-content\/uploads\/2025\/03\/trump-y-milei-500x280.jpg 500w, https:\/\/notinor.com\/jujuy\/wp-content\/uploads\/2025\/03\/trump-y-milei-768x432.jpg 768w, https:\/\/notinor.com\/jujuy\/wp-content\/uploads\/2025\/03\/trump-y-milei-750x422.jpg 750w\" sizes=\"(max-width: 800px) 100vw, 800px\" \/><\/figure><\/div>\n\n\n<p><\/p>\n\n\n\n<p><strong>El presidente de Estados Unidos, Donald Trump, afirm\u00f3 este lunes que est\u00e1 abierto a firmar un acuerdo de libre comercio con Argentina y asegur\u00f3 que el presidente Javier Milei, es un \u201cgran l\u00edder\u201d.<\/strong><\/p>\n\n\n\n<p><strong>\u201cConsiderar\u00e9 cualquier cosa. Creo que es un gran, un gran, gran l\u00edder. Est\u00e1 haciendo un gran trabajo, un trabajo fant\u00e1stico. Ha rescatado a ese pa\u00eds (Argentina) del olvido. S\u00ed, analizaremos las posibilidades\u201d,<\/strong> dijo Trump en declaraciones a la prensa en la Casa Blanca.<\/p>\n\n\n\n<p>Si bien no dio m\u00e1s detalles, el presidente de EEUU dej\u00f3 la puerta abierta a la propuesta que hab\u00eda realizado el propio Milei en ese pa\u00eds.<\/p>\n\n\n\n<p><strong>\u201cArgentina quiere ser el primer pa\u00eds del mundo en sumarse a este acuerdo de reciprocidad que pide la administraci\u00f3n Trump en materia comercial\u201d,<\/strong> asegur\u00f3 el presidente cuando cerr\u00f3 su presentaci\u00f3n en la Conferencia Pol\u00edtica de Acci\u00f3n Conservadora (CPAC).<\/p>\n\n\n\n<p>Y remat\u00f3: \u201cDe hecho, si no estuvi\u00e9ramos restringidos por el Mercosur, Argentina estar\u00eda trabajando en un nuevo acuerdo de comercio con Estados Unidos\u201d. Horas despu\u00e9s, el mandatario local se reuni\u00f3 con Trump.<\/p>\n\n\n\n<p><strong>La Casa Blanca asegur\u00f3 que durante el encuentro ambos hablaron sobre \u201clas innovadoras reformas econ\u00f3micas del presidente Milei\u201d y que el magnate neoyorquino invit\u00f3 al jefe de Estado argentino a visitar pronto la Casa Blanca.<\/strong> Ambos mandatarios han expresado en p\u00fablico varias veces su afinidad el uno por el otro y sus pol\u00edticas de corte populista.<\/p>\n\n\n\n<p>El propio Milei dijo que Argentina se sumar\u00e1 tambi\u00e9n a la pol\u00edtica de aranceles rec\u00edprocos que ha propuesto Trump y cuya futura aplicaci\u00f3n est\u00e1 ahora mismo en fase de estudio.<\/p>\n\n\n\n<p class=\"has-medium-font-size\"><strong>Asamblea Legislativa<\/strong><\/p>\n\n\n\n<p><strong>El s\u00e1bado pasado, en la apertura de las sesiones ordinarias del Congreso, cuando habl\u00f3 frente a la Asamblea Legislativa, Milei anticip\u00f3 que estar\u00e1 dispuesto a abandonar el Mercosur para concretar la firma de un acuerdo de libre comercio con los Estados Unidos.<\/strong><\/p>\n\n\n\n<p>All\u00ed volvi\u00f3 a decir que como parte de su pol\u00edtica comercial y exterior buscar\u00e1 empujar un tratado comercial exclusivo con los Estados Unidos, algo que est\u00e1 vedado bajo las condiciones del bloque aduanero regional, que requieren consenso dentro de los pa\u00edses integrantes. <strong>El Gobierno libertario ya se hab\u00eda pronunciado en los \u00faltimos meses a favor de una flexibilizaci\u00f3n del Mercosur, una posici\u00f3n que llevaron Milei y Luis Caputo en diciembre pasado a la cumbre regional en Montevideo.<\/strong><\/p>\n\n\n\n<p>En cadena nacional, el mandatario local dijo que el pa\u00eds deber\u00eda estar dispuesto a flexibilizar su participaci\u00f3n en el Mercosur o incluso abandonarlo con tal de avanzar hacia un tratado de libre comercio con los Estados Unidos. Pero fue m\u00e1s all\u00e1 y cuestion\u00f3 el propio esp\u00edritu del bloque regional, sobre el que asever\u00f3 que \u201csolo ha beneficiado a los industriales brasile\u00f1os en detrimento de la econom\u00eda argentina\u201d.<\/p>\n\n\n\n<p><strong>Tambi\u00e9n en su discurso en la CPAC, Milei apoy\u00f3 la estrategia comercial de Trump para contener a China y cuestion\u00f3 la agenda dom\u00e9stica de Sud\u00e1frica, organizador del G20.<\/strong><\/p>\n\n\n\n<p>Haciendo referencia a los Estados Unidos, Milei se\u00f1al\u00f3: \u201cEsto incluye a los partidos pol\u00edticos tradicionales, que sin importar su color, coinciden en la tesis fundamental que m\u00e1s estado siempre es mejor.<strong> En Argentina ten\u00edamos un sistema pol\u00edtico compuesto por unas 50 sombras de socialismo. En EEUU, exist\u00eda la ilusi\u00f3n de bipartidismo con un partido dem\u00f3crata que marcaba la agenda y un partido republicano incapaz de enfrentarlo hasta la llegada de Donald Trump\u201d.<\/strong><\/p>\n\n\n\n<p>Y agreg\u00f3: \u201cLa tarea que tenemos por delante no es para pol\u00edticos tradicionales que han vivido toda su vida del sistema. Es para gente que no le debe nada a nadie, que no est\u00e1 comprometida por los vicios del sistema y que cree que es m\u00e1s importante el cambio que el poder por el poder mismo\u201d, dijo citando a Trump y a s\u00ed mismo.<\/p>\n\n\n\n<p>En sus declaraciones de hoy, adem\u00e1s, el mandatario de EEUU, confirm\u00f3 que los aranceles del 25% a Canad\u00e1 y M\u00e9xico entrar\u00e1n en vigor ma\u00f1ana martes y que ser\u00e1n rec\u00edprocos a partir del 2 de abril. <strong>\u201cNo queda margen para M\u00e9xico o Canad\u00e1\u201d, dijo el mandatario al ser consultado sobre si ambas naciones podr\u00edan evitar los aranceles alcanzando un acuerdo para frenar los flujos de fentanilo hacia Estados Unidos. Horas antes hab\u00eda anunciado.<\/strong><\/p>\n","protected":false},"excerpt":{"rendered":"<p>En declaraciones a la prensa en la Casa Blanca, el presidente de EEUU afirm\u00f3, adem\u00e1s, que Javier Milei es un \u201cgran l\u00edder\u201d. El presidente de Estados Unidos, Donald Trump, afirm\u00f3 este lunes que est\u00e1 abierto a firmar un acuerdo de libre comercio con Argentina y asegur\u00f3 que el presidente Javier Milei, es un \u201cgran l\u00edder\u201d. [&hellip;]<\/p>\n","protected":false},"author":49,"featured_media":423984,"comment_status":"open","ping_status":"open","sticky":false,"template":"","format":"standard","meta":{"_stopmodifiedupdate":false,"_modified_date":"","inline_featured_image":false,"spay_email":"","jetpack_publicize_message":""},"categories":[2,501],"tags":[],"jetpack_featured_media_url":"https:\/\/notinor.com\/jujuy\/wp-content\/uploads\/2025\/03\/trump-y-milei.jpg","jetpack_publicize_connections":[],"_links":{"self":[{"href":"https:\/\/notinor.com\/jujuy\/wp-json\/wp\/v2\/posts\/423983"}],"collection":[{"href":"https:\/\/notinor.com\/jujuy\/wp-json\/wp\/v2\/posts"}],"about":[{"href":"https:\/\/notinor.com\/jujuy\/wp-json\/wp\/v2\/types\/post"}],"author":[{"embeddable":true,"href":"https:\/\/notinor.com\/jujuy\/wp-json\/wp\/v2\/users\/49"}],"replies":[{"embeddable":true,"href":"https:\/\/notinor.com\/jujuy\/wp-json\/wp\/v2\/comments?post=423983"}],"version-history":[{"count":1,"href":"https:\/\/notinor.com\/jujuy\/wp-json\/wp\/v2\/posts\/423983\/revisions"}],"predecessor-version":[{"id":423985,"href":"https:\/\/notinor.com\/jujuy\/wp-json\/wp\/v2\/posts\/423983\/revisions\/423985"}],"wp:featuredmedia":[{"embeddable":true,"href":"https:\/\/notinor.com\/jujuy\/wp-json\/wp\/v2\/media\/423984"}],"wp:attachment":[{"href":"https:\/\/notinor.com\/jujuy\/wp-json\/wp\/v2\/media?parent=423983"}],"wp:term":[{"taxonomy":"category","embeddable":true,"href":"https:\/\/notinor.com\/jujuy\/wp-json\/wp\/v2\/categories?post=423983"},{"taxonomy":"post_tag","embeddable":true,"href":"https:\/\/notinor.com\/jujuy\/wp-json\/wp\/v2\/tags?post=423983"}],"curies":[{"name":"wp","href":"https:\/\/api.w.org\/{rel}","templated":true}]}}