{"id":423976,"date":"2025-03-03T17:50:04","date_gmt":"2025-03-03T20:50:04","guid":{"rendered":"https:\/\/notinor.com\/jujuy\/?p=423976"},"modified":"2025-03-03T17:50:05","modified_gmt":"2025-03-03T20:50:05","slug":"asistencia-a-directores-para-la-actualizacion-de-datos-en-sistemas-educativos","status":"publish","type":"post","link":"https:\/\/notinor.com\/jujuy\/asistencia-a-directores-para-la-actualizacion-de-datos-en-sistemas-educativos\/","title":{"rendered":"Asistencia a directores para la actualizaci\u00f3n de datos en sistemas educativos"},"content":{"rendered":"\n<p class=\"has-medium-font-size\"><strong><em>El Ministerio de Educaci\u00f3n llev\u00f3 a cabo una jornada de asistencia t\u00e9cnica destinada a directores de instituciones educativas de los distintos niveles.<\/em><\/strong><\/p>\n\n\n\n<p><\/p>\n\n\n<div class=\"wp-block-image\">\n<figure class=\"aligncenter size-full\"><img decoding=\"async\" loading=\"lazy\" width=\"800\" height=\"450\" src=\"https:\/\/notinor.com\/jujuy\/wp-content\/uploads\/2025\/03\/educacion.jpg\" alt=\"\" class=\"wp-image-423977\" srcset=\"https:\/\/notinor.com\/jujuy\/wp-content\/uploads\/2025\/03\/educacion.jpg 800w, https:\/\/notinor.com\/jujuy\/wp-content\/uploads\/2025\/03\/educacion-649x365.jpg 649w, https:\/\/notinor.com\/jujuy\/wp-content\/uploads\/2025\/03\/educacion-500x280.jpg 500w, https:\/\/notinor.com\/jujuy\/wp-content\/uploads\/2025\/03\/educacion-768x432.jpg 768w, https:\/\/notinor.com\/jujuy\/wp-content\/uploads\/2025\/03\/educacion-750x422.jpg 750w\" sizes=\"(max-width: 800px) 100vw, 800px\" \/><\/figure><\/div>\n\n\n<p><\/p>\n\n\n\n<p><strong>La actividad se realiz\u00f3 los d\u00edas jueves 27 y viernes 28 de febrero en el Complejo Ministerial, a cargo de personal de la Direcci\u00f3n de Planeamiento, Informaci\u00f3n y Evaluaci\u00f3n Educativa y la Direcci\u00f3n de Sistemas.<\/strong><\/p>\n\n\n\n<p>El encuentro tuvo como objetivo actualizar los datos personales e institucionales de los directivos en el Sistema de Padr\u00f3n Nacional y SINIDE-SGE, adem\u00e1s de gestionar las altas de usuarios en la plataforma NEXO.<\/p>\n\n\n\n<p><strong>Durante las jornadas, los equipos t\u00e9cnicos brindaron acompa\u00f1amiento y orientaci\u00f3n para garantizar una correcta carga de la informaci\u00f3n, optimizando as\u00ed la gesti\u00f3n administrativa.<\/strong><\/p>\n\n\n\n<p><strong>La directora de Planeamiento, Informaci\u00f3n y Evaluaci\u00f3n Educativa, Gisela Guti\u00e9rrez destac\u00f3 la importancia de esta actualizaci\u00f3n. Explic\u00f3 que se trabaja \u201ccon la actualizaci\u00f3n del Padr\u00f3n Nacional de Docentes, una base fundamental para el relevamiento del personal educativo\". <\/strong>Adem\u00e1s, se\u00f1al\u00f3 que \u201cdurante las jornadas, se registraron nuevos datos tanto de instituciones como de directivos recientemente designados\".<\/p>\n\n\n\n<p>Por su parte, el director de Sistema, Martin Miranda, se refiri\u00f3 a la carga en la plataforma NEXO. <strong>\u201cExplicamos la importancia de administrar correctamente la planta funcional y la n\u00f3mina de cada instituci\u00f3n, aspectos fundamentales para la autogesti\u00f3n escolar\u201d, <\/strong>remarc\u00f3.<\/p>\n\n\n\n<p>Con esta iniciativa, el Ministerio de Educaci\u00f3n reafirma su compromiso con la digitalizaci\u00f3n y modernizaci\u00f3n de los procesos administrativos, promoviendo herramientas que faciliten la labor de los equipos directivos y garanticen una mejor gesti\u00f3n educativa.<\/p>\n","protected":false},"excerpt":{"rendered":"<p>El Ministerio de Educaci\u00f3n llev\u00f3 a cabo una jornada de asistencia t\u00e9cnica destinada a directores de instituciones educativas de los distintos niveles. La actividad se realiz\u00f3 los d\u00edas jueves 27 y viernes 28 de febrero en el Complejo Ministerial, a cargo de personal de la Direcci\u00f3n de Planeamiento, Informaci\u00f3n y Evaluaci\u00f3n Educativa y la Direcci\u00f3n [&hellip;]<\/p>\n","protected":false},"author":49,"featured_media":423977,"comment_status":"open","ping_status":"open","sticky":false,"template":"","format":"standard","meta":{"_stopmodifiedupdate":false,"_modified_date":"","inline_featured_image":false,"spay_email":"","jetpack_publicize_message":""},"categories":[2,514],"tags":[],"jetpack_featured_media_url":"https:\/\/notinor.com\/jujuy\/wp-content\/uploads\/2025\/03\/educacion.jpg","jetpack_publicize_connections":[],"_links":{"self":[{"href":"https:\/\/notinor.com\/jujuy\/wp-json\/wp\/v2\/posts\/423976"}],"collection":[{"href":"https:\/\/notinor.com\/jujuy\/wp-json\/wp\/v2\/posts"}],"about":[{"href":"https:\/\/notinor.com\/jujuy\/wp-json\/wp\/v2\/types\/post"}],"author":[{"embeddable":true,"href":"https:\/\/notinor.com\/jujuy\/wp-json\/wp\/v2\/users\/49"}],"replies":[{"embeddable":true,"href":"https:\/\/notinor.com\/jujuy\/wp-json\/wp\/v2\/comments?post=423976"}],"version-history":[{"count":1,"href":"https:\/\/notinor.com\/jujuy\/wp-json\/wp\/v2\/posts\/423976\/revisions"}],"predecessor-version":[{"id":423978,"href":"https:\/\/notinor.com\/jujuy\/wp-json\/wp\/v2\/posts\/423976\/revisions\/423978"}],"wp:featuredmedia":[{"embeddable":true,"href":"https:\/\/notinor.com\/jujuy\/wp-json\/wp\/v2\/media\/423977"}],"wp:attachment":[{"href":"https:\/\/notinor.com\/jujuy\/wp-json\/wp\/v2\/media?parent=423976"}],"wp:term":[{"taxonomy":"category","embeddable":true,"href":"https:\/\/notinor.com\/jujuy\/wp-json\/wp\/v2\/categories?post=423976"},{"taxonomy":"post_tag","embeddable":true,"href":"https:\/\/notinor.com\/jujuy\/wp-json\/wp\/v2\/tags?post=423976"}],"curies":[{"name":"wp","href":"https:\/\/api.w.org\/{rel}","templated":true}]}}