{"id":423886,"date":"2025-03-02T15:07:07","date_gmt":"2025-03-02T18:07:07","guid":{"rendered":"https:\/\/notinor.com\/jujuy\/?p=423886"},"modified":"2025-03-02T15:25:42","modified_gmt":"2025-03-02T18:25:42","slug":"fuerte-mensaje-de-cristina-kirchner-tras-el-discurso-de-milei-en-el-congreso-sos-muy-negador","status":"publish","type":"post","link":"https:\/\/notinor.com\/jujuy\/fuerte-mensaje-de-cristina-kirchner-tras-el-discurso-de-milei-en-el-congreso-sos-muy-negador\/","title":{"rendered":"Fuerte mensaje de Cristina Kirchner tras el discurso de Milei en el Congreso: \u201cSos muy negador\u201d"},"content":{"rendered":"\n<p class=\"has-medium-font-size\"><strong><em>La expresidenta public\u00f3 un texto en redes sociales en el que cuestion\u00f3 al jefe de Estado e insinu\u00f3 que el mandatario anticip\u00f3 una devaluaci\u00f3n. Resalt\u00f3 que hubo \u201ccalles vac\u00edas y llenas de polic\u00edas\u201d y cuestion\u00f3 los datos econ\u00f3micos.<\/em><\/strong><\/p>\n\n\n<div class=\"wp-block-image\">\n<figure class=\"aligncenter size-large\"><img decoding=\"async\" loading=\"lazy\" width=\"840\" height=\"473\" src=\"https:\/\/notinor.com\/jujuy\/wp-content\/uploads\/2025\/03\/image-4-840x473.png\" alt=\"\" class=\"wp-image-423890\" srcset=\"https:\/\/notinor.com\/jujuy\/wp-content\/uploads\/2025\/03\/image-4-840x473.png 840w, https:\/\/notinor.com\/jujuy\/wp-content\/uploads\/2025\/03\/image-4-649x365.png 649w, https:\/\/notinor.com\/jujuy\/wp-content\/uploads\/2025\/03\/image-4-768x432.png 768w, https:\/\/notinor.com\/jujuy\/wp-content\/uploads\/2025\/03\/image-4-750x422.png 750w, https:\/\/notinor.com\/jujuy\/wp-content\/uploads\/2025\/03\/image-4-1140x641.png 1140w, https:\/\/notinor.com\/jujuy\/wp-content\/uploads\/2025\/03\/image-4.png 1200w\" sizes=\"(max-width: 840px) 100vw, 840px\" \/><\/figure><\/div>\n\n\n<p><\/p>\n\n\n\n<p>Fiel a su costumbre de los \u00faltimos tiempos, la expresidenta\u00a0<strong>Cristina Kirchner\u00a0sali\u00f3 a polemizar con\u00a0Javier Milei\u00a0<\/strong>desde su cuenta de la red social X.\u00a0<strong>\u201cSos muy negador\u201d<\/strong>, le dijo la titular del Partido Justicialista al mandatario, horas despu\u00e9s del\u00a0discurso de apertura del a\u00f1o legislativo en el Congreso.<\/p>\n\n\n\n<p>\u201cLa verdad\u2026 no s\u00e9 qu\u00e9 festejas. PORQUE ESTO NO ES UN LOGRO, ES UN DESASTRE.\u00a0Eso s\u00ed,<strong> ni una palabra sobre la cripto estafa que te tiene como protagonista estelar<\/strong>. Ya te lo dije,\u00a0<strong>SOS MUY NEGADOR<\/strong>\" (SIC), escribi\u00f3 en un pasaje de su extenso tuit Cristina Kirchner, quien consider\u00f3 que tras observar\u00a0<strong>\u201clas calles vac\u00edas y llenas de polic\u00edas, el recinto del Congreso desierto\u201d<\/strong>\u00a0y\u00a0<strong>\u201cel ruido de las cacerolas\u201d<\/strong>\u00a0tuvo la impresi\u00f3n de que \u201cdiste vuelta el reloj de arena\u201d.<\/p>\n\n\n\n<p>Kirchner analiz\u00f3 el discurso de Milei y lo enganch\u00f3 con los \u00faltimos d\u00edas de la gesti\u00f3n presidencial. \u201c<strong>\u00a1Qu\u00e9 semanita<\/strong>!\", ironiz\u00f3 en el arranque de su texto, donde repas\u00f3 que el presidente de la Naci\u00f3n fue tema de tapa de la revista\u00a0<em>Forbes\u00a0<\/em>y el diario\u00a0<em>The New York Times<\/em>, dos de las m\u00e1s prestigiosas publicaciones estadounidenses, y lo acus\u00f3 de\u00a0<strong>\u201cestafador global, rodeado de coimeros locales\u201d<\/strong>.<\/p>\n\n\n\n<p><\/p>\n\n\n<div class=\"wp-block-image\">\n<figure class=\"aligncenter size-large is-resized\"><img decoding=\"async\" loading=\"lazy\" src=\"https:\/\/notinor.com\/jujuy\/wp-content\/uploads\/2025\/03\/image-8-320x480.png\" alt=\"\" class=\"wp-image-423906\" width=\"546\" height=\"819\" srcset=\"https:\/\/notinor.com\/jujuy\/wp-content\/uploads\/2025\/03\/image-8-320x480.png 320w, https:\/\/notinor.com\/jujuy\/wp-content\/uploads\/2025\/03\/image-8-243x365.png 243w, https:\/\/notinor.com\/jujuy\/wp-content\/uploads\/2025\/03\/image-8-768x1152.png 768w, https:\/\/notinor.com\/jujuy\/wp-content\/uploads\/2025\/03\/image-8-1024x1536.png 1024w, https:\/\/notinor.com\/jujuy\/wp-content\/uploads\/2025\/03\/image-8-750x1125.png 750w, https:\/\/notinor.com\/jujuy\/wp-content\/uploads\/2025\/03\/image-8-1140x1710.png 1140w, https:\/\/notinor.com\/jujuy\/wp-content\/uploads\/2025\/03\/image-8.png 1200w\" sizes=\"(max-width: 546px) 100vw, 546px\" \/><\/figure><\/div>\n\n\n<p><a href=\"https:\/\/www.infobae.com\/economia\/2025\/03\/02\/las-principales-frases-economicas-de-milei-en-su-discurso-en-el-congreso-de-la-nacion\/\" target=\"_blank\" rel=\"noreferrer noopener\"><\/a><\/p>\n\n\n\n<p><\/p>\n\n\n\n<p>Kirchner cuestion\u00f3 a Milei y, en su posteo, <strong>lo acus\u00f3 de no haber dicho\u00a0\u201cnada nuevo\u201d\u00a0en el discurso <\/strong>de apertura de las sesiones legislativas 2025, anoche en el Congreso, sino\u00a0<strong>\u201cla misma cantinela de siempre\u201d<\/strong>\u00a0referida a la baja de la inflaci\u00f3n, por lo que observ\u00f3: \u201c<strong>En la calle los precios siguen subiendo y los salarios siguen perdiendo<\/strong> y la gente llega con lo justo o directamente no llega a fin de mes\u201d.<a rel=\"noreferrer noopener\" href=\"https:\/\/www.infobae.com\/economia\/2025\/03\/02\/las-principales-frases-economicas-de-milei-en-su-discurso-en-el-congreso-de-la-nacion\/\" target=\"_blank\"><\/a><\/p>\n\n\n\n<p>En ese sentido, Cristina apunt\u00f3 contra Milei y lo acus\u00f3 de\u00a0<strong>\u201ccrueldad extrema\u201d\u00a0<\/strong>por el\u00a0<strong>\u201cajuste inhumano sobre las personas con discapacidad\u201d<\/strong>.<\/p>\n\n\n\n<p>Seg\u00fan su interpretaci\u00f3n, lo que logr\u00f3 el presidente es \u201c<strong>desequilibrio social: ajustaste a los jubilados, a las provincias, a los universitarios, a la educaci\u00f3n y a la salud p\u00fablica<\/strong>\u201d. <\/p>\n\n\n\n<p>No obstante, la expresidenta dijo que se sorprendi\u00f3 al escuchar al presidente decir que su plan puede sufrir \u201caltos y bajos y momentos de tensi\u00f3n\u201d, por lo que, en otra oraci\u00f3n en la que le escribi\u00f3 directo a Milei, consider\u00f3: \u201c<strong>EN MI BARRIO, Y EN ARGENTINA, A ESO LE DECIMOS DEVALUACI\u00d3N<\/strong>. Sobre todo, cuando la estabilidad est\u00e1 basada \u00fanicamente en tener pisado el tipo de cambio. Como es tu caso\u201d.<\/p>\n\n\n\n<p>\u201cY cuando cerraste el discurso, anunciando que ya ten\u00edas un <strong>NUEVO ACUERDO CON EL FMI<\/strong> que \u2018nos brindar\u00e1 las herramientas para sanar el camino hacia un <strong>ESQUEMA CAMBIARIO M\u00c1S LIBRE Y EFICIENTE<\/strong> para todos nuestros ciudadanos\u2019 \u2026 dije BINGO!!!! Otra vez sopa\", concluy\u00f3 la dirigente peronista quien finaliz\u00f3 con una posdata.<\/p>\n\n\n\n<p>\u201cLa verdad que anoche con las calles vac\u00edas y llenas de polic\u00edas, el recinto del Congreso desierto y el locutor de la cadena nacional, que no pod\u00eda tapar el ruido de las cacerolas, diciendo \u2018se escucha la m\u00fasica de la fanfarria Alto Per\u00fa de Granaderos\u2019 <strong>tuve la impresi\u00f3n de que diste vuelta el reloj de arena<\/strong>\u201d.<\/p>\n\n\n\n<p><\/p>\n\n\n\n<p><a rel=\"noreferrer noopener\" href=\"https:\/\/www.infobae.com\/politica\/2025\/03\/02\/javier-milei-acuso-a-facundo-manes-de-mentiroso-y-aseguro-que-el-diputado-no-fue-agredido-en-el-congreso\/\" target=\"_blank\"><\/a><\/p>\n","protected":false},"excerpt":{"rendered":"<p>La expresidenta public\u00f3 un texto en redes sociales en el que cuestion\u00f3 al jefe de Estado e insinu\u00f3 que el mandatario anticip\u00f3 una devaluaci\u00f3n. Resalt\u00f3 que hubo \u201ccalles vac\u00edas y llenas de polic\u00edas\u201d y cuestion\u00f3 los datos econ\u00f3micos. Fiel a su costumbre de los \u00faltimos tiempos, la expresidenta\u00a0Cristina Kirchner\u00a0sali\u00f3 a polemizar con\u00a0Javier Milei\u00a0desde su cuenta [&hellip;]<\/p>\n","protected":false},"author":51,"featured_media":423890,"comment_status":"open","ping_status":"open","sticky":false,"template":"","format":"standard","meta":{"_stopmodifiedupdate":false,"_modified_date":"","inline_featured_image":false,"spay_email":"","jetpack_publicize_message":""},"categories":[501],"tags":[],"jetpack_featured_media_url":"https:\/\/notinor.com\/jujuy\/wp-content\/uploads\/2025\/03\/image-4.png","jetpack_publicize_connections":[],"_links":{"self":[{"href":"https:\/\/notinor.com\/jujuy\/wp-json\/wp\/v2\/posts\/423886"}],"collection":[{"href":"https:\/\/notinor.com\/jujuy\/wp-json\/wp\/v2\/posts"}],"about":[{"href":"https:\/\/notinor.com\/jujuy\/wp-json\/wp\/v2\/types\/post"}],"author":[{"embeddable":true,"href":"https:\/\/notinor.com\/jujuy\/wp-json\/wp\/v2\/users\/51"}],"replies":[{"embeddable":true,"href":"https:\/\/notinor.com\/jujuy\/wp-json\/wp\/v2\/comments?post=423886"}],"version-history":[{"count":5,"href":"https:\/\/notinor.com\/jujuy\/wp-json\/wp\/v2\/posts\/423886\/revisions"}],"predecessor-version":[{"id":423910,"href":"https:\/\/notinor.com\/jujuy\/wp-json\/wp\/v2\/posts\/423886\/revisions\/423910"}],"wp:featuredmedia":[{"embeddable":true,"href":"https:\/\/notinor.com\/jujuy\/wp-json\/wp\/v2\/media\/423890"}],"wp:attachment":[{"href":"https:\/\/notinor.com\/jujuy\/wp-json\/wp\/v2\/media?parent=423886"}],"wp:term":[{"taxonomy":"category","embeddable":true,"href":"https:\/\/notinor.com\/jujuy\/wp-json\/wp\/v2\/categories?post=423886"},{"taxonomy":"post_tag","embeddable":true,"href":"https:\/\/notinor.com\/jujuy\/wp-json\/wp\/v2\/tags?post=423886"}],"curies":[{"name":"wp","href":"https:\/\/api.w.org\/{rel}","templated":true}]}}