{"id":423839,"date":"2025-02-28T13:52:43","date_gmt":"2025-02-28T16:52:43","guid":{"rendered":"https:\/\/notinor.com\/jujuy\/?p=423839"},"modified":"2025-02-28T13:52:44","modified_gmt":"2025-02-28T16:52:44","slug":"se-incendio-un-supermercado-de-barrio-ciudad-de-nieva-y-pudieron-controlar-el-fuego","status":"publish","type":"post","link":"https:\/\/notinor.com\/jujuy\/se-incendio-un-supermercado-de-barrio-ciudad-de-nieva-y-pudieron-controlar-el-fuego\/","title":{"rendered":"Se incendi\u00f3 un supermercado de barrio Ciudad de Nieva\u00a0y pudieron controlar el fuego"},"content":{"rendered":"\n<p class=\"has-medium-font-size\"><strong><em>El incendio se registr\u00f3 en la ma\u00f1ana de este viernes en el supermercado Comod\u00edn ubicado en barrio Ciudad de Nieva.<\/em><\/strong><\/p>\n\n\n\n<p><\/p>\n\n\n<div class=\"wp-block-image\">\n<figure class=\"aligncenter size-full\"><img decoding=\"async\" loading=\"lazy\" width=\"800\" height=\"450\" src=\"https:\/\/notinor.com\/jujuy\/wp-content\/uploads\/2025\/02\/comodin-incendio.jpg\" alt=\"\" class=\"wp-image-423840\" srcset=\"https:\/\/notinor.com\/jujuy\/wp-content\/uploads\/2025\/02\/comodin-incendio.jpg 800w, https:\/\/notinor.com\/jujuy\/wp-content\/uploads\/2025\/02\/comodin-incendio-649x365.jpg 649w, https:\/\/notinor.com\/jujuy\/wp-content\/uploads\/2025\/02\/comodin-incendio-500x280.jpg 500w, https:\/\/notinor.com\/jujuy\/wp-content\/uploads\/2025\/02\/comodin-incendio-768x432.jpg 768w, https:\/\/notinor.com\/jujuy\/wp-content\/uploads\/2025\/02\/comodin-incendio-750x422.jpg 750w\" sizes=\"(max-width: 800px) 100vw, 800px\" \/><\/figure><\/div>\n\n\n<p><\/p>\n\n\n\n<p><strong>Alrededor de las 11 de la ma\u00f1ana de este viernes 28 de febrero, se produjo un incendio en el supermercado Comod\u00edn ubicado en barrio Ciudad de Nieva.<\/strong> Por el momento se desconocen las causas del fuego. Fue controlado cerca de las 12:20 pero personal de Bomberos seguir\u00e1 trabajando para eliminar cualquier tipo de posibilidad de reactivaci\u00f3n.<\/p>\n\n\n\n<p><strong>El director del SAME, Pablo Jure, indic\u00f3 que el servicio de emergencias \"asisti\u00f3 a 9 personas por intoxicaci\u00f3n con mon\u00f3xido de carbono\";<\/strong> a su vez el personal de salud mental trabaja con las personas que se encontraban en el supermercado y los vecinos de zonas aleda\u00f1as.<\/p>\n\n\n\n<p><\/p>\n\n\n\n<figure class=\"wp-block-video\"><video controls src=\"https:\/\/notinor.com\/jujuy\/wp-content\/uploads\/2025\/02\/comodin-video.mp4\"><\/video><\/figure>\n\n\n\n<p><\/p>\n\n\n\n<p>Seg\u00fan las primeras informaciones que se brindaron del caso, cerca de las 11 de la ma\u00f1ana de este viernes,<strong> vecinos de Ciudad de Nieva empezaron a notar la presencia de humo en el interior de la sucursal del supermercado Comod\u00edn que se encuentra en avenida Carrillo. Minutos m\u00e1s tarde se desat\u00f3 un incendio en el interior de local comercial.<\/strong><\/p>\n\n\n\n<p>Tal cual comunic\u00f3 Sergio Molina, propietario de la cadena de supermercados, desconocen en qu\u00e9 sector se origin\u00f3 el fuego.<\/p>\n\n\n\n<p class=\"has-medium-font-size\"><strong>Controlaron el fuego<\/strong><\/p>\n\n\n\n<p><strong>Cerca de las 12.20 horas, el fuego fue controlado por personal de Bomberos.<\/strong> Si bien el sector sigue siendo resguardado para evitar que los peatones y conductores se acerquen a la zona, el incendio disminuy\u00f3 las llamas y humo.<\/p>\n","protected":false},"excerpt":{"rendered":"<p>El incendio se registr\u00f3 en la ma\u00f1ana de este viernes en el supermercado Comod\u00edn ubicado en barrio Ciudad de Nieva. Alrededor de las 11 de la ma\u00f1ana de este viernes 28 de febrero, se produjo un incendio en el supermercado Comod\u00edn ubicado en barrio Ciudad de Nieva. Por el momento se desconocen las causas del [&hellip;]<\/p>\n","protected":false},"author":49,"featured_media":423840,"comment_status":"open","ping_status":"open","sticky":false,"template":"","format":"standard","meta":{"_stopmodifiedupdate":false,"_modified_date":"","inline_featured_image":false},"categories":[2,514,3],"tags":[],"jetpack_featured_media_url":"https:\/\/notinor.com\/jujuy\/wp-content\/uploads\/2025\/02\/comodin-incendio.jpg","_links":{"self":[{"href":"https:\/\/notinor.com\/jujuy\/wp-json\/wp\/v2\/posts\/423839"}],"collection":[{"href":"https:\/\/notinor.com\/jujuy\/wp-json\/wp\/v2\/posts"}],"about":[{"href":"https:\/\/notinor.com\/jujuy\/wp-json\/wp\/v2\/types\/post"}],"author":[{"embeddable":true,"href":"https:\/\/notinor.com\/jujuy\/wp-json\/wp\/v2\/users\/49"}],"replies":[{"embeddable":true,"href":"https:\/\/notinor.com\/jujuy\/wp-json\/wp\/v2\/comments?post=423839"}],"version-history":[{"count":1,"href":"https:\/\/notinor.com\/jujuy\/wp-json\/wp\/v2\/posts\/423839\/revisions"}],"predecessor-version":[{"id":423842,"href":"https:\/\/notinor.com\/jujuy\/wp-json\/wp\/v2\/posts\/423839\/revisions\/423842"}],"wp:featuredmedia":[{"embeddable":true,"href":"https:\/\/notinor.com\/jujuy\/wp-json\/wp\/v2\/media\/423840"}],"wp:attachment":[{"href":"https:\/\/notinor.com\/jujuy\/wp-json\/wp\/v2\/media?parent=423839"}],"wp:term":[{"taxonomy":"category","embeddable":true,"href":"https:\/\/notinor.com\/jujuy\/wp-json\/wp\/v2\/categories?post=423839"},{"taxonomy":"post_tag","embeddable":true,"href":"https:\/\/notinor.com\/jujuy\/wp-json\/wp\/v2\/tags?post=423839"}],"curies":[{"name":"wp","href":"https:\/\/api.w.org\/{rel}","templated":true}]}}