{"id":423835,"date":"2025-02-28T11:08:32","date_gmt":"2025-02-28T14:08:32","guid":{"rendered":"https:\/\/notinor.com\/jujuy\/?p=423835"},"modified":"2025-02-28T11:08:34","modified_gmt":"2025-02-28T14:08:34","slug":"el-gobierno-redobla-la-presion-para-bajar-la-edad-de-imputabilidad-cuantos-proyectos-hay-y-que-proponen","status":"publish","type":"post","link":"https:\/\/notinor.com\/jujuy\/el-gobierno-redobla-la-presion-para-bajar-la-edad-de-imputabilidad-cuantos-proyectos-hay-y-que-proponen\/","title":{"rendered":"El Gobierno redobla la presi\u00f3n para bajar la edad de imputabilidad: cu\u00e1ntos proyectos hay y qu\u00e9 proponen"},"content":{"rendered":"\n<p>Tras el crimen de la ni\u00f1a de 7 a\u00f1os en La Plata, desde la Casa Rosada reclamaron mayor celeridad al Congreso. La iniciativa presentada el a\u00f1o pasado por Patricia Bullrich y Mariano C\u00faneo Libarona comenz\u00f3 a debatirse en comisi\u00f3n, pero no lleg\u00f3 al recinto. Los textos del resto de la oposici\u00f3n.<\/p>\n\n\n\n<p class=\"has-text-align-center\"><img decoding=\"async\" loading=\"lazy\" height=\"1080\" width=\"1920\" src=\"https:\/\/www.infobae.com\/resizer\/v2\/CIXOUJGNVFDBXF54AJKWEQDPTE.jpg?auth=3ed3aab8a896a3784ca0314a5b80bce649bcb468b630b8fc7a4241cb8d20f9e4&amp;smart=true&amp;width=350&amp;height=197&amp;quality=85\" alt=\"El Gobierno redobla la presi\u00f3n\">El Gobierno redobla la presi\u00f3n para bajar la edad de imputabilidad<\/p>\n\n\n\n<p>Este s\u00e1bado el presidente&nbsp;<strong>Javier Milei<\/strong>&nbsp;abrir\u00e1 el per\u00edodo de&nbsp;<strong>sesiones ordinarias del Congreso<\/strong>&nbsp;y el oficialismo ya dio se\u00f1ales de que una de las&nbsp;<strong>primeras iniciativas&nbsp;<\/strong>que buscar\u00e1 debatir ser\u00e1 la&nbsp;<strong>baja de la edad de imputabilidad.<\/strong><\/p>\n\n\n\n<p>Tras el\u00a0<strong>crimen de Kim G\u00f3mez<\/strong>, la nena de 7 a\u00f1os asesinada en La Plata cuando dos delincuentes menores de edad robaron el auto de su mam\u00e1 con ella adentro, la ministra de Seguridad\u00a0<strong>Patricia Bullrich<\/strong>, el ministro de Justicia\u00a0<strong>Mariano C\u00faneo Libarona<\/strong>\u00a0y otros referentes del oficialismo como el vocero\u00a0<strong>Manuel Adorni\u00a0<\/strong>y el jefe del bloque de diputados\u00a0<strong>Gabriel Bornoroni<\/strong>\u00a0reclamaron que Diputados apruebe con la mayor rapidez el proyecto enviado por la Casa Rosada a mediados del a\u00f1o pasado.<\/p>\n\n\n\n<p>Sin embargo, el texto elaborado por Bullrich y C\u00faneo Libarona no es el \u00fanico con estado parlamentario. Tambi\u00e9n hay<strong>&nbsp;otros doce proyectos con estado parlamentario<\/strong>&nbsp;presentados por miembros de casi todas las bancadas.<\/p>\n\n\n\n<p>El a\u00f1o pasado el tema comenz\u00f3 a debatirse en un&nbsp;<strong>plenario de las comisiones de Legislaci\u00f3n Penal, Justicia, Familia y Presupuesto<\/strong>. Justamente haberle dado giro a tantas comisiones fue uno de los errores estrat\u00e9gicos que cometi\u00f3 el oficialismo y dificult\u00f3 el debate.<\/p>\n\n\n\n<p>Por un lado, complic\u00f3 al Gobierno en la tarea de juntar las firmas para avanzar con el dictamen (especialmente por la comisi\u00f3n de Familia y Ni\u00f1ez donde el oficialismo es minor\u00eda). Por otro lado, cuando la&nbsp;<strong>comisi\u00f3n de Presupuesto&nbsp;<\/strong>se focaliz\u00f3 en el an\u00e1lisis del proyecto de Presupuesto 2025 -que finalmente nunca fue aprobado-&nbsp;<strong>releg\u00f3 el trabajo sobre los proyectos de seguridad.<\/strong><\/p>\n\n\n\n<p>En ese sentido, en el oficialismo creen que ahora la comisi\u00f3n de Presupuesto<strong>&nbsp;tendr\u00e1 menos impedimentos para reunirse<\/strong>&nbsp;y que el debate del nuevo R\u00e9gimen Penal Juvenil ser\u00e1 m\u00e1s r\u00e1pido.<img decoding=\"async\" loading=\"lazy\" alt=\"La publicaci\u00f3n de Gabriel Bornoroni\" height=\"865\" src=\"https:\/\/www.infobae.com\/resizer\/v2\/ULV5METSNJG7PGP6IPPG5H23WM.jpg?auth=7c95f2de8fa54aee5b30d76a7d2dcfe6b717a64e643d2c5a83e620c3a2b8d253&amp;smart=true&amp;width=350&amp;height=156&amp;quality=85\" width=\"1920\">La publicaci\u00f3n de Gabriel Bornoroni<\/p>\n\n\n\n<p>En general, casi todos los proyectos bajo an\u00e1lisis proponen bajar la edad de imputabilidad. Mientras que el Gobierno pretende que sea a los 13 a\u00f1os,<strong>&nbsp;la mayor\u00eda pone el l\u00edmite en 14<\/strong>. Solo los textos de las diputadas de Uni\u00f3n por la Patria Natalia Zaracho y Eugenia Alianiello prev\u00e9 dejar la edad m\u00ednima en 16.<\/p>\n\n\n\n<p>A su vez, en la mayor\u00eda de los textos contempla<strong>&nbsp;sanciones alternativas<\/strong>&nbsp;a la prisi\u00f3n como amonestaciones, servicios comunitarios, prohibici\u00f3n de conducci\u00f3n o acercamiento a determinadas personas y reparaciones a las v\u00edctimas. Adem\u00e1s, casi todos los proyectos fijan una&nbsp;<strong>pena m\u00e1xima&nbsp;<\/strong>diferente a la que se aplica a los adultos. Por ejemplo, para el Gobierno deber\u00eda ser de&nbsp;<strong>20 a\u00f1os,&nbsp;<\/strong>mientras que cerca de la mitad de los textos la fija en&nbsp;<strong>15 a\u00f1os.<\/strong><\/p>\n\n\n\n<p>El proyecto de\u00a0<strong>Patricia Bullrich y C\u00faneo Libarona<\/strong>\u00a0baja la edad de imputabilidad a los\u00a0<strong>13 para todos los delitos<\/strong>. La pena m\u00e1xima de prisi\u00f3n ser\u00e1 de 20 a\u00f1os, pero se contemplan sanciones alternativas como amonestaciones, prohibiciones de contacto o acercamiento, monitoreo electr\u00f3nico y prestaci\u00f3n de servicios a la comunidad. Pero solo se aplicar\u00e1n si los delitos no superan la pena de 6 a\u00f1os, si no hay v\u00edctimas fatales y si no hay registros de procesamientos firmes. Finalmente, como pol\u00edtica de reinserci\u00f3n pone el foco en los programas educativos, de formaci\u00f3n ciudadana y deportivos.<\/p>\n\n\n\n<p class=\"has-text-align-center\"><img decoding=\"async\" loading=\"lazy\" height=\"1281\" width=\"1920\" src=\"https:\/\/www.infobae.com\/resizer\/v2\/KUACWHKZNZC27LP46W7G3CMQVE.jpg?auth=59afa3ad9b0dc5b273c5d5c0f14f015f53d7ee901139798de7fc582dd695b3b9&amp;smart=true&amp;width=350&amp;height=233&amp;quality=85\" alt=\"Familiares de Kim G\u00f3mez reclaman\">Familiares de Kim G\u00f3mez reclaman justicia en La Plata<\/p>\n\n\n\n<p>La iniciativa presentada por el massista&nbsp;<strong>Ramiro Guti\u00e9rrez<\/strong>, de Uni\u00f3n por la Patria, baja la edad de imputabilidad a&nbsp;<strong>14 a\u00f1os<\/strong>&nbsp;solo para los delitos de acci\u00f3n p\u00fablica (quedan excluidos los delitos del \u00e1mbito privado). No fija una pena m\u00e1xima de prisi\u00f3n y estipula que si la pena es menor a 6 a\u00f1os el fiscal puede utilizar el criterio de oportunidad para aplicar penas alternativas como la reparaci\u00f3n a las v\u00edctimas, los servicios comunitarios, la libertad vigilada o el internamiento terap\u00e9utico.<\/p>\n\n\n\n<p>El proyecto de la radical disidente de Democracia para Siempre,&nbsp;<strong>Ana Carla Carrizo<\/strong>, baja la edad de imputabilidad a los<strong>&nbsp;14 a\u00f1os<\/strong>,&nbsp;<strong>s\u00f3lo para delitos cuya pena m\u00e1xima fuera superior a 10 a\u00f1os<\/strong>. Propone que la&nbsp;<strong>pena m\u00e1xima sea de 10 a\u00f1os de prisi\u00f3n<\/strong>&nbsp;y tambi\u00e9n contempla sanciones alternativas como reparaci\u00f3n del da\u00f1o, pedidos de disculpas, tareas comunitarias, prohibici\u00f3n de residencia, tr\u00e1nsito o asistencia a determinados lugares.<\/p>\n\n\n\n<p>El libertario&nbsp;<strong>\u00c1lvaro Mart\u00ednez<\/strong>&nbsp;es el m\u00e1s extremo y fija la&nbsp;<strong>edad m\u00ednima en 12 a\u00f1os<\/strong>&nbsp;para todos los delitos. Fija una&nbsp;<strong>pena m\u00e1xima de 7 a\u00f1os, excepto para delitos graves<\/strong>, con un m\u00e1ximo de 15 a\u00f1os para los menores de 16 a\u00f1os y de 10 a\u00f1os para los menores de entre 12 y 15.<\/p>\n\n\n\n<p>El proyecto del diputado del PRO\u00a0<strong>Mart\u00edn Yeza\u00a0<\/strong>baja la edad de imputabilidad a\u00a0<strong>14 a\u00f1os\u00a0<\/strong>para los delitos de acci\u00f3n p\u00fablica y contempla penas alternativas como reparaciones a las v\u00edctimas, servicios comunitarias, reg\u00edmenes de libertad vigilada o internamiento terap\u00e9utico que podr\u00e1n ser aplicadas por el fiscal si la pena es menor a los 3 a\u00f1os de prisi\u00f3n.<\/p>\n\n\n\n<p class=\"has-text-align-center\"><img decoding=\"async\" loading=\"lazy\" height=\"1080\" width=\"1980\" src=\"https:\/\/www.infobae.com\/resizer\/v2\/PPKV4T2JPFH2HCLIIMFGTNXMBU.jpg?auth=12287a479d033dbef0016b6b3c664ee2515cfb73f1e78ea40fac474f9c42316d&amp;smart=true&amp;width=350&amp;height=197&amp;quality=85\" alt=\"Uno de los j\u00f3venes detenidos\">Uno de los j\u00f3venes detenidos por el crimen de Kim G\u00f3mez. Tiene 17 a\u00f1os<\/p>\n\n\n\n<p>Su compa\u00f1ero de bloque&nbsp;<strong>Diego Santilli&nbsp;<\/strong>tambi\u00e9n present\u00f3 un proyecto propio donde la edad de imputabilidad se fija en&nbsp;<strong>15 a\u00f1os&nbsp;<\/strong>para todos los delitos, excepto los que prevean penas de prisi\u00f3n m\u00e1ximas iguales o inferiores a 2 a\u00f1os. Tambi\u00e9n contempla penas alternativas como reparaciones a las v\u00edctimas, servicios comunitarios, prohibici\u00f3n de residencia o tr\u00e1nsito o de relacionamiento con determinadas personas. Prev\u00e9 una&nbsp;<strong>pena m\u00e1xima de 15 a\u00f1os para homicidios dolosos y abusos sexuales<\/strong>, y de 10 a\u00f1os para el resto de los delitos.<\/p>\n\n\n\n<p>El texto de&nbsp;<strong>Ricardo L\u00f3pez Murphy<\/strong>&nbsp;baja la edad de imputabilidad a los&nbsp;<strong>14 a\u00f1os<\/strong>&nbsp;para todos los delitos con una pena m\u00e1xima de 15 a\u00f1os. Se contemplan penas alternativas como la prohibici\u00f3n de conducci\u00f3n de veh\u00edculos, resarcimiento del da\u00f1o causado, abstenci\u00f3n de concurrir a determinados lugares o relacionarse con determinadas personas, servicios comunitarios y abstenci\u00f3n de consumo de drogas o alcohol.<\/p>\n\n\n\n<p>Es similar al de la diputada&nbsp;<strong>Marcela Campagnoli<\/strong>, de la Coalici\u00f3n C\u00edvica, que fija&nbsp;<strong>penas m\u00e1ximas de 3 a\u00f1os para menores de 14 y 15 a\u00f1os; y de 5 a\u00f1os para los de 16 y 17.<\/strong><\/p>\n\n\n\n<p>En la misma l\u00ednea, la radical&nbsp;<strong>Roxana Reyes<\/strong>&nbsp;propone en su proyecto penas de&nbsp;<strong>prisi\u00f3n en centros especializados&nbsp;<\/strong>s\u00f3lo para homicidios dolosos, delitos contra la integridad sexual, robos con armas, robos con violencia f\u00edsica hacia personas, secuestros extorsivos. Y las&nbsp;<strong>penas m\u00e1ximas ser\u00e1n de 5 a\u00f1os si el joven imputado tiene 14 o 15 a\u00f1os; y de 10 a\u00f1os si el imputado tiene 16 o 17 a\u00f1os.<\/strong><\/p>\n\n\n\n<p>Finalmente, los proyectos de las legisladoras de Uni\u00f3n por la Patria&nbsp;<strong>Natalia Zaracho<\/strong>&nbsp;y&nbsp;<strong>Eugenia Alianiello<\/strong>&nbsp;mantienen la edad de imputabilidad en 16 a\u00f1os para los delitos de acci\u00f3n p\u00fablica con penas superiores a los 3 a\u00f1os.<\/p>\n\n\n\n<p>El texto de Zaracho prev\u00e9 penas alternativas como reparaci\u00f3n del da\u00f1o, pedido de disculpas, tareas comunitarias y participaci\u00f3n en actividades de reflexi\u00f3n. Adem\u00e1s, fija la&nbsp;<strong>pena m\u00e1xima de prisi\u00f3n en 15 a\u00f1os.<\/strong><\/p>\n\n\n\n<p>En cambio, Alianiello plantea que todas las escalas de las penas se reduzcan al grado de tentativa y<strong>&nbsp;la prisi\u00f3n perpetua baje a 10 a\u00f1os.<\/strong><\/p>\n","protected":false},"excerpt":{"rendered":"<p>Tras el crimen de la ni\u00f1a de 7 a\u00f1os en La Plata, desde la Casa Rosada reclamaron mayor celeridad al Congreso. La iniciativa presentada el a\u00f1o pasado por Patricia Bullrich y Mariano C\u00faneo Libarona comenz\u00f3 a debatirse en comisi\u00f3n, pero no lleg\u00f3 al recinto. Los textos del resto de la oposici\u00f3n. El Gobierno redobla la [&hellip;]<\/p>\n","protected":false},"author":5,"featured_media":423836,"comment_status":"open","ping_status":"open","sticky":false,"template":"","format":"standard","meta":{"_stopmodifiedupdate":false,"_modified_date":"","inline_featured_image":false},"categories":[501],"tags":[],"jetpack_featured_media_url":"https:\/\/notinor.com\/jujuy\/wp-content\/uploads\/2025\/02\/ASESINOS.jpg","_links":{"self":[{"href":"https:\/\/notinor.com\/jujuy\/wp-json\/wp\/v2\/posts\/423835"}],"collection":[{"href":"https:\/\/notinor.com\/jujuy\/wp-json\/wp\/v2\/posts"}],"about":[{"href":"https:\/\/notinor.com\/jujuy\/wp-json\/wp\/v2\/types\/post"}],"author":[{"embeddable":true,"href":"https:\/\/notinor.com\/jujuy\/wp-json\/wp\/v2\/users\/5"}],"replies":[{"embeddable":true,"href":"https:\/\/notinor.com\/jujuy\/wp-json\/wp\/v2\/comments?post=423835"}],"version-history":[{"count":1,"href":"https:\/\/notinor.com\/jujuy\/wp-json\/wp\/v2\/posts\/423835\/revisions"}],"predecessor-version":[{"id":423837,"href":"https:\/\/notinor.com\/jujuy\/wp-json\/wp\/v2\/posts\/423835\/revisions\/423837"}],"wp:featuredmedia":[{"embeddable":true,"href":"https:\/\/notinor.com\/jujuy\/wp-json\/wp\/v2\/media\/423836"}],"wp:attachment":[{"href":"https:\/\/notinor.com\/jujuy\/wp-json\/wp\/v2\/media?parent=423835"}],"wp:term":[{"taxonomy":"category","embeddable":true,"href":"https:\/\/notinor.com\/jujuy\/wp-json\/wp\/v2\/categories?post=423835"},{"taxonomy":"post_tag","embeddable":true,"href":"https:\/\/notinor.com\/jujuy\/wp-json\/wp\/v2\/tags?post=423835"}],"curies":[{"name":"wp","href":"https:\/\/api.w.org\/{rel}","templated":true}]}}