{"id":423586,"date":"2025-02-23T23:47:01","date_gmt":"2025-02-24T02:47:01","guid":{"rendered":"https:\/\/notinor.com\/jujuy\/?p=423586"},"modified":"2025-02-23T23:47:03","modified_gmt":"2025-02-24T02:47:03","slug":"sadir-acompano-a-la-comunidad-rotaria-en-el-aniversario-del-rotary-club-internacional","status":"publish","type":"post","link":"https:\/\/notinor.com\/jujuy\/sadir-acompano-a-la-comunidad-rotaria-en-el-aniversario-del-rotary-club-internacional\/","title":{"rendered":"Sadir acompa\u00f1\u00f3 a la comunidad rotaria en el aniversario del Rotary Club Internacional"},"content":{"rendered":"\n<p class=\"has-medium-font-size\"><strong><em>El gobernador, Carlos Sadir, particip\u00f3 de los festejos por el 120\u00b0 aniversario de la fundaci\u00f3n del Rotary Club Internacional, y se comprometi\u00f3 a acompa\u00f1ar las iniciativas que la organizaci\u00f3n proyecta en Jujuy.<\/em><\/strong><\/p>\n\n\n\n<p><\/p>\n\n\n<div class=\"wp-block-image\">\n<figure class=\"aligncenter size-full\"><img decoding=\"async\" loading=\"lazy\" width=\"800\" height=\"450\" src=\"https:\/\/notinor.com\/jujuy\/wp-content\/uploads\/2025\/02\/sadir-rotary.jpg\" alt=\"\" class=\"wp-image-423587\" srcset=\"https:\/\/notinor.com\/jujuy\/wp-content\/uploads\/2025\/02\/sadir-rotary.jpg 800w, https:\/\/notinor.com\/jujuy\/wp-content\/uploads\/2025\/02\/sadir-rotary-649x365.jpg 649w, https:\/\/notinor.com\/jujuy\/wp-content\/uploads\/2025\/02\/sadir-rotary-500x280.jpg 500w, https:\/\/notinor.com\/jujuy\/wp-content\/uploads\/2025\/02\/sadir-rotary-768x432.jpg 768w, https:\/\/notinor.com\/jujuy\/wp-content\/uploads\/2025\/02\/sadir-rotary-750x422.jpg 750w\" sizes=\"(max-width: 800px) 100vw, 800px\" \/><\/figure><\/div>\n\n\n<p><\/p>\n\n\n\n<p>Sadir encabez\u00f3 el acto protocolar en el que se inaugur\u00f3 oficialmente un mural \u201c120 pinceladas\u201d pintado de forma colectiva entre artistas pl\u00e1sticos juje\u00f1os, vecinos y socios rotarios, en la fachada de la sede del Rotary Club Jujuy, con motivo del aniversario de la organizaci\u00f3n internacional.<\/p>\n\n\n\n<p>Durante el evento, el mandatario ponder\u00f3 las acciones que realiza el Rotary Jujuy, al tiempo que destac\u00f3 \u201clos proyectos que vienen en adelante\u201d.<\/p>\n\n\n\n<p>Subray\u00f3 que \u201ccon la colaboraci\u00f3n del Gobierno de la Provincia y los entes del estado, vamos a lograr los objetivos planteados\u201d. En ese sentido, comprometi\u00f3 el apoyo para creaci\u00f3n del Banco de Leche Materna.<\/p>\n\n\n\n<p>\u201cDesde el Gobierno de la Provincia vamos a hacer lo posible para que estos proyectos, que son tan lindos para la comunidad, sean una realidad\u201d, expres\u00f3.<\/p>\n","protected":false},"excerpt":{"rendered":"<p>El gobernador, Carlos Sadir, particip\u00f3 de los festejos por el 120\u00b0 aniversario de la fundaci\u00f3n del Rotary Club Internacional, y se comprometi\u00f3 a acompa\u00f1ar las iniciativas que la organizaci\u00f3n proyecta en Jujuy. Sadir encabez\u00f3 el acto protocolar en el que se inaugur\u00f3 oficialmente un mural \u201c120 pinceladas\u201d pintado de forma colectiva entre artistas pl\u00e1sticos juje\u00f1os, [&hellip;]<\/p>\n","protected":false},"author":49,"featured_media":423587,"comment_status":"open","ping_status":"open","sticky":false,"template":"","format":"standard","meta":{"_stopmodifiedupdate":false,"_modified_date":"","inline_featured_image":false,"spay_email":"","jetpack_publicize_message":""},"categories":[2,514],"tags":[],"jetpack_featured_media_url":"https:\/\/notinor.com\/jujuy\/wp-content\/uploads\/2025\/02\/sadir-rotary.jpg","jetpack_publicize_connections":[],"_links":{"self":[{"href":"https:\/\/notinor.com\/jujuy\/wp-json\/wp\/v2\/posts\/423586"}],"collection":[{"href":"https:\/\/notinor.com\/jujuy\/wp-json\/wp\/v2\/posts"}],"about":[{"href":"https:\/\/notinor.com\/jujuy\/wp-json\/wp\/v2\/types\/post"}],"author":[{"embeddable":true,"href":"https:\/\/notinor.com\/jujuy\/wp-json\/wp\/v2\/users\/49"}],"replies":[{"embeddable":true,"href":"https:\/\/notinor.com\/jujuy\/wp-json\/wp\/v2\/comments?post=423586"}],"version-history":[{"count":1,"href":"https:\/\/notinor.com\/jujuy\/wp-json\/wp\/v2\/posts\/423586\/revisions"}],"predecessor-version":[{"id":423588,"href":"https:\/\/notinor.com\/jujuy\/wp-json\/wp\/v2\/posts\/423586\/revisions\/423588"}],"wp:featuredmedia":[{"embeddable":true,"href":"https:\/\/notinor.com\/jujuy\/wp-json\/wp\/v2\/media\/423587"}],"wp:attachment":[{"href":"https:\/\/notinor.com\/jujuy\/wp-json\/wp\/v2\/media?parent=423586"}],"wp:term":[{"taxonomy":"category","embeddable":true,"href":"https:\/\/notinor.com\/jujuy\/wp-json\/wp\/v2\/categories?post=423586"},{"taxonomy":"post_tag","embeddable":true,"href":"https:\/\/notinor.com\/jujuy\/wp-json\/wp\/v2\/tags?post=423586"}],"curies":[{"name":"wp","href":"https:\/\/api.w.org\/{rel}","templated":true}]}}