{"id":423574,"date":"2025-02-23T00:11:55","date_gmt":"2025-02-23T03:11:55","guid":{"rendered":"https:\/\/notinor.com\/jujuy\/?p=423574"},"modified":"2025-02-23T00:11:58","modified_gmt":"2025-02-23T03:11:58","slug":"milei-se-reunio-con-trump-en-la-cpac-para-profundizar-la-alianza-estrategica-entre-argentina-y-ee-uu","status":"publish","type":"post","link":"https:\/\/notinor.com\/jujuy\/milei-se-reunio-con-trump-en-la-cpac-para-profundizar-la-alianza-estrategica-entre-argentina-y-ee-uu\/","title":{"rendered":"Milei se reuni\u00f3 con Trump en la CPAC para profundizar la alianza estrat\u00e9gica entre Argentina y EE.UU."},"content":{"rendered":"\n<p class=\"has-medium-font-size\"><strong><em>El encuentro, que se realiz\u00f3 al finalizar la cumbre, dur\u00f3 poco m\u00e1s de 20 minutos, y Trump invit\u00f3 a Milei a la Casa Blanca. Antes, el l\u00edder republicano hab\u00eda elogiado al mandatario argentino durante su discurso: \u201cEstoy orgulloso de vos\u201d, dijo.<\/em><\/strong><\/p>\n\n\n\n<p><\/p>\n\n\n<div class=\"wp-block-image\">\n<figure class=\"aligncenter size-full\"><img decoding=\"async\" loading=\"lazy\" width=\"800\" height=\"450\" src=\"https:\/\/notinor.com\/jujuy\/wp-content\/uploads\/2025\/02\/milei-trump.jpg\" alt=\"\" class=\"wp-image-423575\" srcset=\"https:\/\/notinor.com\/jujuy\/wp-content\/uploads\/2025\/02\/milei-trump.jpg 800w, https:\/\/notinor.com\/jujuy\/wp-content\/uploads\/2025\/02\/milei-trump-649x365.jpg 649w, https:\/\/notinor.com\/jujuy\/wp-content\/uploads\/2025\/02\/milei-trump-500x280.jpg 500w, https:\/\/notinor.com\/jujuy\/wp-content\/uploads\/2025\/02\/milei-trump-768x432.jpg 768w, https:\/\/notinor.com\/jujuy\/wp-content\/uploads\/2025\/02\/milei-trump-750x422.jpg 750w\" sizes=\"(max-width: 800px) 100vw, 800px\" \/><\/figure><\/div>\n\n\n<p><\/p>\n\n\n\n<p><strong>Javier Milei y Donald Trump se encontraron por primera vez como jefes de Estado en el Centro de Convenciones del hotel Gaylord, escenario de la Conferencia Pol\u00edtica de Acci\u00f3n Conservadora (CPAC).<\/strong><\/p>\n\n\n\n<p>La cita entre Milei y Trump inici\u00f3 pasadas las 18 (hora de Argentina) y concluy\u00f3 veinte minutos mas tarde. La reuni\u00f3n fue a continuaci\u00f3n del discurso pronunciado por el l\u00edder republicano en la CPAC, y tuvo como escenario una sala privada que fue custodiada como una fortaleza.<\/p>\n\n\n\n<p><strong>Al jefe de estado lo acompa\u00f1aron hasta el encuentro Karina Milei -secretaria General de la Presidencia-, Gerardo Werthein -canciller-, Luis Caputo-ministro de Econom\u00eda- Manuel Adorni -portavoz- y el asesor presidencial Santiago Caputo.<\/strong><\/p>\n\n\n\n<p>Y cuando inici\u00f3 el c\u00f3nclave, el presidente aline\u00f3 a Karina Milei, Werthein y Luis Caputo. Trump, por su parte, estuvo acompa\u00f1ado por Mike Waltz, consejero de Seguridad Nacional de la Casa Blanca. Waltz conoce la situaci\u00f3n pol\u00edtica en Am\u00e9rica Latina, y es una pieza clave en la administraci\u00f3n republicana.<\/p>\n\n\n\n<p><strong>\u201cEl presidente Trump se reuni\u00f3 con el presidente argentino Javier Milei en la CPAC, donde se trataron las innovadoras reformas econ\u00f3micas del presidente @JMilei y c\u00f3mo nuestros pa\u00edses pueden trabajar m\u00e1s estrechamente juntos. El presidente Trump tambi\u00e9n invit\u00f3 al presidente Milei a visitar la Casa Blanca en los pr\u00f3ximos meses\u201d,<\/strong> inform\u00f3 la administraci\u00f3n republicana en su cuenta oficial de X.<\/p>\n\n\n\n<p>Antes de la reuni\u00f3n oficial en el hotel Gaylord, el discurso de Trump fue observado desde la primera fila por el mandatario argentino, Karina Milei, Werthein, Caputo, Adorni, Santiago Caputo, Manuel Vidal, y los organizadores de CPAC encabezados por Matt Schlapp, Mercedes Schlapp, Leonardo Scatturice, Laura Arrieta, Barry Bennett y Soledad Cedro.<\/p>\n\n\n\n<p><strong>\u201cHay que hacer a Argentina grande de nuevo. Ten\u00edan una inflaci\u00f3n desatada. Escucho que est\u00e1s haciendo un trabajo fant\u00e1stico, estoy muy orgulloso de ti\u201d,<\/strong> elogi\u00f3 el presidente de Estados Unidos a Milei, que se par\u00f3, se golpe\u00f3 el pecho y sonri\u00f3 con sus pulgares hacia arriba.\u00a0\u201cMake Argentina Great Again\u201d. complet\u00f3\u00a0Trump.<\/p>\n\n\n\n<p>El c\u00f3nclave fue con agenda abierta y exhibe la sinton\u00eda personal e ideol\u00f3gica de Milei y Trump, en un escenario global atravesado por la crisis en Medio Oriente, la guerra en Ucrania y las medidas proteccionistas anunciadas por la Casa Blanca para frenar la expansi\u00f3n econ\u00f3mica de China.<\/p>\n\n\n\n<p>Anoche hubo una cena en el Caf\u00e9 Milano -un cl\u00e1sico restaurante de Georgetown- que comparti\u00f3 el jefe de Estado con su comitiva.<strong> A Milei le sorprendi\u00f3 que lo aplaudieran y pidieran un selfie antes de sentarse en su mesa. \u201cIncre\u00edble\u201d, comentaron en la delegaci\u00f3n oficial.<\/strong><\/p>\n\n\n\n<p>En las dos horas que dur\u00f3 la comida, el presidente y sus funcionarios y asesores repasaron los temas que abordar\u00edan -una d\u00eda m\u00e1s tarde- con Trump.&nbsp;Fue la tercera vez que Milei dialog\u00f3 con el l\u00edder republicano.<\/p>\n\n\n\n<p>Milei se encontr\u00f3 con Trump en este evento conservador hace un a\u00f1o y le asegur\u00f3 que \u201cse ver\u00edan de nuevo\u201d cuando ya fuera presidente de los Estados Unidos. <strong>Una audaz apuesta pol\u00edtica: Joe Biden estaba en la Casa Blanca, Argentina a\u00fan no hab\u00eda cerrado un acuerdo con el FMI y Trump todav\u00eda no era candidato del partido Republicano.<\/strong><\/p>\n\n\n\n<p>El presidente cumpli\u00f3 su promesa el 14 de noviembre de 2024. Ese d\u00eda comparti\u00f3 una cena con Trump en su residencia de Mar -a- Lago. El l\u00edder republicano ya hab\u00eda derrotado a Kamala Harris y se encaminaba a su segundo mandato presidencial.<\/p>\n\n\n\n<p>Fue un encuentro informal que sirvi\u00f3 para fortalecer los lazos personales y entender qu\u00e9 agenda internacional ejecutar\u00eda Trump desde el Sal\u00f3n Oval. <strong>\u201cHas hecho un trabajo fant\u00e1stico en un periodo de tiempo muy corto. Es un honor tenerte aqu\u00ed\u201d, elogi\u00f3 Trump a Milei cuando promediaba la cena de honor.\u00a0Y remat\u00f3: \u201cMake Argentina great again. MAGA. He\u2019s a MAGA person\u201d.<\/strong><\/p>\n\n\n\n<p>El 20 de enero, Trump asumi\u00f3 como presidente de los Estados Unidos. Y s\u00f3lo invit\u00f3 a tres mandatarios extranjeros: Xi Jinping -l\u00edder chino-, Georgia Meloni -primera ministra de Italia-, y Milei. No hubo otro jefe de Estado de Am\u00e9rica Latina, un gesto pol\u00edtico de Trump que ratific\u00f3 su cercan\u00eda pol\u00edtica y personal con Milei.<\/p>\n\n\n\n<p>Milei particip\u00f3 de la asunci\u00f3n de Trump, pero tambi\u00e9n aline\u00f3 la agenda de pol\u00edtica de exterior de la Argentina con la hoja de ruta internacional que dise\u00f1\u00f3 la administraci\u00f3n republicana. <strong>La posici\u00f3n global de Estados Unidos respecto a Israel, Ucrania, China y los organismos multilaterales es repetida por Balcarce 50.<\/strong><\/p>\n\n\n\n<p>Hay una simbiosis pol\u00edtica entre Milei y Trump, y eso explica la reuni\u00f3n que mantuvieron hoy en Maryland.<\/p>\n","protected":false},"excerpt":{"rendered":"<p>El encuentro, que se realiz\u00f3 al finalizar la cumbre, dur\u00f3 poco m\u00e1s de 20 minutos, y Trump invit\u00f3 a Milei a la Casa Blanca. Antes, el l\u00edder republicano hab\u00eda elogiado al mandatario argentino durante su discurso: \u201cEstoy orgulloso de vos\u201d, dijo. Javier Milei y Donald Trump se encontraron por primera vez como jefes de Estado [&hellip;]<\/p>\n","protected":false},"author":49,"featured_media":423575,"comment_status":"open","ping_status":"open","sticky":false,"template":"","format":"standard","meta":{"_stopmodifiedupdate":false,"_modified_date":"","inline_featured_image":false,"spay_email":"","jetpack_publicize_message":""},"categories":[2,501],"tags":[],"jetpack_featured_media_url":"https:\/\/notinor.com\/jujuy\/wp-content\/uploads\/2025\/02\/milei-trump.jpg","jetpack_publicize_connections":[],"_links":{"self":[{"href":"https:\/\/notinor.com\/jujuy\/wp-json\/wp\/v2\/posts\/423574"}],"collection":[{"href":"https:\/\/notinor.com\/jujuy\/wp-json\/wp\/v2\/posts"}],"about":[{"href":"https:\/\/notinor.com\/jujuy\/wp-json\/wp\/v2\/types\/post"}],"author":[{"embeddable":true,"href":"https:\/\/notinor.com\/jujuy\/wp-json\/wp\/v2\/users\/49"}],"replies":[{"embeddable":true,"href":"https:\/\/notinor.com\/jujuy\/wp-json\/wp\/v2\/comments?post=423574"}],"version-history":[{"count":1,"href":"https:\/\/notinor.com\/jujuy\/wp-json\/wp\/v2\/posts\/423574\/revisions"}],"predecessor-version":[{"id":423576,"href":"https:\/\/notinor.com\/jujuy\/wp-json\/wp\/v2\/posts\/423574\/revisions\/423576"}],"wp:featuredmedia":[{"embeddable":true,"href":"https:\/\/notinor.com\/jujuy\/wp-json\/wp\/v2\/media\/423575"}],"wp:attachment":[{"href":"https:\/\/notinor.com\/jujuy\/wp-json\/wp\/v2\/media?parent=423574"}],"wp:term":[{"taxonomy":"category","embeddable":true,"href":"https:\/\/notinor.com\/jujuy\/wp-json\/wp\/v2\/categories?post=423574"},{"taxonomy":"post_tag","embeddable":true,"href":"https:\/\/notinor.com\/jujuy\/wp-json\/wp\/v2\/tags?post=423574"}],"curies":[{"name":"wp","href":"https:\/\/api.w.org\/{rel}","templated":true}]}}