{"id":423462,"date":"2025-02-20T00:13:39","date_gmt":"2025-02-20T03:13:39","guid":{"rendered":"https:\/\/notinor.com\/jujuy\/?p=423462"},"modified":"2025-02-20T00:13:41","modified_gmt":"2025-02-20T03:13:41","slug":"en-brasil-sadir-posiciona-a-jujuy-en-la-ruta-bioceanica-2","status":"publish","type":"post","link":"https:\/\/notinor.com\/jujuy\/en-brasil-sadir-posiciona-a-jujuy-en-la-ruta-bioceanica-2\/","title":{"rendered":"En Brasil, Sadir posiciona a Jujuy en la Ruta Bioce\u00e1nica"},"content":{"rendered":"\n<p class=\"has-medium-font-size\"><strong><em>El gobernador de la Provincia, Carlos Sadir, particip\u00f3 de la apertura del 6\u00ba Foro de Gobiernos Subnacionales del Corredor Bioce\u00e1nico que se celebra en Campo Grande, Brasil, en el marco del Seminario Internacional sobra la Ruta Bioce\u00e1nica.<\/em><\/strong><\/p>\n\n\n\n<p><\/p>\n\n\n<div class=\"wp-block-image\">\n<figure class=\"aligncenter size-full\"><img decoding=\"async\" loading=\"lazy\" width=\"800\" height=\"450\" src=\"https:\/\/notinor.com\/jujuy\/wp-content\/uploads\/2025\/02\/carlos-sadir.jpg\" alt=\"\" class=\"wp-image-423463\" srcset=\"https:\/\/notinor.com\/jujuy\/wp-content\/uploads\/2025\/02\/carlos-sadir.jpg 800w, https:\/\/notinor.com\/jujuy\/wp-content\/uploads\/2025\/02\/carlos-sadir-649x365.jpg 649w, https:\/\/notinor.com\/jujuy\/wp-content\/uploads\/2025\/02\/carlos-sadir-500x280.jpg 500w, https:\/\/notinor.com\/jujuy\/wp-content\/uploads\/2025\/02\/carlos-sadir-768x432.jpg 768w, https:\/\/notinor.com\/jujuy\/wp-content\/uploads\/2025\/02\/carlos-sadir-750x422.jpg 750w\" sizes=\"(max-width: 800px) 100vw, 800px\" \/><\/figure><\/div>\n\n\n<p><\/p>\n\n\n\n<p><strong>La Ruta Bioce\u00e1nica es un corredor vial de 3.320 Km de extensi\u00f3n, que conectar\u00e1 los oc\u00e9anos Atl\u00e1ntico y Pac\u00edfico, atravesando Argentina, Brasil, Paraguay, y Chile.<\/strong><\/p>\n\n\n\n<p>Esta ruta promete transformar la log\u00edstica regional y global, aportando una serie de beneficios econ\u00f3micos y operacionales para los pa\u00edses involucrados.<\/p>\n\n\n\n<p>En la oportunidad, Sadir destac\u00f3 que <strong>\u201cel Corredor Bioce\u00e1nico de Capricornio es una valiosa iniciativa de integraci\u00f3n de Am\u00e9rica del Sur, con miras a impulsar el desarrollo productivo, dinamizar la econom\u00eda y relacionarnos y vincularnos al mundo mediante la conexi\u00f3n Atl\u00e1ntico-Pac\u00edfico\u201d.<\/strong><\/p>\n\n\n\n<p>Asimismo, reafirm\u00f3 el <strong>\u201cempe\u00f1o y \u00e9nfasis que Jujuy le pone a este proyecto\u201d, en atenci\u00f3n a \u201cla responsabilidad que nos cabe de facilitar herramientas y mecanismos para que el corredor materialice todo su potencial a favor del desarrollo de nuestros pueblos\u201d. \u201cJuntos podemos lograrlo\u201d,<\/strong> defini\u00f3 y alent\u00f3 a \u201cpensar en los procesos transfronterizos e integraci\u00f3n vial, digital, de seguridad y transparencia\u201d.<\/p>\n\n\n\n<p>Recalc\u00f3 que <strong>\u201c470 Km del corredor atraviesan Jujuy que, adem\u00e1s, cuenta con el Paso de Jama y un complejo integrado de frontera con Chile\u201d.<\/strong> En otro orden, el gobernador exterioriz\u00f3 su agradecimiento al Banco Interamericano de Desarrollo (BID) que, a trav\u00e9s de su Plan de Maestro de Desarrollo, \u201ccumple un rol vital\u201d.<\/p>\n\n\n\n<p><strong>Estuvieron presentes autoridades, funcionarios y empresarios de Argentina, Paraguay, Brasil, Chile y otros pa\u00edses, <\/strong>que comparten intereses directamente vinculados con las oportunidades de desarrollo e integraci\u00f3n regional que ofrece el Corredor Vial Bioce\u00e1nico.<\/p>\n\n\n\n<p><strong>Este proyecto busca fortalecer la conectividad y cooperaci\u00f3n entre los cuatro pa\u00edses, promoviendo el crecimiento sostenible, la mejora de infraestructuras y el fortalecimiento de las econom\u00edas locales.<\/strong> La Ruta Bioce\u00e1nica ser\u00e1 un hito para la integraci\u00f3n regional, abriendo las puertas a nuevas oportunidades de desarrollo y crecimiento de los pa\u00edses de Am\u00e9rica del Sur y para el comercio global.<\/p>\n\n\n\n<p><strong>Adem\u00e1s, la conexi\u00f3n log\u00edstica directa entre los mencionados pa\u00edses, promover\u00e1 la transferencia de tecnolog\u00eda, la cooperaci\u00f3n internacional y la gobernanza compartida enfocada en la promoci\u00f3n del desarrollo sostenible y una integraci\u00f3n m\u00e1s eficaz entre los estados.<\/strong><\/p>\n\n\n\n<p>En la jornada inaugural, se realiz\u00f3 una reuni\u00f3n de alcaldes del Corredor Bioce\u00e1nico, adem\u00e1s de una sesi\u00f3n de negocios con la participaci\u00f3n de empresarios juje\u00f1os. <strong>Tambi\u00e9n se conformaron comit\u00e9s t\u00e9cnicos en academia y educaci\u00f3n, procedimientos comerciales y fronterizos, seguridad, municipios, obras p\u00fablicas, log\u00edstica y transporte, ciudadan\u00eda con enfoque de g\u00e9nero y pueblos ind\u00edgenas, salud, sostenibilidad y turismo.<\/strong><\/p>\n\n\n\n<p>Las actividades contin\u00faan este mi\u00e9rcoles, 19 de febrero, con la presentaci\u00f3n del Plan Maestro de desarrollo e infraestructura elaborado por el BID. Adem\u00e1s, se realizar\u00e1n los paneles Sector Privado, Infraestructura, Tecnolog\u00eda e Innovaci\u00f3n, Aduana e Impacto Social. <strong>La agenda se completar\u00e1 el jueves, con la redacci\u00f3n y firma de actas y la presentaci\u00f3n de la denominada Carta de Campo Grande.<\/strong><\/p>\n","protected":false},"excerpt":{"rendered":"<p>El gobernador de la Provincia, Carlos Sadir, particip\u00f3 de la apertura del 6\u00ba Foro de Gobiernos Subnacionales del Corredor Bioce\u00e1nico que se celebra en Campo Grande, Brasil, en el marco del Seminario Internacional sobra la Ruta Bioce\u00e1nica. La Ruta Bioce\u00e1nica es un corredor vial de 3.320 Km de extensi\u00f3n, que conectar\u00e1 los oc\u00e9anos Atl\u00e1ntico y [&hellip;]<\/p>\n","protected":false},"author":49,"featured_media":423463,"comment_status":"open","ping_status":"open","sticky":false,"template":"","format":"standard","meta":{"_stopmodifiedupdate":false,"_modified_date":"","inline_featured_image":false,"spay_email":"","jetpack_publicize_message":""},"categories":[2,514],"tags":[],"jetpack_featured_media_url":"https:\/\/notinor.com\/jujuy\/wp-content\/uploads\/2025\/02\/carlos-sadir.jpg","jetpack_publicize_connections":[],"_links":{"self":[{"href":"https:\/\/notinor.com\/jujuy\/wp-json\/wp\/v2\/posts\/423462"}],"collection":[{"href":"https:\/\/notinor.com\/jujuy\/wp-json\/wp\/v2\/posts"}],"about":[{"href":"https:\/\/notinor.com\/jujuy\/wp-json\/wp\/v2\/types\/post"}],"author":[{"embeddable":true,"href":"https:\/\/notinor.com\/jujuy\/wp-json\/wp\/v2\/users\/49"}],"replies":[{"embeddable":true,"href":"https:\/\/notinor.com\/jujuy\/wp-json\/wp\/v2\/comments?post=423462"}],"version-history":[{"count":1,"href":"https:\/\/notinor.com\/jujuy\/wp-json\/wp\/v2\/posts\/423462\/revisions"}],"predecessor-version":[{"id":423464,"href":"https:\/\/notinor.com\/jujuy\/wp-json\/wp\/v2\/posts\/423462\/revisions\/423464"}],"wp:featuredmedia":[{"embeddable":true,"href":"https:\/\/notinor.com\/jujuy\/wp-json\/wp\/v2\/media\/423463"}],"wp:attachment":[{"href":"https:\/\/notinor.com\/jujuy\/wp-json\/wp\/v2\/media?parent=423462"}],"wp:term":[{"taxonomy":"category","embeddable":true,"href":"https:\/\/notinor.com\/jujuy\/wp-json\/wp\/v2\/categories?post=423462"},{"taxonomy":"post_tag","embeddable":true,"href":"https:\/\/notinor.com\/jujuy\/wp-json\/wp\/v2\/tags?post=423462"}],"curies":[{"name":"wp","href":"https:\/\/api.w.org\/{rel}","templated":true}]}}