{"id":423456,"date":"2025-02-19T22:11:27","date_gmt":"2025-02-20T01:11:27","guid":{"rendered":"https:\/\/notinor.com\/jujuy\/?p=423456"},"modified":"2025-02-19T22:11:28","modified_gmt":"2025-02-20T01:11:28","slug":"el-intendente-jorge-presente-en-el-6o-foro-de-los-gobiernos-subnacionales-del-corredor-bioceanico","status":"publish","type":"post","link":"https:\/\/notinor.com\/jujuy\/el-intendente-jorge-presente-en-el-6o-foro-de-los-gobiernos-subnacionales-del-corredor-bioceanico\/","title":{"rendered":"El Intendente Jorge presente en el 6\u00ba Foro de los Gobiernos Subnacionales del Corredor Bioce\u00e1nico"},"content":{"rendered":"\n<p class=\"has-medium-font-size\"><strong><em>En el Centro de Convenciones Arquitecto Rubens Gil de Camilo, en Campo Grande, Brasil, se llev\u00f3 a cabo el 6\u00ba Foro de los Gobiernos Subnacionales del Corredor Bioce\u00e1nico. El evento reuni\u00f3 a autoridades, empresarios, diplom\u00e1ticos y acad\u00e9micos de Brasil, Paraguay, Argentina, Chile y otras naciones.<\/em><\/strong><\/p>\n\n\n\n<p><\/p>\n\n\n<div class=\"wp-block-image\">\n<figure class=\"aligncenter size-full\"><img decoding=\"async\" loading=\"lazy\" width=\"800\" height=\"450\" src=\"https:\/\/notinor.com\/jujuy\/wp-content\/uploads\/2025\/02\/chuli-jorge-corredor-bioceanico.jpg\" alt=\"\" class=\"wp-image-423457\" srcset=\"https:\/\/notinor.com\/jujuy\/wp-content\/uploads\/2025\/02\/chuli-jorge-corredor-bioceanico.jpg 800w, https:\/\/notinor.com\/jujuy\/wp-content\/uploads\/2025\/02\/chuli-jorge-corredor-bioceanico-649x365.jpg 649w, https:\/\/notinor.com\/jujuy\/wp-content\/uploads\/2025\/02\/chuli-jorge-corredor-bioceanico-500x280.jpg 500w, https:\/\/notinor.com\/jujuy\/wp-content\/uploads\/2025\/02\/chuli-jorge-corredor-bioceanico-768x432.jpg 768w, https:\/\/notinor.com\/jujuy\/wp-content\/uploads\/2025\/02\/chuli-jorge-corredor-bioceanico-750x422.jpg 750w\" sizes=\"(max-width: 800px) 100vw, 800px\" \/><\/figure><\/div>\n\n\n<p><\/p>\n\n\n\n<p>El intendente de San Salvador de Jujuy, Ra\u00fal \u201cChuli\u201d Jorge, fue invitado por la alcaldesa de Campo Grande y presidenta del Comit\u00e9 Gestor de los Municipios de la Ruta Bioce\u00e1nica, Adriane Lopes. <strong>Durante su intervenci\u00f3n, destac\u00f3 la importancia de la integraci\u00f3n regional y el desarrollo de infraestructura clave para fortalecer los lazos comerciales y sociales entre los pa\u00edses participantes.<\/strong><\/p>\n\n\n\n<p>En sus declaraciones, Jorge enfatiz\u00f3 su satisfacci\u00f3n por participar en el evento y expres\u00f3, <strong>\u201destoy muy contento de poder estar en este gran encuentro, donde se unen cuatro naciones con una voluntad integradora para acercar a sus pueblos. M\u00e1s all\u00e1 de las divisiones ideol\u00f3gicas o intereses ajenos a nuestra gente, nuestros pa\u00edses nacieron con la vocaci\u00f3n de ser una gran Am\u00e9rica con un enorme potencial\u201d.<\/strong><\/p>\n\n\n\n<p>Adem\u00e1s, subray\u00f3 la importancia de la infraestructura para fortalecer esta integraci\u00f3n y a\u00f1adi\u00f3, <strong>\u201csi logramos contar con las obras necesarias, como la ruta que Paraguay completar\u00e1 dentro del gran proyecto iniciado en los a\u00f1os 90, as\u00ed como los pasos fundamentales de Jama y la pavimentaci\u00f3n de la conexi\u00f3n vial con los puertos chilenos de Iquique, Antofagasta y Mejillones, podremos consolidar este entramado log\u00edstico\u201d.<\/strong><\/p>\n\n\n\n<p>Asimismo, resalt\u00f3 el papel fundamental de Campo Grande, una ciudad con m\u00e1s de 800.000 habitantes y un fuerte desarrollo industrial y productivo, en la consolidaci\u00f3n de este corredor de integraci\u00f3n. <strong>Se\u00f1al\u00f3 que el intercambio comercial generado por este proyecto representar\u00e1 nuevas y grandes oportunidades para la provincia de Jujuy y sus ciudades.<\/strong><\/p>\n","protected":false},"excerpt":{"rendered":"<p>En el Centro de Convenciones Arquitecto Rubens Gil de Camilo, en Campo Grande, Brasil, se llev\u00f3 a cabo el 6\u00ba Foro de los Gobiernos Subnacionales del Corredor Bioce\u00e1nico. El evento reuni\u00f3 a autoridades, empresarios, diplom\u00e1ticos y acad\u00e9micos de Brasil, Paraguay, Argentina, Chile y otras naciones. El intendente de San Salvador de Jujuy, Ra\u00fal \u201cChuli\u201d Jorge, [&hellip;]<\/p>\n","protected":false},"author":49,"featured_media":423457,"comment_status":"open","ping_status":"open","sticky":false,"template":"","format":"standard","meta":{"_stopmodifiedupdate":false,"_modified_date":"","inline_featured_image":false,"spay_email":"","jetpack_publicize_message":""},"categories":[2,514,832],"tags":[],"jetpack_featured_media_url":"https:\/\/notinor.com\/jujuy\/wp-content\/uploads\/2025\/02\/chuli-jorge-corredor-bioceanico.jpg","jetpack_publicize_connections":[],"_links":{"self":[{"href":"https:\/\/notinor.com\/jujuy\/wp-json\/wp\/v2\/posts\/423456"}],"collection":[{"href":"https:\/\/notinor.com\/jujuy\/wp-json\/wp\/v2\/posts"}],"about":[{"href":"https:\/\/notinor.com\/jujuy\/wp-json\/wp\/v2\/types\/post"}],"author":[{"embeddable":true,"href":"https:\/\/notinor.com\/jujuy\/wp-json\/wp\/v2\/users\/49"}],"replies":[{"embeddable":true,"href":"https:\/\/notinor.com\/jujuy\/wp-json\/wp\/v2\/comments?post=423456"}],"version-history":[{"count":1,"href":"https:\/\/notinor.com\/jujuy\/wp-json\/wp\/v2\/posts\/423456\/revisions"}],"predecessor-version":[{"id":423458,"href":"https:\/\/notinor.com\/jujuy\/wp-json\/wp\/v2\/posts\/423456\/revisions\/423458"}],"wp:featuredmedia":[{"embeddable":true,"href":"https:\/\/notinor.com\/jujuy\/wp-json\/wp\/v2\/media\/423457"}],"wp:attachment":[{"href":"https:\/\/notinor.com\/jujuy\/wp-json\/wp\/v2\/media?parent=423456"}],"wp:term":[{"taxonomy":"category","embeddable":true,"href":"https:\/\/notinor.com\/jujuy\/wp-json\/wp\/v2\/categories?post=423456"},{"taxonomy":"post_tag","embeddable":true,"href":"https:\/\/notinor.com\/jujuy\/wp-json\/wp\/v2\/tags?post=423456"}],"curies":[{"name":"wp","href":"https:\/\/api.w.org\/{rel}","templated":true}]}}