{"id":423447,"date":"2025-02-19T11:45:25","date_gmt":"2025-02-19T14:45:25","guid":{"rendered":"https:\/\/notinor.com\/jujuy\/?p=423447"},"modified":"2025-02-19T11:45:26","modified_gmt":"2025-02-19T14:45:26","slug":"peligra-el-inicio-de-las-clases-en-12-provincias-por-una-medida-de-fuerza-de-los-sindicatos-docentes","status":"publish","type":"post","link":"https:\/\/notinor.com\/jujuy\/peligra-el-inicio-de-las-clases-en-12-provincias-por-una-medida-de-fuerza-de-los-sindicatos-docentes\/","title":{"rendered":"Peligra el inicio de las clases en 12 provincias por una medida de fuerza de los sindicatos docentes"},"content":{"rendered":"\n<p class=\"has-medium-font-size\"><strong><em>Lo anunciar\u00e1n este jueves los gremios educativos de la CGT y la CTERA que, por separado, coincidir\u00e1n en una protesta para el lunes pr\u00f3ximo ante la falta de convocatoria de la paritaria nacional docente por parte del Gobierno. En enero, los sueldos m\u00ednimos del sector oscilaron entre $420 mil y $931.186.<\/em><\/strong><\/p>\n\n\n\n<p class=\"has-text-align-center\"><img decoding=\"async\" loading=\"lazy\" height=\"1080\" width=\"1920\" src=\"https:\/\/www.infobae.com\/resizer\/v2\/GNVY4BRGUNBX7L2REK7SIDXVYQ.jpg?auth=38405ed6989e02262ec8893304c66714869cf4256ad1f43622f4e7d8f8d32962&amp;smart=true&amp;width=350&amp;height=197&amp;quality=85\" alt=\"Aulas vac\u00edas, una postal que\">Aulas vac\u00edas, una postal que podr\u00eda repetirse a partir del lunes si se concreta el paro docente<\/p>\n\n\n\n<p>El comienzo de las clases podr\u00eda complicarse el lunes pr\u00f3ximo en 12 provincias: en el primer conflicto salarial de 2025, los&nbsp;<strong>sindicatos docentes de la CGT&nbsp;<\/strong>y la&nbsp;<strong>CTERA&nbsp;<\/strong>anunciar\u00e1n&nbsp;<strong>medidas de fuerza<\/strong>&nbsp;este jueves ante la&nbsp;<strong>demora&nbsp;<\/strong>del Gobierno en convocar a la&nbsp;<strong>paritaria nacional docente.<\/strong><\/p>\n\n\n\n<p>Aunque todav\u00eda no est\u00e1 confirmado, se tratar\u00eda de un&nbsp;<strong>paro de 24 horas<\/strong>&nbsp;que se concretar\u00eda el mismo lunes y en el que coincidir\u00e1n, por separado, los gremios cegetistas&nbsp;<strong>Uni\u00f3n Docentes Argentinos (UDA), la Asociaci\u00f3n Del Magisterio de Ense\u00f1anza T\u00e9cnica (AMET) y la Confederaci\u00f3n de Educadores Argentinos (CEA),<\/strong>&nbsp;que har\u00e1n una conferencia de prensa el jueves, a las 11, para efectuar el anuncio, mientras que, desde las 12, la&nbsp;<strong>Confederaci\u00f3n de Trabajadores de la Educaci\u00f3n de la Rep\u00fablica Argentina (CTERA)&nbsp;<\/strong>debatir\u00e1 sus pasos en un&nbsp;<strong>plenario de secretarios generales.<\/strong><\/p>\n\n\n\n<p>La posible protesta afectar\u00eda el inicio del ciclo lectivo en la Ciudad de Buenos Aires, C\u00f3rdoba, Santa Fe, Corrientes, Entre R\u00edos, Formosa, Jujuy, Mendoza, Salta, San Juan, San Luis y Santa Cruz.<\/p>\n\n\n\n<p class=\"has-text-align-center\"><a rel=\"noreferrer noopener\" href=\"https:\/\/www.infobae.com\/politica\/2025\/02\/19\/un-colosal-engano-el-presidente-de-espana-se-burlo-de-la-polemica-con-libra\/\" target=\"_blank\"><\/a><img decoding=\"async\" loading=\"lazy\" height=\"899\" width=\"1481\" src=\"https:\/\/www.infobae.com\/resizer\/v2\/Y47GM7QEEBAXFKRHGG6QBFQV6A.jpg?auth=57195793c6874bea8e627914af0655142f4bbb8b7a0db9916bd0b7e3c011ddea&amp;smart=true&amp;width=350&amp;height=214&amp;quality=85\" alt=\"Sara Garc\u00eda (AMET), Sergio Romero\">Sara Garc\u00eda (AMET), Sergio Romero (UDA) y Fabi\u00e1n Felman (CEA), en la reuni\u00f3n que mantuvieron la semana pasada en la CGT<\/p>\n\n\n\n<p>La semana pasada, como anticip\u00f3<strong>&nbsp;Infobae,<\/strong>&nbsp;los gremios docentes que integran la CGT analizaron la situaci\u00f3n salarial del sector y advirtieron que podr\u00eda desatarse un&nbsp;<strong>conflicto:<\/strong>&nbsp;\u201cEstamos a horas del inicio de clases y&nbsp;<strong>todav\u00eda no hubo una convocatoria a la negociaci\u00f3n salarial a nivel nacional\u201d,<\/strong>&nbsp;afirm\u00f3 a este medio el secretario de Pol\u00edticas Educativas cegetista,<strong>&nbsp;Sergio Romero<\/strong>&nbsp;(UDA).<\/p>\n\n\n\n<p><strong>\u201cNo nos vamos a a hacer responsables si vamos a un conflicto porque hay un solo responsable, que es el gobierno nacional<\/strong>&nbsp;-enfatiz\u00f3 el l\u00edder gremial-, pero seguiremos trabajando con los sindicatos docentes que integran la CGT para&nbsp;<strong>buscar una salida a las grandes necesidades que tiene el sistema educativo<\/strong>&nbsp;y a las profundas carencias que tiene el salario de los educadores en nuestro pa\u00eds\u201d.<\/p>\n\n\n\n<p>Romero habl\u00f3 tras una reuni\u00f3n que mantuvo en la sede de Azopardo 802 con otros dirigentes del sector,\u00a0<strong>Sara Garc\u00eda<\/strong>\u00a0(AMET) y\u00a0<strong>Fabi\u00e1n Felman<\/strong>\u00a0(CEA), en donde evaluaron la crisis salarial del sector, donde el sueldo m\u00ednimo de los docentes se mantiene en<strong>\u00a0$420 mil<\/strong>\u00a0desde el 22 de agosto pasado, una cifra que, destac\u00f3 el titular de UDA, \u201cse encuentra\u00a0<strong>por debajo de la l\u00ednea de indigencia\u201d.<\/strong><\/p>\n\n\n\n<p class=\"has-text-align-center\"><img decoding=\"async\" loading=\"lazy\" height=\"1080\" width=\"1920\" src=\"https:\/\/www.infobae.com\/resizer\/v2\/QTDCCLISE5HYLJV3AKNO56ESXI.jpg?auth=65aff1ae3ec30c2d351f9c34ba5322b3451ac5de21825fd236c53608951f6920&amp;smart=true&amp;width=350&amp;height=197&amp;quality=85\" alt=\"La ministra de Capital Humano,\">La ministra de Capital Humano, Sandra Pettovello, y el secretario de Educaci\u00f3n, Carlos Torrendell<\/p>\n\n\n\n<p>Seg\u00fan un&nbsp;<strong>relevamiento&nbsp;<\/strong>efectuado por UDA, el&nbsp;<strong>ranking de los salarios m\u00ednimos docentes&nbsp;<\/strong>en el mes de enero pasado en todo el pa\u00eds es el siguiente: Catamarca, $420.000; Santiago del Estero, $450.000; La Rioja, $450.000; Misiones, $521.904; Formosa, $540.000; Salta, $540.672; Chubut, $544.808; provincia de Buenos Aires, $553.075; Entre R\u00edos, $563.000; Mendoza, $570.000; Chaco, $592.000; San Luis, $623.546; Jujuy, $625.000; Corrientes, $635.000; Santa Fe, $633.137; CABA, $673.000; C\u00f3rdoba, $755.000; Tierra del Fuego, $804.338; Santa Cruz, $840.000, y R\u00edo Negro $931.186.<\/p>\n\n\n\n<p>El jueves pasado, la&nbsp;<strong>CTERA,<\/strong>&nbsp;que encabezan&nbsp;<strong>Sonia Alesso y Roberto Baradel,<\/strong>&nbsp;denunci\u00f3 que hasta ese momento \u201ca\u00fan no ha sido convocada a la reuni\u00f3n de la paritaria nacional docente\u201d y critic\u00f3 \u201cel&nbsp;<strong>ajuste brutal<\/strong>&nbsp;que impacta no s\u00f3lo en los salarios docentes, sino tambi\u00e9n en las&nbsp;<strong>condiciones de aprendizaje<\/strong>&nbsp;que se agravan d\u00eda a d\u00eda con este&nbsp;<strong>corrimiento del Estado Nacional<\/strong>&nbsp;de su&nbsp;<strong>obligaci\u00f3n legal<\/strong>&nbsp;de sostener, junto a las provincias, el derecho a la educaci\u00f3n en todo el territorio nacional\u201d.<\/p>\n\n\n\n<p>Por eso citaron para este jueves a un\u00a0<strong>plenario de secretarios generales\u00a0<\/strong>de todos los sindicatos que integran la entidad para\u00a0<strong>\u201canalizar y resolver acciones gremiales ante esta grave situaci\u00f3n\u201d.<\/strong><\/p>\n\n\n\n<p class=\"has-text-align-center\"><img decoding=\"async\" loading=\"lazy\" height=\"1080\" width=\"1920\" src=\"https:\/\/www.infobae.com\/resizer\/v2\/STMMOEHH2NHCFCMMQVNGRNX3UQ.jpg?auth=334e416cbd8fb57a9580f9970126eceb1ed31d91b9fff4f5715e680b9e2f1d1c&amp;smart=true&amp;width=350&amp;height=197&amp;quality=85\" alt=\"Sonia Alesso, l\u00edder de CTERA,\">Sonia Alesso, l\u00edder de CTERA, en una marcha docente<\/p>\n\n\n\n<p>Consultadas acerca del anuncio sobre un paro nacional, fuentes de CTERA aclararon: \u201cTenemos que esperar el plenario para ver la situaci\u00f3n de las provincias, pero es muy probable (que se dispongan protestas) porque<strong>&nbsp;estamos reclamando la restituci\u00f3n del Fondo Nacional de Incentivo Docente, la convocatoria a la paritaria nacional y el financiamiento nacional para la educaci\u00f3n\u201d.<\/strong><\/p>\n\n\n\n<p>En declaraciones radiales, al hablar sobre los reclamos salariales,&nbsp;<strong>Alesso&nbsp;<\/strong>dijo la semana pasada que \u201cva a ser&nbsp;<strong>un a\u00f1o conflictivo<\/strong>&nbsp;en ese sentido porque el salario ha quedado&nbsp;<strong>muy bajo<\/strong>&nbsp;en el sector p\u00fablico, se nota mucho, y la situaci\u00f3n de inflaci\u00f3n<strong>&nbsp;no recupera<\/strong>&nbsp;lo que nosotros perdimos\u201d.<\/p>\n\n\n\n<p>De todas formas, en cada distrito se mantienen negociaciones para recomponer los salarios. A\u00fan&nbsp;<strong>no hubo acuerdo en Santa Fe, Entre R\u00edos, Corrientes y Santa Cruz.<\/strong><\/p>\n","protected":false},"excerpt":{"rendered":"<p>Lo anunciar\u00e1n este jueves los gremios educativos de la CGT y la CTERA que, por separado, coincidir\u00e1n en una protesta para el lunes pr\u00f3ximo ante la falta de convocatoria de la paritaria nacional docente por parte del Gobierno. En enero, los sueldos m\u00ednimos del sector oscilaron entre $420 mil y $931.186. Aulas vac\u00edas, una postal [&hellip;]<\/p>\n","protected":false},"author":5,"featured_media":423448,"comment_status":"open","ping_status":"open","sticky":false,"template":"","format":"standard","meta":{"_stopmodifiedupdate":false,"_modified_date":"","inline_featured_image":false,"spay_email":"","jetpack_publicize_message":""},"categories":[5],"tags":[],"jetpack_featured_media_url":"https:\/\/notinor.com\/jujuy\/wp-content\/uploads\/2025\/02\/AULA.jpg","jetpack_publicize_connections":[],"_links":{"self":[{"href":"https:\/\/notinor.com\/jujuy\/wp-json\/wp\/v2\/posts\/423447"}],"collection":[{"href":"https:\/\/notinor.com\/jujuy\/wp-json\/wp\/v2\/posts"}],"about":[{"href":"https:\/\/notinor.com\/jujuy\/wp-json\/wp\/v2\/types\/post"}],"author":[{"embeddable":true,"href":"https:\/\/notinor.com\/jujuy\/wp-json\/wp\/v2\/users\/5"}],"replies":[{"embeddable":true,"href":"https:\/\/notinor.com\/jujuy\/wp-json\/wp\/v2\/comments?post=423447"}],"version-history":[{"count":1,"href":"https:\/\/notinor.com\/jujuy\/wp-json\/wp\/v2\/posts\/423447\/revisions"}],"predecessor-version":[{"id":423449,"href":"https:\/\/notinor.com\/jujuy\/wp-json\/wp\/v2\/posts\/423447\/revisions\/423449"}],"wp:featuredmedia":[{"embeddable":true,"href":"https:\/\/notinor.com\/jujuy\/wp-json\/wp\/v2\/media\/423448"}],"wp:attachment":[{"href":"https:\/\/notinor.com\/jujuy\/wp-json\/wp\/v2\/media?parent=423447"}],"wp:term":[{"taxonomy":"category","embeddable":true,"href":"https:\/\/notinor.com\/jujuy\/wp-json\/wp\/v2\/categories?post=423447"},{"taxonomy":"post_tag","embeddable":true,"href":"https:\/\/notinor.com\/jujuy\/wp-json\/wp\/v2\/tags?post=423447"}],"curies":[{"name":"wp","href":"https:\/\/api.w.org\/{rel}","templated":true}]}}