{"id":423444,"date":"2025-02-19T11:29:23","date_gmt":"2025-02-19T14:29:23","guid":{"rendered":"https:\/\/notinor.com\/jujuy\/?p=423444"},"modified":"2025-02-19T11:29:25","modified_gmt":"2025-02-19T14:29:25","slug":"el-papa-francisco-paso-una-noche-tranquila-tras-ser-diagnosticado-con-neumonia-bilateral","status":"publish","type":"post","link":"https:\/\/notinor.com\/jujuy\/el-papa-francisco-paso-una-noche-tranquila-tras-ser-diagnosticado-con-neumonia-bilateral\/","title":{"rendered":"El papa Francisco pas\u00f3 una noche tranquila tras ser diagnosticado con neumon\u00eda bilateral"},"content":{"rendered":"\n<p>El Vaticano advirti\u00f3 que su estado de salud sigue siendo \u201ccomplejo\u201d debido a una infecci\u00f3n polimicrobiana que complica el tratamiento. \u201cSe despert\u00f3 y desayun\u00f3\u201d, detall\u00f3 la Santa Sede.<\/p>\n\n\n<div class=\"wp-block-image\">\n<figure class=\"aligncenter size-large\"><img decoding=\"async\" loading=\"lazy\" width=\"757\" height=\"480\" src=\"https:\/\/notinor.com\/jujuy\/wp-content\/uploads\/2025\/02\/FRANCISCO-1-757x480.jpg\" alt=\"\" class=\"wp-image-423445\" srcset=\"https:\/\/notinor.com\/jujuy\/wp-content\/uploads\/2025\/02\/FRANCISCO-1-757x480.jpg 757w, https:\/\/notinor.com\/jujuy\/wp-content\/uploads\/2025\/02\/FRANCISCO-1-576x365.jpg 576w, https:\/\/notinor.com\/jujuy\/wp-content\/uploads\/2025\/02\/FRANCISCO-1-768x487.jpg 768w, https:\/\/notinor.com\/jujuy\/wp-content\/uploads\/2025\/02\/FRANCISCO-1-750x476.jpg 750w, https:\/\/notinor.com\/jujuy\/wp-content\/uploads\/2025\/02\/FRANCISCO-1.jpg 798w\" sizes=\"(max-width: 757px) 100vw, 757px\" \/><figcaption class=\"wp-element-caption\">El papa Francisco pas\u00f3 una \u201cnoche tranquila\u201d tras ser diagnosticado con neumon\u00eda bilateral<\/figcaption><\/figure><\/div>\n\n\n<p><strong>El papa Francisco&nbsp;<\/strong>pas\u00f3 una&nbsp;<strong>noche tranquila<\/strong>&nbsp;en el hospital&nbsp;<strong>Gemelli de Roma<\/strong>, donde permanece internado desde hace cinco d\u00edas por&nbsp;<strong>una infecci\u00f3n pulmonar<\/strong>, inform\u00f3 este mi\u00e9rcoles el&nbsp;<strong>Vaticano<\/strong>.<\/p>\n\n\n\n<p><em>\u201c<\/em>El papa pas\u00f3 una noche tranquila, se despert\u00f3 y desayun\u00f3<em>\u201d<\/em>, indic\u00f3 la Santa Sede sin ofrecer m\u00e1s detalles sobre su evoluci\u00f3n, aunque advirti\u00f3 que su estado de salud sigue siendo&nbsp;<strong>\u201ccomplejo\u201d<\/strong>&nbsp;debido a una&nbsp;<strong>infecci\u00f3n polimicrobiana<\/strong>&nbsp;que complica el tratamiento.<\/p>\n\n\n\n<p>Francisco ingres\u00f3 la semana pasada con&nbsp;<strong>bronquitis<\/strong>, pero una tomograf\u00eda revel\u00f3 que hab\u00eda desarrollado&nbsp;<strong>neumon\u00eda bilateral<\/strong>, lo que requiri\u00f3&nbsp;<strong>terapia antibi\u00f3tica con corticoides<\/strong>. Seg\u00fan el Vaticano, el cuadro se suma a&nbsp;<strong>bronquiectasias y bronquitis asm\u00e1tica<\/strong>, condiciones que afectan su sistema respiratorio.<\/p>\n\n\n\n<p>\u201cLa tomograf\u00eda computarizada de t\u00f3rax a la que se someti\u00f3 esta tarde el Santo Padre (\u2026) demostr\u00f3 la aparici\u00f3n de neumon\u00eda bilateral que&nbsp;<strong>requiere terapia farmacol\u00f3gica adicional<\/strong>\u201d, precis\u00f3 la Santa Sede.<\/p>\n\n\n\n<p>El pont\u00edfice ya hab\u00eda enfrentado problemas pulmonares en su juventud. A los&nbsp;<strong>21 a\u00f1os<\/strong>, se le extirp\u00f3 parte del&nbsp;<strong>pulm\u00f3n derecho<\/strong>&nbsp;tras desarrollar&nbsp;<strong>pleures\u00eda<\/strong>, una infecci\u00f3n grave que casi le cost\u00f3 la vida.<\/p>\n\n\n\n<p class=\"has-text-align-center\">Debido a su estado, el Vaticano\u00a0<strong>suspendi\u00f3 su audiencia del s\u00e1bado y su asistencia a la misa del domingo<\/strong>, aunque a\u00fan no ha confirmado si dirigir\u00e1 la tradicional oraci\u00f3n del\u00a0<strong>\u00c1ngelus<\/strong>.<img decoding=\"async\" loading=\"lazy\" height=\"1080\" width=\"1920\" src=\"https:\/\/www.infobae.com\/resizer\/v2\/6MFRKGZNUVGY5FV2JKRERBMKCE.jpg?auth=22d1a3c2083a07f139fbc922f0314ae98c23f5873bcc0271173899e66d32dfd5&amp;smart=true&amp;width=350&amp;height=197&amp;quality=85\" alt=\"El papa Francisco en el\">El papa Francisco en el hospital A. Gemelli <\/p>\n\n\n\n<p>Esta nueva crisis de salud ha encendido las alarmas dentro de la curia romana, ya que se suma a una serie de problemas m\u00e9dicos que han afectado al pont\u00edfice en los \u00faltimos a\u00f1os. Desde 2021, Francisco ha sido sometido a&nbsp;<strong>cirug\u00edas de colon y de hernia<\/strong>, y debido a problemas en la&nbsp;<strong>rodilla<\/strong>&nbsp;ha recurrido al&nbsp;<strong>uso de silla de ruedas<\/strong>&nbsp;en m\u00faltiples ocasiones.<\/p>\n\n\n\n<p>El lunes, los especialistas confirmaron que la neumon\u00eda del Papa es resultado de una&nbsp;<strong>infecci\u00f3n respiratoria polimicrobiana<\/strong>, lo que sugiere que su tratamiento podr\u00eda extenderse por un tiempo indeterminado.<\/p>\n\n\n\n<p>A pesar de su estado de salud, el Vaticano inform\u00f3 que el pont\u00edfice mantuvo momentos de oraci\u00f3n y lectura. \u201c<strong>Esta ma\u00f1ana, recibi\u00f3 la eucarist\u00eda y, durante el d\u00eda, ha alternado el descanso con la oraci\u00f3n y la lectura de textos<\/strong>\u201d, indic\u00f3 el martes la Santa Sede.<\/p>\n\n\n\n<p>Francisco tambi\u00e9n expres\u00f3 su gratitud por los mensajes de apoyo recibidos desde distintas partes del mundo. \u201cEl sumo pont\u00edfice agradece la cercan\u00eda que le expresan en este periodo y<strong>\u00a0les pide, con el coraz\u00f3n agradecido, que sigan rezando por \u00e9l<\/strong>\u201d. El martes, numerosos fieles y turistas congregados en la\u00a0<strong>Plaza de San Pedro<\/strong>\u00a0expresaron su preocupaci\u00f3n por la salud del Papa.<\/p>\n\n\n\n<p class=\"has-text-align-center\"><img decoding=\"async\" loading=\"lazy\" height=\"4236\" width=\"6354\" src=\"https:\/\/www.infobae.com\/resizer\/v2\/M5SCZRPIQCYLTGVPXJXAHGFQHM.jpg?auth=0bb12a2d3bcccc8c725b215638e10792261a9a0e963fdddf2dcc7236d09f09f4&amp;smart=true&amp;width=350&amp;height=233&amp;quality=85\" alt=\"La salud de Jorge Bergoglio\">La salud de Jorge Bergoglio ha sido motivo de atenci\u00f3n en los \u00faltimos a\u00f1os, ya que el Papa enfrent\u00f3 diversos problemas f\u00edsicos, entre ellos dolores de rodilla que lo obligaron a utilizar una silla de ruedas, as\u00ed como intervenciones quir\u00fargicas y varias infecciones respiratorias <\/p>\n\n\n\n<p>Francisco ha mencionado en varias ocasiones la posibilidad de&nbsp;<strong>renunciar<\/strong>&nbsp;si su estado de salud le impide continuar con sus deberes como pont\u00edfice. Sin embargo, en un libro publicado el a\u00f1o pasado, aclar\u00f3 que esta opci\u00f3n es&nbsp;<strong>\u201cuna posibilidad lejana\u201d<\/strong>, justificable solo en caso de&nbsp;<strong>\u201cun impedimento f\u00edsico grave\u201d<\/strong>.<\/p>\n\n\n\n<p>En la Santa Sede, esta declaraci\u00f3n ha cobrado relevancia, pues su predecesor,&nbsp;<strong>Benedicto XVI<\/strong>, renunci\u00f3 en 2013 debido a problemas de salud, un precedente que podr\u00eda influir en la decisi\u00f3n de Francisco si su condici\u00f3n empeora.<\/p>\n\n\n\n<p>Su reciente hospitalizaci\u00f3n, la cuarta en menos de cuatro a\u00f1os, reaviv\u00f3 el debate sobre su estado de salud y su capacidad para afrontar los compromisos previstos para este a\u00f1o.<\/p>\n\n\n\n<p>Su ingreso ocurre en un momento clave, dado que en 2025 se celebra el&nbsp;<strong>A\u00f1o Jubilar de la Iglesia cat\u00f3lica<\/strong>, un evento que contempla una extensa agenda de actividades, muchas de ellas encabezadas por el propio Papa.<\/p>\n\n\n\n<p>El Vaticano no precis\u00f3 cu\u00e1nto tiempo permanecer\u00e1 hospitalizado ni ofreci\u00f3 detalles sobre su posible reincorporaci\u00f3n a sus labores habituales. Mientras tanto, el pont\u00edfice sigue recibiendo tratamiento bajo estricta supervisi\u00f3n m\u00e9dica en el hospital&nbsp;<strong>Gemelli<\/strong>, el centro de referencia para la atenci\u00f3n de los pont\u00edfices desde el papado de&nbsp;<strong>Juan Pablo II<\/strong>.<\/p>\n","protected":false},"excerpt":{"rendered":"<p>El Vaticano advirti\u00f3 que su estado de salud sigue siendo \u201ccomplejo\u201d debido a una infecci\u00f3n polimicrobiana que complica el tratamiento. \u201cSe despert\u00f3 y desayun\u00f3\u201d, detall\u00f3 la Santa Sede. El papa Francisco&nbsp;pas\u00f3 una&nbsp;noche tranquila&nbsp;en el hospital&nbsp;Gemelli de Roma, donde permanece internado desde hace cinco d\u00edas por&nbsp;una infecci\u00f3n pulmonar, inform\u00f3 este mi\u00e9rcoles el&nbsp;Vaticano. \u201cEl papa pas\u00f3 una [&hellip;]<\/p>\n","protected":false},"author":5,"featured_media":423445,"comment_status":"open","ping_status":"open","sticky":false,"template":"","format":"standard","meta":{"_stopmodifiedupdate":false,"_modified_date":"","inline_featured_image":false,"spay_email":"","jetpack_publicize_message":""},"categories":[6],"tags":[],"jetpack_featured_media_url":"https:\/\/notinor.com\/jujuy\/wp-content\/uploads\/2025\/02\/FRANCISCO-1.jpg","jetpack_publicize_connections":[],"_links":{"self":[{"href":"https:\/\/notinor.com\/jujuy\/wp-json\/wp\/v2\/posts\/423444"}],"collection":[{"href":"https:\/\/notinor.com\/jujuy\/wp-json\/wp\/v2\/posts"}],"about":[{"href":"https:\/\/notinor.com\/jujuy\/wp-json\/wp\/v2\/types\/post"}],"author":[{"embeddable":true,"href":"https:\/\/notinor.com\/jujuy\/wp-json\/wp\/v2\/users\/5"}],"replies":[{"embeddable":true,"href":"https:\/\/notinor.com\/jujuy\/wp-json\/wp\/v2\/comments?post=423444"}],"version-history":[{"count":1,"href":"https:\/\/notinor.com\/jujuy\/wp-json\/wp\/v2\/posts\/423444\/revisions"}],"predecessor-version":[{"id":423446,"href":"https:\/\/notinor.com\/jujuy\/wp-json\/wp\/v2\/posts\/423444\/revisions\/423446"}],"wp:featuredmedia":[{"embeddable":true,"href":"https:\/\/notinor.com\/jujuy\/wp-json\/wp\/v2\/media\/423445"}],"wp:attachment":[{"href":"https:\/\/notinor.com\/jujuy\/wp-json\/wp\/v2\/media?parent=423444"}],"wp:term":[{"taxonomy":"category","embeddable":true,"href":"https:\/\/notinor.com\/jujuy\/wp-json\/wp\/v2\/categories?post=423444"},{"taxonomy":"post_tag","embeddable":true,"href":"https:\/\/notinor.com\/jujuy\/wp-json\/wp\/v2\/tags?post=423444"}],"curies":[{"name":"wp","href":"https:\/\/api.w.org\/{rel}","templated":true}]}}