{"id":423437,"date":"2025-02-19T10:51:59","date_gmt":"2025-02-19T13:51:59","guid":{"rendered":"https:\/\/notinor.com\/jujuy\/?p=423437"},"modified":"2025-02-19T10:52:01","modified_gmt":"2025-02-19T13:52:01","slug":"se-concreto-la-decimosegunda-ablacion-de-2025","status":"publish","type":"post","link":"https:\/\/notinor.com\/jujuy\/se-concreto-la-decimosegunda-ablacion-de-2025\/","title":{"rendered":"Se concret\u00f3 la decimosegunda ablaci\u00f3n de 2025"},"content":{"rendered":"\n<p class=\"has-medium-font-size\"><strong><em>La creciente sensibilizaci\u00f3n de la comunidad juje\u00f1a sobre la importancia de la donaci\u00f3n de \u00f3rganos es clave para que estos logros sean posibles.<\/em><\/strong><\/p>\n\n\n<div class=\"wp-block-image\">\n<figure class=\"aligncenter\"><img decoding=\"async\" src=\"https:\/\/media.prensa.jujuy.gob.ar\/p\/85e188ee0463222f8ec2b8bb4cfc1b0a\/adjuntos\/301\/imagenes\/000\/407\/0000407900\/1200x0\/smart\/whatsapp-image-2025-02-18-at-103636jpeg.jpeg\" alt=\"Se concret\u00f3 la decimosegunda ablaci\u00f3n de 2025\" title=\"Se concret\u00f3 la decimosegunda ablaci\u00f3n de 2025\"\/><figcaption class=\"wp-element-caption\">\"Donar es dar vida\"<\/figcaption><\/figure><\/div>\n\n\n<p>El Ministerio de Salud de Jujuy destac\u00f3 que en las \u00faltimas horas <strong>se realiz\u00f3 un nuevo procedimiento de ablaci\u00f3n de globos oculares en el hospital p\u00fablico Pablo Soria<\/strong> de la capital provincial, alcanzando de esta manera un total de 12 exitosos operativos en el transcurso del a\u00f1o.<\/p>\n\n\n\n<p>Dar cumplimiento a los protocolos para lograr operativos de ablaci\u00f3n de \u00f3rganos y tejidos requiere del trabajo articulado entre equipos profesionales ablacionistas y becarios, as\u00ed como con el Centro \u00danico Coordinador de Ablaci\u00f3n e Implante (CUCAIJUY), red hospitalaria p\u00fablica, sector privado y sistema federal de salud, entre otras \u00e1reas y agentes clave.<\/p>\n\n\n\n<p>Gracias a las estrategias sanitarias implementadas en terreno y de manera interinstitucional y al respaldo del Plan Estrat\u00e9gico de Salud II, Jujuy contin\u00faa consolid\u00e1ndose como un ejemplo de compromiso, donde la vida es el valor central. A\u00f1o a a\u00f1o, m\u00e1s personas de todas las edades tienen la oportunidad de recuperar su salud y su futuro, gracias a quienes generosamente deciden dar lo m\u00e1s valioso que tienen para ofrecer.<\/p>\n\n\n\n<p><strong>M\u00e1s informaci\u00f3n<\/strong>&nbsp;<\/p>\n\n\n\n<p>Se puede concurrir a la sede del CUCAIJUY en G\u00fcemes 1360 de San Salvador, de lunes a viernes de 8 a 12 horas o comunicarse al 4221228. Tambi\u00e9n se puede contactar la l\u00ednea telef\u00f3nica del INCUCAI, 0800 555 4628 (INCU) o consultar la web https:\/\/www.argentina.gob.ar\/salud\/incucai<\/p>\n","protected":false},"excerpt":{"rendered":"<p>La creciente sensibilizaci\u00f3n de la comunidad juje\u00f1a sobre la importancia de la donaci\u00f3n de \u00f3rganos es clave para que estos logros sean posibles. El Ministerio de Salud de Jujuy destac\u00f3 que en las \u00faltimas horas se realiz\u00f3 un nuevo procedimiento de ablaci\u00f3n de globos oculares en el hospital p\u00fablico Pablo Soria de la capital provincial, [&hellip;]<\/p>\n","protected":false},"author":5,"featured_media":423438,"comment_status":"open","ping_status":"open","sticky":false,"template":"","format":"standard","meta":{"_stopmodifiedupdate":false,"_modified_date":"","inline_featured_image":false,"spay_email":"","jetpack_publicize_message":""},"categories":[828],"tags":[],"jetpack_featured_media_url":"https:\/\/notinor.com\/jujuy\/wp-content\/uploads\/2025\/02\/ABLACION.jpg","jetpack_publicize_connections":[],"_links":{"self":[{"href":"https:\/\/notinor.com\/jujuy\/wp-json\/wp\/v2\/posts\/423437"}],"collection":[{"href":"https:\/\/notinor.com\/jujuy\/wp-json\/wp\/v2\/posts"}],"about":[{"href":"https:\/\/notinor.com\/jujuy\/wp-json\/wp\/v2\/types\/post"}],"author":[{"embeddable":true,"href":"https:\/\/notinor.com\/jujuy\/wp-json\/wp\/v2\/users\/5"}],"replies":[{"embeddable":true,"href":"https:\/\/notinor.com\/jujuy\/wp-json\/wp\/v2\/comments?post=423437"}],"version-history":[{"count":1,"href":"https:\/\/notinor.com\/jujuy\/wp-json\/wp\/v2\/posts\/423437\/revisions"}],"predecessor-version":[{"id":423439,"href":"https:\/\/notinor.com\/jujuy\/wp-json\/wp\/v2\/posts\/423437\/revisions\/423439"}],"wp:featuredmedia":[{"embeddable":true,"href":"https:\/\/notinor.com\/jujuy\/wp-json\/wp\/v2\/media\/423438"}],"wp:attachment":[{"href":"https:\/\/notinor.com\/jujuy\/wp-json\/wp\/v2\/media?parent=423437"}],"wp:term":[{"taxonomy":"category","embeddable":true,"href":"https:\/\/notinor.com\/jujuy\/wp-json\/wp\/v2\/categories?post=423437"},{"taxonomy":"post_tag","embeddable":true,"href":"https:\/\/notinor.com\/jujuy\/wp-json\/wp\/v2\/tags?post=423437"}],"curies":[{"name":"wp","href":"https:\/\/api.w.org\/{rel}","templated":true}]}}