{"id":423435,"date":"2025-02-19T10:36:41","date_gmt":"2025-02-19T13:36:41","guid":{"rendered":"https:\/\/notinor.com\/jujuy\/?p=423435"},"modified":"2025-02-19T10:36:43","modified_gmt":"2025-02-19T13:36:43","slug":"emergencia-en-el-suministro-de-agua-potable-para-san-salvador-de-jujuy-debido-a-la-alta-turbidez","status":"publish","type":"post","link":"https:\/\/notinor.com\/jujuy\/emergencia-en-el-suministro-de-agua-potable-para-san-salvador-de-jujuy-debido-a-la-alta-turbidez\/","title":{"rendered":"Emergencia en el suministro de agua potable para San Salvador de Jujuy debido a la alta turbidez"},"content":{"rendered":"\n<p class=\"has-medium-font-size\"><strong><em>La empresa estatal no se detiene en la normalizaci\u00f3n de captaci\u00f3n, producci\u00f3n y distribuci\u00f3n de agua potable para la capital debido a la turbidez en r\u00edos.<\/em><\/strong><\/p>\n\n\n<div class=\"wp-block-image\">\n<figure class=\"aligncenter\"><img decoding=\"async\" src=\"https:\/\/media.prensa.jujuy.gob.ar\/p\/65cdcf51762ca959e557738dbd58013f\/adjuntos\/301\/imagenes\/000\/408\/0000408040\/1200x0\/smart\/altos-indices-turbidez-fuentes-captacion-provocan-emergencia-el-servicio-agua-potable-san-salvador-jujuy-1jpg.jpg\" alt=\"Altos \u00edndices de turbidez en fuentes de captaci\u00f3n provocan emergencia en el servicio de agua potable para San Salvador de Jujuy\" title=\"Altos \u00edndices de turbidez en fuentes de captaci\u00f3n provocan emergencia en el servicio de agua potable para San Salvador de Jujuy\"\/><figcaption class=\"wp-element-caption\">Toma de agua<\/figcaption><\/figure><\/div>\n\n\n<p>El intenso temporal con extraordinarios valores de precipitaciones en estas \u00faltimas 24 horas elev\u00f3 desmedidamente los&nbsp;<strong>\u00edndices de turbidez en las fuentes de captaci\u00f3n<\/strong>, afectando la producci\u00f3n normal de agua potable para San Salvador de Jujuy.&nbsp;<strong>Agua Potable&nbsp;<\/strong>trabaja ininterrumpidamente para normalizar la situaci\u00f3n en el menor tiempo posible.<\/p>\n\n\n\n<p>Los niveles de turbidez se incrementaron fuertemente, llegando actualmente a&nbsp;<strong>100.000 NTU en el R\u00edo Grande y 40.000 NTU en R\u00edo Guerrero<\/strong>, siendo NTU la unidad de medida que se utiliza para cuantificar la turbidez de un l\u00edquido. Llegando a niveles inusuales para la producci\u00f3n normal.<\/p>\n\n\n\n<p>Este fen\u00f3meno natural inusual para la \u00e9poca actual del a\u00f1o registr\u00f3 m\u00e1s de 206 mm de agua de tormentas durante la jornada de ayer y m\u00e1s de 50 mm en la madrugada, provocando el arrastre de sedimentos, materia org\u00e1nica y otros elementos que impactaron directamente en las distintas tomas de captaci\u00f3n de agua de las plantas potabilizadoras de la zona.<\/p>\n\n\n\n<p>La empresa estatal lleva adelante desde la jornada de ayer, con maquinaria y personal especializado, trabajos intensos en las distintas fuentes del recurso vital. Las labores actuales se enfocan en dar prioridad a la normalizaci\u00f3n de producci\u00f3n para recuperar sistema a la zona c\u00e9ntrica donde se encuentran la mayor\u00eda de hospitales y cl\u00ednicas.&nbsp;<\/p>\n\n\n\n<p>Ante esta situaci\u00f3n de emergencia, se solicita a los usuarios hacer un uso responsable del agua durante este per\u00edodo hasta su normalizaci\u00f3n.<\/p>\n","protected":false},"excerpt":{"rendered":"<p>La empresa estatal no se detiene en la normalizaci\u00f3n de captaci\u00f3n, producci\u00f3n y distribuci\u00f3n de agua potable para la capital debido a la turbidez en r\u00edos. El intenso temporal con extraordinarios valores de precipitaciones en estas \u00faltimas 24 horas elev\u00f3 desmedidamente los&nbsp;\u00edndices de turbidez en las fuentes de captaci\u00f3n, afectando la producci\u00f3n normal de agua [&hellip;]<\/p>\n","protected":false},"author":5,"featured_media":374193,"comment_status":"open","ping_status":"open","sticky":false,"template":"","format":"standard","meta":{"_stopmodifiedupdate":false,"_modified_date":"","inline_featured_image":false,"spay_email":"","jetpack_publicize_message":""},"categories":[2],"tags":[],"jetpack_featured_media_url":"https:\/\/notinor.com\/jujuy\/wp-content\/uploads\/2023\/03\/agua-1.jpg","jetpack_publicize_connections":[],"_links":{"self":[{"href":"https:\/\/notinor.com\/jujuy\/wp-json\/wp\/v2\/posts\/423435"}],"collection":[{"href":"https:\/\/notinor.com\/jujuy\/wp-json\/wp\/v2\/posts"}],"about":[{"href":"https:\/\/notinor.com\/jujuy\/wp-json\/wp\/v2\/types\/post"}],"author":[{"embeddable":true,"href":"https:\/\/notinor.com\/jujuy\/wp-json\/wp\/v2\/users\/5"}],"replies":[{"embeddable":true,"href":"https:\/\/notinor.com\/jujuy\/wp-json\/wp\/v2\/comments?post=423435"}],"version-history":[{"count":1,"href":"https:\/\/notinor.com\/jujuy\/wp-json\/wp\/v2\/posts\/423435\/revisions"}],"predecessor-version":[{"id":423436,"href":"https:\/\/notinor.com\/jujuy\/wp-json\/wp\/v2\/posts\/423435\/revisions\/423436"}],"wp:featuredmedia":[{"embeddable":true,"href":"https:\/\/notinor.com\/jujuy\/wp-json\/wp\/v2\/media\/374193"}],"wp:attachment":[{"href":"https:\/\/notinor.com\/jujuy\/wp-json\/wp\/v2\/media?parent=423435"}],"wp:term":[{"taxonomy":"category","embeddable":true,"href":"https:\/\/notinor.com\/jujuy\/wp-json\/wp\/v2\/categories?post=423435"},{"taxonomy":"post_tag","embeddable":true,"href":"https:\/\/notinor.com\/jujuy\/wp-json\/wp\/v2\/tags?post=423435"}],"curies":[{"name":"wp","href":"https:\/\/api.w.org\/{rel}","templated":true}]}}