{"id":423362,"date":"2025-02-17T20:41:00","date_gmt":"2025-02-17T23:41:00","guid":{"rendered":"https:\/\/notinor.com\/jujuy\/?p=423362"},"modified":"2025-02-17T08:41:45","modified_gmt":"2025-02-17T08:41:45","slug":"este-martes-ejesa-realizara-de-mejora-y-mantenimiento-de-redes-electricas-en-predio-parque-industrial-perico-y-zonas-aledanas","status":"publish","type":"post","link":"https:\/\/notinor.com\/jujuy\/este-martes-ejesa-realizara-de-mejora-y-mantenimiento-de-redes-electricas-en-predio-parque-industrial-perico-y-zonas-aledanas\/","title":{"rendered":"Este martes EJESA realizar\u00e1 de mejora y mantenimiento de redes el\u00e9ctricas en Predio Parque industrial Perico y zonas aleda\u00f1as"},"content":{"rendered":"\n<p class=\"has-medium-font-size\"><strong><em>Informamos\u00a0que, con el objeto de\u00a0elevar la calidad de nuestro servicio,\u00a0se realizar\u00e1n tareas de\u00a0mantenimiento y renovaci\u00f3n\u00a0en las instalaciones de nuestro sistema.<\/em><\/strong><\/p>\n\n\n<div class=\"wp-block-image\">\n<figure class=\"aligncenter size-full\"><img decoding=\"async\" loading=\"lazy\" width=\"640\" height=\"448\" src=\"https:\/\/notinor.com\/jujuy\/wp-content\/uploads\/2016\/08\/parque-industrial-perico_28070.jpg\" alt=\"\" class=\"wp-image-83531\" srcset=\"https:\/\/notinor.com\/jujuy\/wp-content\/uploads\/2016\/08\/parque-industrial-perico_28070.jpg 640w, https:\/\/notinor.com\/jujuy\/wp-content\/uploads\/2016\/08\/parque-industrial-perico_28070-300x210.jpg 300w\" sizes=\"(max-width: 640px) 100vw, 640px\" \/><\/figure><\/div>\n\n\n<p>Con este fin, ser\u00e1 necesario efectuar una&nbsp;interrupci\u00f3n programada en las siguientes zonas y horarios:<\/p>\n\n\n\n<p>\ud83d\udcccPERICO<\/p>\n\n\n\n<p>\ud83d\uddd3\ufe0f MARTES 18\/02\/2025\u00a0\u00a0\u00a0\u00a0\u00a0\u00a0\u00a0\u00a0\u00a0\u00a0\u00a0\u00a0\u00a0\u00a0\u00a0\u00a0\u00a0\u00a0\u00a0\u00a0\u00a0\u00a0\u00a0\u00a0\u00a0\u00a0\u00a0\u00a0\u00a0\u00a0\u00a0\u00a0\u00a0\u00a0\u00a0\u00a0\u00a0\u00a0\u00a0\u00a0\u00a0\u00a0\u00a0\u00a0\u00a0\u00a0\u00a0\u00a0\u00a0\u00a0\u00a0\u00a0\u00a0\u00a0\u00a0<\/p>\n\n\n\n<p>\ud83d\udd52&nbsp;De 08:30 a 12:30 Hs aprox.<\/p>\n\n\n\n<p>Zonas: Predio Parque industrial Perico y zonas aleda\u00f1as.<\/p>\n\n\n\n<p>Agradecemos tomar las precauciones necesarias durante la duraci\u00f3n de dicha interrupci\u00f3n a fin de evitar mayores inconvenientes.<\/p>\n\n\n\n<p>Por consultas y\/o requerimientos te recordamos nuestros canales oficiales de contacto disponibles las 24hs. A trav\u00e9s de este link:&nbsp;<a href=\"https:\/\/linktr.ee\/ejesa\" target=\"_blank\" rel=\"noreferrer noopener\">https:\/\/linktr.ee\/ejesa<\/a><\/p>\n","protected":false},"excerpt":{"rendered":"<p>Informamos\u00a0que, con el objeto de\u00a0elevar la calidad de nuestro servicio,\u00a0se realizar\u00e1n tareas de\u00a0mantenimiento y renovaci\u00f3n\u00a0en las instalaciones de nuestro sistema. Con este fin, ser\u00e1 necesario efectuar una&nbsp;interrupci\u00f3n programada en las siguientes zonas y horarios: \ud83d\udcccPERICO \ud83d\uddd3\ufe0f MARTES 18\/02\/2025\u00a0\u00a0\u00a0\u00a0\u00a0\u00a0\u00a0\u00a0\u00a0\u00a0\u00a0\u00a0\u00a0\u00a0\u00a0\u00a0\u00a0\u00a0\u00a0\u00a0\u00a0\u00a0\u00a0\u00a0\u00a0\u00a0\u00a0\u00a0\u00a0\u00a0\u00a0\u00a0\u00a0\u00a0\u00a0\u00a0\u00a0\u00a0\u00a0\u00a0\u00a0\u00a0\u00a0\u00a0\u00a0\u00a0\u00a0\u00a0\u00a0\u00a0\u00a0\u00a0\u00a0\u00a0\u00a0 \ud83d\udd52&nbsp;De 08:30 a 12:30 Hs aprox. Zonas: Predio Parque industrial Perico y zonas aleda\u00f1as. Agradecemos tomar las [&hellip;]<\/p>\n","protected":false},"author":5,"featured_media":83531,"comment_status":"open","ping_status":"open","sticky":false,"template":"","format":"standard","meta":{"_stopmodifiedupdate":false,"_modified_date":"","inline_featured_image":false,"spay_email":"","jetpack_publicize_message":""},"categories":[4],"tags":[],"jetpack_featured_media_url":"https:\/\/notinor.com\/jujuy\/wp-content\/uploads\/2016\/08\/parque-industrial-perico_28070.jpg","jetpack_publicize_connections":[],"_links":{"self":[{"href":"https:\/\/notinor.com\/jujuy\/wp-json\/wp\/v2\/posts\/423362"}],"collection":[{"href":"https:\/\/notinor.com\/jujuy\/wp-json\/wp\/v2\/posts"}],"about":[{"href":"https:\/\/notinor.com\/jujuy\/wp-json\/wp\/v2\/types\/post"}],"author":[{"embeddable":true,"href":"https:\/\/notinor.com\/jujuy\/wp-json\/wp\/v2\/users\/5"}],"replies":[{"embeddable":true,"href":"https:\/\/notinor.com\/jujuy\/wp-json\/wp\/v2\/comments?post=423362"}],"version-history":[{"count":1,"href":"https:\/\/notinor.com\/jujuy\/wp-json\/wp\/v2\/posts\/423362\/revisions"}],"predecessor-version":[{"id":423363,"href":"https:\/\/notinor.com\/jujuy\/wp-json\/wp\/v2\/posts\/423362\/revisions\/423363"}],"wp:featuredmedia":[{"embeddable":true,"href":"https:\/\/notinor.com\/jujuy\/wp-json\/wp\/v2\/media\/83531"}],"wp:attachment":[{"href":"https:\/\/notinor.com\/jujuy\/wp-json\/wp\/v2\/media?parent=423362"}],"wp:term":[{"taxonomy":"category","embeddable":true,"href":"https:\/\/notinor.com\/jujuy\/wp-json\/wp\/v2\/categories?post=423362"},{"taxonomy":"post_tag","embeddable":true,"href":"https:\/\/notinor.com\/jujuy\/wp-json\/wp\/v2\/tags?post=423362"}],"curies":[{"name":"wp","href":"https:\/\/api.w.org\/{rel}","templated":true}]}}