{"id":423344,"date":"2025-02-17T10:40:06","date_gmt":"2025-02-17T13:40:06","guid":{"rendered":"https:\/\/notinor.com\/jujuy\/?p=423344"},"modified":"2025-02-17T10:40:08","modified_gmt":"2025-02-17T13:40:08","slug":"la-primera-denuncia-contra-milei-por-el-caso-de-la-criptomoneda-quedo-a-cargo-de-la-jueza-servini","status":"publish","type":"post","link":"https:\/\/notinor.com\/jujuy\/la-primera-denuncia-contra-milei-por-el-caso-de-la-criptomoneda-quedo-a-cargo-de-la-jueza-servini\/","title":{"rendered":"La primera denuncia contra Milei por el caso de la criptomoneda qued\u00f3 a cargo de la jueza Servini"},"content":{"rendered":"\n<p class=\"has-medium-font-size\"><strong><em>Se sorte\u00f3 esta ma\u00f1ana en Comodoro Py. Fue presentada por el ex diputado de la Naci\u00f3n Claudio Lozano y el Observatorio del Derecho a la Ciudad. El resto de las denuncias se acumular\u00e1n en esa causa.<\/em><\/strong><\/p>\n\n\n\n<p class=\"has-text-align-center\"><img decoding=\"async\" loading=\"lazy\" height=\"1536\" width=\"2048\" src=\"https:\/\/www.infobae.com\/resizer\/v2\/DI5QRGC3BBGFVJ4AS3BFOZMPVY.jfif?auth=eb0589b91e8a3ade2922b0f683c4236625eee44e07da0a7a480fde938153f5c2&amp;smart=true&amp;width=350&amp;height=263&amp;quality=85\" alt=\"Hayden Mark Davis y Javier\">Hayden Mark Davis y Javier Milei<\/p>\n\n\n\n<p>La primera denuncia que se sorte\u00f3 esta ma\u00f1ana en los tribunales de Comodoro Py contra el presidente de la Naci\u00f3n,&nbsp;<strong>Javier Milei<\/strong>, por el caso de la criptomoneda $LIBRA qued\u00f3 a cargo de la jueza federal&nbsp;<strong>Mar\u00eda Servini.<\/strong>&nbsp;Se trata de la denuncia que presentaron ayer por correo electr\u00f3nico el ex diputado de la Naci\u00f3n&nbsp;<strong>Claudio Lozano&nbsp;<\/strong>y el Observatorio del Derecho a la Ciudad y que hoy fue sorteada por la C\u00e1mara Federal.<\/p>\n\n\n\n<p>La causa estar\u00e1 a cargo de Servini junto con el fiscal federal&nbsp;<strong>Eduardo Taiano<\/strong>. Hay otras denuncias presentadas y -por tratarse de hechos similares- todas quedar\u00e1n acumuladas en ese primer expediente, informaron a&nbsp;<strong>Infobae<\/strong>&nbsp;fuentes judiciales. Una primera denuncia atrae al resto si se trata de hechos similares los que se buscan investigar.<\/p>\n\n\n\n<p>La primera denuncia que ingres\u00f3 a Comodoro Py fue presentada por Lozano,&nbsp;<strong>Jonatan Baldiviezo&nbsp;<\/strong>(abogado fundador del Observatorio del Derecho a la Ciudad),&nbsp;<strong>Marcos Zelaya<\/strong>&nbsp;(abogado coordinador del \u00e1rea de Derecho y Nuevas Tecnolog\u00edas) y&nbsp;<strong>Mar\u00eda Eva Koutsovitis<\/strong>&nbsp;(ingeniera fundadora de El Movimiento La Ciudad Somos Quienes La Habitamos)<\/p>\n\n\n\n<p>Adem\u00e1s de Milei fueron denunciados&nbsp;<strong>Juli\u00e1n Peh<\/strong>, CEO y cofundador de Kip Network Inc y KIP Protocol -la empresa que desarroll\u00f3 la criptomoneda-,&nbsp;<strong>Daniel Parisini<\/strong>, conocido por su nombre en redes sociales como&nbsp;<strong>\u201cGordo Dan\u201d<\/strong>, el economista&nbsp;<strong>Agust\u00edn Laje<\/strong>, el presidente de la C\u00e1mara de Diputados,&nbsp;<strong>Mart\u00edn Menem<\/strong>,&nbsp;<strong>Hayden Mark Davis<\/strong>, representante de Kelsier Ventures, y contra quienes la investigaci\u00f3n determine que pueden ser responsables de los hechos.<\/p>\n\n\n\n<p>Fueron denunciados por los delitos de asociaci\u00f3n il\u00edcita, estafa y otras defraudaciones e incumplimiento de los deberes de funcionario p\u00fablico y se pidi\u00f3 que a cada uno se le imponga&nbsp;<strong>\u201cla obligaci\u00f3n solidaria de reparar los da\u00f1os causados\u201d<\/strong>.<\/p>\n\n\n\n<p>La denuncia, a la que accedi\u00f3 este medio, repasa los hechos que impactaron en la pol\u00edtica desde el viernes. El Presidente de la Naci\u00f3n publicit\u00f3 en su cuenta de la red social X el lanzamiento de $LIBRA que, explic\u00f3 el jefe de estado en su mensaje, ten\u00eda como objetivo \u201cfondear peque\u00f1as empresas y emprendimientos argentinos\u201d. Pero cuatro horas despu\u00e9s borr\u00f3 esa publicaci\u00f3n y escribi\u00f3 otra en la que dijo que no estaba interiorizado del proyecto.<\/p>\n\n\n\n<p>\u201cEl Presidente de la Naci\u00f3n Argentina, Javier Milei, promocion\u00f3 el proyecto vivalalibertadproject.com y la operatoria con el Token $LIBRA, que cabe destacar, no est\u00e1 registrada ni supervisada por la Comisi\u00f3n Nacional de Valores (CNV), con lo cual falta el factor clave y necesario para generar confianza a los compradores, como as\u00ed tambi\u00e9n para la divulgaci\u00f3n del negocio.\u00a0<strong>El presidente utiliza su investidura presidencial para generar confianza en los compradores, entre otras cosas porque es en definitiva quien propone a trav\u00e9s del Ministro de Econom\u00eda, al presidente de la Comisi\u00f3n Nacional de Valores\u201d,<\/strong>\u00a0sostiene la denuncia.<\/p>\n\n\n\n<p class=\"has-text-align-center\"><img decoding=\"async\" loading=\"lazy\" height=\"1080\" width=\"1920\" src=\"https:\/\/www.infobae.com\/resizer\/v2\/LH4RQFKFTBCJPFGPTFRAEINDJY.jpg?auth=f9f39403e0338693ed79563df8d9c035241476c890f5b28066446c884bdf7ac1&amp;smart=true&amp;width=350&amp;height=197&amp;quality=85\" alt=\"La jueza Mar\u00eda Servini\">La jueza Mar\u00eda Servini<\/p>\n\n\n\n<p>Los denunciantes tambi\u00e9n se\u00f1alaron que por la promoci\u00f3n que hizo Milei de $LIBRA \u201cmuchos inversores perdieron todo su dinero, mientras que los grandes tenedores del activo ganaron millones de d\u00f3lares\u201d y agregaron que \u201cesta criptomoneda naci\u00f3 con 5 billeteras virtuales siendo due\u00f1a del 85% del circulante de Tokens\u201d.<\/p>\n\n\n\n<p>\u201cEl Presidente Milei fue part\u00edcipe necesario y fundamental en una asociaci\u00f3n que tuvo como eje realizar una estafa hist\u00f3rica a trav\u00e9s de criptomonedas. Una organizaci\u00f3n concertada en cometer miles de estafas de manera premeditada y en simult\u00e1neo. En esta megaestafa tuvo como part\u00edcipes necesarios a los que organizaron y crearon el proyecto $LIBRA y tambi\u00e9n en igual medida a quienes lo promocionaron y dieron confiabilidad y respaldo al proyecto\u201d, plantearon los denunciantes.<\/p>\n","protected":false},"excerpt":{"rendered":"<p>Se sorte\u00f3 esta ma\u00f1ana en Comodoro Py. Fue presentada por el ex diputado de la Naci\u00f3n Claudio Lozano y el Observatorio del Derecho a la Ciudad. El resto de las denuncias se acumular\u00e1n en esa causa. Hayden Mark Davis y Javier Milei La primera denuncia que se sorte\u00f3 esta ma\u00f1ana en los tribunales de Comodoro [&hellip;]<\/p>\n","protected":false},"author":5,"featured_media":423345,"comment_status":"open","ping_status":"open","sticky":false,"template":"","format":"standard","meta":{"_stopmodifiedupdate":false,"_modified_date":"","inline_featured_image":false,"spay_email":"","jetpack_publicize_message":""},"categories":[2],"tags":[],"jetpack_featured_media_url":"https:\/\/notinor.com\/jujuy\/wp-content\/uploads\/2025\/02\/JUEZA-1.jpg","jetpack_publicize_connections":[],"_links":{"self":[{"href":"https:\/\/notinor.com\/jujuy\/wp-json\/wp\/v2\/posts\/423344"}],"collection":[{"href":"https:\/\/notinor.com\/jujuy\/wp-json\/wp\/v2\/posts"}],"about":[{"href":"https:\/\/notinor.com\/jujuy\/wp-json\/wp\/v2\/types\/post"}],"author":[{"embeddable":true,"href":"https:\/\/notinor.com\/jujuy\/wp-json\/wp\/v2\/users\/5"}],"replies":[{"embeddable":true,"href":"https:\/\/notinor.com\/jujuy\/wp-json\/wp\/v2\/comments?post=423344"}],"version-history":[{"count":1,"href":"https:\/\/notinor.com\/jujuy\/wp-json\/wp\/v2\/posts\/423344\/revisions"}],"predecessor-version":[{"id":423346,"href":"https:\/\/notinor.com\/jujuy\/wp-json\/wp\/v2\/posts\/423344\/revisions\/423346"}],"wp:featuredmedia":[{"embeddable":true,"href":"https:\/\/notinor.com\/jujuy\/wp-json\/wp\/v2\/media\/423345"}],"wp:attachment":[{"href":"https:\/\/notinor.com\/jujuy\/wp-json\/wp\/v2\/media?parent=423344"}],"wp:term":[{"taxonomy":"category","embeddable":true,"href":"https:\/\/notinor.com\/jujuy\/wp-json\/wp\/v2\/categories?post=423344"},{"taxonomy":"post_tag","embeddable":true,"href":"https:\/\/notinor.com\/jujuy\/wp-json\/wp\/v2\/tags?post=423344"}],"curies":[{"name":"wp","href":"https:\/\/api.w.org\/{rel}","templated":true}]}}