{"id":423283,"date":"2025-02-15T22:18:43","date_gmt":"2025-02-16T01:18:43","guid":{"rendered":"https:\/\/notinor.com\/jujuy\/?p=423283"},"modified":"2025-02-15T22:18:45","modified_gmt":"2025-02-16T01:18:45","slug":"jujuy-y-gualeguaychu-firman-convenio-turistico-y-celebran-el-vinculo-entre-sus-carnavales","status":"publish","type":"post","link":"https:\/\/notinor.com\/jujuy\/jujuy-y-gualeguaychu-firman-convenio-turistico-y-celebran-el-vinculo-entre-sus-carnavales\/","title":{"rendered":"Jujuy y Gualeguaych\u00fa firman convenio tur\u00edstico y celebran el v\u00ednculo entre sus carnavales"},"content":{"rendered":"\n<p class=\"has-medium-font-size\"><strong><em>Este viernes 14 de febrero, en el marco de la promoci\u00f3n del Carnaval de Jujuy en Gualeguaych\u00fa, la Directora del Ente de Promoci\u00f3n Tur\u00edstica de Jujuy, Melina Ainstein, y el Intendente de Gualeguaych\u00fa, Mauricio Davico, firmaron un convenio de colaboraci\u00f3n tur\u00edstica.<\/em><\/strong><\/p>\n\n\n\n<p><\/p>\n\n\n<div class=\"wp-block-image\">\n<figure class=\"aligncenter size-full\"><img decoding=\"async\" loading=\"lazy\" width=\"800\" height=\"450\" src=\"https:\/\/notinor.com\/jujuy\/wp-content\/uploads\/2025\/02\/jujuy-y-gualeguaychu.jpg\" alt=\"\" class=\"wp-image-423284\" srcset=\"https:\/\/notinor.com\/jujuy\/wp-content\/uploads\/2025\/02\/jujuy-y-gualeguaychu.jpg 800w, https:\/\/notinor.com\/jujuy\/wp-content\/uploads\/2025\/02\/jujuy-y-gualeguaychu-649x365.jpg 649w, https:\/\/notinor.com\/jujuy\/wp-content\/uploads\/2025\/02\/jujuy-y-gualeguaychu-500x280.jpg 500w, https:\/\/notinor.com\/jujuy\/wp-content\/uploads\/2025\/02\/jujuy-y-gualeguaychu-768x432.jpg 768w, https:\/\/notinor.com\/jujuy\/wp-content\/uploads\/2025\/02\/jujuy-y-gualeguaychu-750x422.jpg 750w\" sizes=\"(max-width: 800px) 100vw, 800px\" \/><\/figure><\/div>\n\n\n<p><\/p>\n\n\n\n<p><strong>El acuerdo tiene como objetivo fortalecer la visibilidad de ambos destinos, fomentar el intercambio cultural y tur\u00edstico, y generar nuevas oportunidades de promoci\u00f3n conjunta.<\/strong><\/p>\n\n\n\n<p>Durante el encuentro, tambi\u00e9n se hizo entrega de la declaraci\u00f3n de inter\u00e9s cultural y tur\u00edstico de la Legislatura de Jujuy a la comparsa Arayev\u00ed, del club Tiro Federal, en reconocimiento a su homenaje al carnaval juje\u00f1o con la tem\u00e1tica \"Endiablada\".<strong> La puesta en escena de esta comparsa fusiona la esencia del Carnaval de la Quebrada de Humahuaca con la majestuosidad del carnaval entrerriano, llevando la identidad juje\u00f1a a uno de los escenarios m\u00e1s emblem\u00e1ticos del pa\u00eds.<\/strong><\/p>\n\n\n\n<p class=\"has-medium-font-size\"><strong>Autoridades destacan el impacto del convenio<\/strong><\/p>\n\n\n\n<p>El Intendente Mauricio Davico resalt\u00f3 la importancia de este convenio y el lazo que une a ambas regiones a trav\u00e9s de su identidad festiva. <strong>\"Tanto Jujuy como Gualeguaych\u00fa compartimos la pasi\u00f3n por el carnaval, que es una expresi\u00f3n cultural profundamente arraigada en nuestras comunidades. Este acuerdo simboliza la apertura de nuestras ciudades y el compromiso de seguir promocionando lo que nos hace \u00fanicos\". <\/strong><\/p>\n\n\n\n<p>Por su parte, Melina Ainstein valor\u00f3 el reconocimiento a la comparsa Arayev\u00ed y el impacto de esta colaboraci\u00f3n. \"Nos sorprendi\u00f3 gratamente descubrir que una comparsa de Gualeguaych\u00fa hab\u00eda elegido como tem\u00e1tica al carnaval juje\u00f1o. <strong>Este tipo de acciones fortalecen la visibilidad de nuestra cultura y refuerzan los lazos entre dos destinos con una identidad festiva muy marcada.<\/strong> Agradecemos a todas las personas que trabajan detr\u00e1s de esta comparsa y hacen posible este homenaje\".<\/p>\n\n\n\n<p class=\"has-medium-font-size\"><strong>Jujuy se promociona en el Carnaval de Gualeguaych\u00fa<\/strong><\/p>\n\n\n\n<p>El convenio se firm\u00f3 en el contexto de una serie de actividades organizadas por el Ministerio de Cultura y Turismo de Jujuy en Gualeguaych\u00fa para promocionar su carnaval. <strong>Desde esta madrugada, las autoridades de la provincia han presentado el destino en el Museo del Carnaval, resaltando su cultura, gastronom\u00eda y paisajes.<\/strong><\/p>\n\n\n\n<p><strong>Esta noche, los diableros juje\u00f1os participan en los Corsos Populares \"Matecito\" con la tradicional representaci\u00f3n del desentierro del Diablo.<\/strong> Ma\u00f1ana, en el Balneario \u00d1andubaysal, se realizar\u00e1n actividades interactivas donde los visitantes podr\u00e1n conocer m\u00e1s sobre Jujuy y disfrutar de su propuesta cultural.<\/p>\n\n\n\n<p class=\"has-medium-font-size\"><strong>Un v\u00ednculo que seguir\u00e1 creciendo<\/strong><\/p>\n\n\n\n<p>El Presidente del club Tiro Federal, Gustavo Pauletti, celebr\u00f3 el reconocimiento otorgado a Arayev\u00ed y subray\u00f3 la importancia de continuar fortaleciendo este v\u00ednculo. <strong>\"Los carnavales de Jujuy son excepcionales y que podemos establecer un intercambio entre provincias con una fuerte identidad carnavalera es algo que nos enriquece a todos. Este hermanamiento es solo el comienzo de muchas m\u00e1s colaboraciones\".<\/strong><\/p>\n\n\n\n<p>El convenio tendr\u00e1 una vigencia inicial de dos a\u00f1os y abre las puertas a futuras iniciativas que sigan fortaleciendo la presencia de ambos destinos en el panorama tur\u00edstico nacional. <strong>Con esta alianza, Jujuy y Gualeguaych\u00fa consolidan su compromiso de impulsar el turismo y celebrar la riqueza cultural que los une.<\/strong><\/p>\n","protected":false},"excerpt":{"rendered":"<p>Este viernes 14 de febrero, en el marco de la promoci\u00f3n del Carnaval de Jujuy en Gualeguaych\u00fa, la Directora del Ente de Promoci\u00f3n Tur\u00edstica de Jujuy, Melina Ainstein, y el Intendente de Gualeguaych\u00fa, Mauricio Davico, firmaron un convenio de colaboraci\u00f3n tur\u00edstica. El acuerdo tiene como objetivo fortalecer la visibilidad de ambos destinos, fomentar el intercambio [&hellip;]<\/p>\n","protected":false},"author":49,"featured_media":423284,"comment_status":"open","ping_status":"open","sticky":false,"template":"","format":"standard","meta":{"_stopmodifiedupdate":false,"_modified_date":"","inline_featured_image":false,"spay_email":"","jetpack_publicize_message":""},"categories":[2,514,832],"tags":[],"jetpack_featured_media_url":"https:\/\/notinor.com\/jujuy\/wp-content\/uploads\/2025\/02\/jujuy-y-gualeguaychu.jpg","jetpack_publicize_connections":[],"_links":{"self":[{"href":"https:\/\/notinor.com\/jujuy\/wp-json\/wp\/v2\/posts\/423283"}],"collection":[{"href":"https:\/\/notinor.com\/jujuy\/wp-json\/wp\/v2\/posts"}],"about":[{"href":"https:\/\/notinor.com\/jujuy\/wp-json\/wp\/v2\/types\/post"}],"author":[{"embeddable":true,"href":"https:\/\/notinor.com\/jujuy\/wp-json\/wp\/v2\/users\/49"}],"replies":[{"embeddable":true,"href":"https:\/\/notinor.com\/jujuy\/wp-json\/wp\/v2\/comments?post=423283"}],"version-history":[{"count":1,"href":"https:\/\/notinor.com\/jujuy\/wp-json\/wp\/v2\/posts\/423283\/revisions"}],"predecessor-version":[{"id":423285,"href":"https:\/\/notinor.com\/jujuy\/wp-json\/wp\/v2\/posts\/423283\/revisions\/423285"}],"wp:featuredmedia":[{"embeddable":true,"href":"https:\/\/notinor.com\/jujuy\/wp-json\/wp\/v2\/media\/423284"}],"wp:attachment":[{"href":"https:\/\/notinor.com\/jujuy\/wp-json\/wp\/v2\/media?parent=423283"}],"wp:term":[{"taxonomy":"category","embeddable":true,"href":"https:\/\/notinor.com\/jujuy\/wp-json\/wp\/v2\/categories?post=423283"},{"taxonomy":"post_tag","embeddable":true,"href":"https:\/\/notinor.com\/jujuy\/wp-json\/wp\/v2\/tags?post=423283"}],"curies":[{"name":"wp","href":"https:\/\/api.w.org\/{rel}","templated":true}]}}