{"id":423262,"date":"2025-02-14T21:02:37","date_gmt":"2025-02-15T00:02:37","guid":{"rendered":"https:\/\/notinor.com\/jujuy\/?p=423262"},"modified":"2025-02-14T21:44:51","modified_gmt":"2025-02-15T00:44:51","slug":"regresan-los-corsos-capitalinos-a-la-avenida-savio","status":"publish","type":"post","link":"https:\/\/notinor.com\/jujuy\/regresan-los-corsos-capitalinos-a-la-avenida-savio\/","title":{"rendered":"Regresan los corsos capitalinos a la Avenida Savio"},"content":{"rendered":"\n<p class=\"has-medium-font-size\"><strong><em>San Salvador de Jujuy se prepara para el regreso de los Corsos Municipales 2025 a la avenida Savio. La Municipalidad invita a vecinos y turistas a disfrutar de esta fiesta popular que celebrar\u00e1 su segundo fin de semana, espec\u00edficamente el s\u00e1bado 15 y domingo 16 de febrero desde las 18 horas.<\/em><\/strong><\/p>\n\n\n\n<p><\/p>\n\n\n<div class=\"wp-block-image\">\n<figure class=\"aligncenter size-full\"><img decoding=\"async\" loading=\"lazy\" width=\"800\" height=\"450\" src=\"https:\/\/notinor.com\/jujuy\/wp-content\/uploads\/2025\/02\/corsos-capitalinos-avenida-savio.jpg\" alt=\"\" class=\"wp-image-423263\" srcset=\"https:\/\/notinor.com\/jujuy\/wp-content\/uploads\/2025\/02\/corsos-capitalinos-avenida-savio.jpg 800w, https:\/\/notinor.com\/jujuy\/wp-content\/uploads\/2025\/02\/corsos-capitalinos-avenida-savio-649x365.jpg 649w, https:\/\/notinor.com\/jujuy\/wp-content\/uploads\/2025\/02\/corsos-capitalinos-avenida-savio-500x280.jpg 500w, https:\/\/notinor.com\/jujuy\/wp-content\/uploads\/2025\/02\/corsos-capitalinos-avenida-savio-768x432.jpg 768w, https:\/\/notinor.com\/jujuy\/wp-content\/uploads\/2025\/02\/corsos-capitalinos-avenida-savio-750x422.jpg 750w\" sizes=\"(max-width: 800px) 100vw, 800px\" \/><\/figure><\/div>\n\n\n<p><\/p>\n\n\n\n<p>El evento, servir\u00e1 como antesala para el gran Carnaval 2025. Con un despliegue impresionante de comparsas, m\u00fasica y danzas, los corsos municipales son una oportunidad para vivir de cerca la magia de las tradiciones juje\u00f1as y celebrar la cultura local en familia.<\/p>\n\n\n\n<p><strong>Durante estas dos noches, alrededor de 50 agrupaciones y comparsas se presentar\u00e1n en un desfile mostrando lo mejor de la danza y el baile caracter\u00edsticos de la regi\u00f3n. Las comparsas desfilar\u00e1n por la avenida con su alegr\u00eda, talco y espuma, haciendo que grandes y chicos disfruten de una experiencia inolvidable.<\/strong><\/p>\n\n\n\n<p>La Direcci\u00f3n de Cultura del municipio destac\u00f3 la participaci\u00f3n de las agrupaciones locales, que con el paso de los a\u00f1os se han consolidado como un referente cultural y un punto de encuentro para todos los amantes del carnaval. Esta celebraci\u00f3n, que lleva a\u00f1os formando parte de la identidad juje\u00f1a, ofrece una ocasi\u00f3n especial para disfrutar del esp\u00edritu de la fiesta y de la convivencia familiar.<\/p>\n\n\n\n<p class=\"has-medium-font-size\"><strong>Modificaciones en el recorrido del transporte urbano por los corsos en Av. Savio<\/strong><\/p>\n\n\n\n<p>La Secretar\u00eda de Servicios P\u00fablicos de la Municipalidad de San Salvador de Jujuy informa a la comunidad, en especial a los usuarios del transporte urbano de pasajeros, que <strong>los d\u00edas s\u00e1bado 15 y domingo 16 de febrero, con motivo de los tradicionales corsos que se realizar\u00e1n en la Avenida Gral. Savio, se implementar\u00e1n modificaciones en los recorridos de las l\u00edneas de transporte p\u00fablico.<\/strong><\/p>\n\n\n\n<p><strong>Seg\u00fan lo indicado por la Direcci\u00f3n General de Tr\u00e1nsito y Transporte, las l\u00edneas de colectivos afectadas llegar\u00e1n hasta el lugar del evento, donde se habilitar\u00e1n paradas debidamente identificadas para cada una de ellas. <\/strong>Las modificaciones se llevar\u00e1n a cabo entre las 18:00 horas y hasta la finalizaci\u00f3n de los corsos.<\/p>\n\n\n\n<p class=\"has-medium-font-size\"><strong>Transporte urbano con recorrido hasta Av. Gral. Savio:<\/strong><\/p>\n\n\n\n<ul>\n<li><strong>De ida:<\/strong>&nbsp;Las unidades de transporte circular\u00e1n por Av. Savio, derivador P\u00e1rroco Marshke, altura R\u00edo Bamba, Chimborazo, Las Heras, Pasaje Posadas, P\u00e1rroco Marshke, Hip\u00f3lito Yrigoyen, Iriarte, Lisandro de la Torre, y luego seguir\u00e1n su recorrido habitual.<\/li>\n<\/ul>\n\n\n\n<p class=\"has-medium-font-size\"><strong>Las paradas estar\u00e1n ubicadas en las siguientes intersecciones:<\/strong><\/p>\n\n\n\n<ul>\n<li>Las Heras y Chaco<\/li>\n\n\n\n<li>Las Heras y Cuyo<\/li>\n\n\n\n<li>Las Heras y Los Andes<\/li>\n\n\n\n<li>Las Heras y Rastreador.<\/li>\n<\/ul>\n\n\n\n<ul>\n<li><strong>De regreso:<\/strong>&nbsp;El recorrido ser\u00e1 por Av. El \u00c9xodo, Pueyrred\u00f3n, J. Manuela Gorriti, P\u00e1rroco Marshke, Paso Nivel R\u00edo Bamba, Av. Savio, y luego el recorrido habitual.<\/li>\n<\/ul>\n\n\n\n<p class=\"has-medium-font-size\"><strong>Las paradas se establecer\u00e1n en:<\/strong><\/p>\n\n\n\n<ul>\n<li>P\u00e1rroco Marshke entre Malvinas y Ant\u00e1rtida Argentina.<\/li>\n<\/ul>\n\n\n\n<p><strong>Empresa \u201cXibi Xibi\u201d l\u00ednea 40:<\/strong><\/p>\n\n\n\n<ul>\n<li><strong>Ida:<\/strong>&nbsp;El recorrido ser\u00e1 habitual.<\/li>\n\n\n\n<li><strong>Regreso:<\/strong>\u00a0Las unidades circular\u00e1n por Av. El \u00c9xodo, Pueyrred\u00f3n, Caseros, Monteagudo, y luego retoman el recorrido habitual.<\/li>\n\n\n\n<li><\/li>\n<\/ul>\n\n\n<div class=\"wp-block-image\">\n<figure class=\"aligncenter size-large is-resized\"><img decoding=\"async\" loading=\"lazy\" src=\"https:\/\/notinor.com\/jujuy\/wp-content\/uploads\/2025\/02\/operativo-transito-corsos-capitalinos-384x480.jpg\" alt=\"\" class=\"wp-image-423265\" width=\"433\" height=\"541\" srcset=\"https:\/\/notinor.com\/jujuy\/wp-content\/uploads\/2025\/02\/operativo-transito-corsos-capitalinos-384x480.jpg 384w, https:\/\/notinor.com\/jujuy\/wp-content\/uploads\/2025\/02\/operativo-transito-corsos-capitalinos-292x365.jpg 292w, https:\/\/notinor.com\/jujuy\/wp-content\/uploads\/2025\/02\/operativo-transito-corsos-capitalinos.jpg 600w\" sizes=\"(max-width: 433px) 100vw, 433px\" \/><\/figure><\/div>\n\n\n<p><\/p>\n\n\n\n<p class=\"has-medium-font-size\"><strong>Cortes de tr\u00e1nsito a partir de las 18:00 hs:<\/strong><\/p>\n\n\n\n<p><strong>Se producir\u00e1n cortes de tr\u00e1nsito en diversas intersecciones, tales como:<\/strong><\/p>\n\n\n\n<ul>\n<li>Av. \u00c9xodo y Pueyrred\u00f3n<\/li>\n\n\n\n<li>Av. \u00c9xodo y Aguilar<\/li>\n\n\n\n<li>Av. \u00c9xodo y Tumusla<\/li>\n\n\n\n<li>Av. \u00c9xodo y Sta. B\u00e1rbara<\/li>\n\n\n\n<li>Humahuaca y Calilegua<\/li>\n\n\n\n<li>Humahuaca y Tumusla<\/li>\n\n\n\n<li>Caseros y Los Decididos<\/li>\n\n\n\n<li>Monteagudo y Pichincha<\/li>\n\n\n\n<li>Monteagudo y French<\/li>\n\n\n\n<li>Monteagudo y Echague<\/li>\n\n\n\n<li>Monteagudo y Matheu<\/li>\n\n\n\n<li>Monteagudo y C. Keller<\/li>\n\n\n\n<li>Gral. Savio y R\u00edo Bamba<\/li>\n\n\n\n<li>Gral. Savio, ingreso a R\u00edo Bamba<\/li>\n\n\n\n<li>P\u00e1rroco Marshke, acceso estadio 23 de Agosto<\/li>\n\n\n\n<li>Martiarena y Av. Balv\u00edn<\/li>\n\n\n\n<li>Av. Savio y Leandro Alem<\/li>\n\n\n\n<li>Av. Pueyrred\u00f3n y Hugo Wast (doble sentido de circulaci\u00f3n)<\/li>\n\n\n\n<li>Lincoln y Taboada<\/li>\n\n\n\n<li>Freyre y Taboada<\/li>\n<\/ul>\n\n\n\n<p>Se solicita a los usuarios del transporte y conductores en general prestar especial atenci\u00f3n a la se\u00f1alizaci\u00f3n y al personal que se encontrar\u00e1 apostado en las calles para garantizar la seguridad y fluidez del tr\u00e1nsito durante los d\u00edas mencionados.<\/p>\n","protected":false},"excerpt":{"rendered":"<p>San Salvador de Jujuy se prepara para el regreso de los Corsos Municipales 2025 a la avenida Savio. La Municipalidad invita a vecinos y turistas a disfrutar de esta fiesta popular que celebrar\u00e1 su segundo fin de semana, espec\u00edficamente el s\u00e1bado 15 y domingo 16 de febrero desde las 18 horas. El evento, servir\u00e1 como [&hellip;]<\/p>\n","protected":false},"author":49,"featured_media":423263,"comment_status":"open","ping_status":"open","sticky":false,"template":"","format":"standard","meta":{"_stopmodifiedupdate":false,"_modified_date":"","inline_featured_image":false,"spay_email":"","jetpack_publicize_message":""},"categories":[2,514],"tags":[],"jetpack_featured_media_url":"https:\/\/notinor.com\/jujuy\/wp-content\/uploads\/2025\/02\/corsos-capitalinos-avenida-savio.jpg","jetpack_publicize_connections":[],"_links":{"self":[{"href":"https:\/\/notinor.com\/jujuy\/wp-json\/wp\/v2\/posts\/423262"}],"collection":[{"href":"https:\/\/notinor.com\/jujuy\/wp-json\/wp\/v2\/posts"}],"about":[{"href":"https:\/\/notinor.com\/jujuy\/wp-json\/wp\/v2\/types\/post"}],"author":[{"embeddable":true,"href":"https:\/\/notinor.com\/jujuy\/wp-json\/wp\/v2\/users\/49"}],"replies":[{"embeddable":true,"href":"https:\/\/notinor.com\/jujuy\/wp-json\/wp\/v2\/comments?post=423262"}],"version-history":[{"count":2,"href":"https:\/\/notinor.com\/jujuy\/wp-json\/wp\/v2\/posts\/423262\/revisions"}],"predecessor-version":[{"id":423267,"href":"https:\/\/notinor.com\/jujuy\/wp-json\/wp\/v2\/posts\/423262\/revisions\/423267"}],"wp:featuredmedia":[{"embeddable":true,"href":"https:\/\/notinor.com\/jujuy\/wp-json\/wp\/v2\/media\/423263"}],"wp:attachment":[{"href":"https:\/\/notinor.com\/jujuy\/wp-json\/wp\/v2\/media?parent=423262"}],"wp:term":[{"taxonomy":"category","embeddable":true,"href":"https:\/\/notinor.com\/jujuy\/wp-json\/wp\/v2\/categories?post=423262"},{"taxonomy":"post_tag","embeddable":true,"href":"https:\/\/notinor.com\/jujuy\/wp-json\/wp\/v2\/tags?post=423262"}],"curies":[{"name":"wp","href":"https:\/\/api.w.org\/{rel}","templated":true}]}}