{"id":423256,"date":"2025-02-14T18:11:55","date_gmt":"2025-02-14T21:11:55","guid":{"rendered":"https:\/\/notinor.com\/jujuy\/?p=423256"},"modified":"2025-02-14T18:11:57","modified_gmt":"2025-02-14T21:11:57","slug":"milei-pidio-el-ascenso-de-15-militares-que-el-kirchnerismo-freno-por-ser-familiares-de-condenados-por-los-70","status":"publish","type":"post","link":"https:\/\/notinor.com\/jujuy\/milei-pidio-el-ascenso-de-15-militares-que-el-kirchnerismo-freno-por-ser-familiares-de-condenados-por-los-70\/","title":{"rendered":"Milei pidi\u00f3 el ascenso de 15 militares que el kirchnerismo fren\u00f3 por ser familiares de condenados por los '70"},"content":{"rendered":"\n<p class=\"has-medium-font-size\"><strong><em>El gobierno de Cristina Kirchner hab\u00eda impedido su promoci\u00f3n al grado de coronel. Son expedientes que se iniciaron en 2010. El Presidente envi\u00f3 los pliegos al Senado, como antes lo hizo con seis marinos.<\/em><\/strong><\/p>\n\n\n\n<p><\/p>\n\n\n<div class=\"wp-block-image\">\n<figure class=\"aligncenter size-full\"><img decoding=\"async\" loading=\"lazy\" width=\"800\" height=\"450\" src=\"https:\/\/notinor.com\/jujuy\/wp-content\/uploads\/2025\/02\/ascenso-militares.jpg\" alt=\"\" class=\"wp-image-423257\" srcset=\"https:\/\/notinor.com\/jujuy\/wp-content\/uploads\/2025\/02\/ascenso-militares.jpg 800w, https:\/\/notinor.com\/jujuy\/wp-content\/uploads\/2025\/02\/ascenso-militares-649x365.jpg 649w, https:\/\/notinor.com\/jujuy\/wp-content\/uploads\/2025\/02\/ascenso-militares-500x280.jpg 500w, https:\/\/notinor.com\/jujuy\/wp-content\/uploads\/2025\/02\/ascenso-militares-768x432.jpg 768w, https:\/\/notinor.com\/jujuy\/wp-content\/uploads\/2025\/02\/ascenso-militares-750x422.jpg 750w\" sizes=\"(max-width: 800px) 100vw, 800px\" \/><\/figure><\/div>\n\n\n<p><\/p>\n\n\n\n<p><strong>El presidente Javier Milei solicit\u00f3 al Senado de la Naci\u00f3n el ascenso de 15 tenientes coroneles que el gobierno de Cristina Kirchner fren\u00f3 debido al parentesco que ten\u00edan con condenados por delitos de lesa humanidad cometidos durante la \u00faltima dictadura militar.<\/strong> La mayor\u00eda de los expedientes que ser\u00e1n analizados por la C\u00e1mara alta datan del 2010 y la decisi\u00f3n que tom\u00f3 el Comandante en Jefe de las Fuerzas Armadas es que a esos efectivos, que ya est\u00e1n retirados, se les reconozca el grado de coronel a partir del 31 de diciembre de 2018.<\/p>\n\n\n\n<p><strong>\u201cSe termina una injusticia. A esos militares los castigaron por considerar que eran culpables de lo que hab\u00edan hecho sus padres o sus t\u00edos. Dec\u00edan que no pod\u00edan ascender porque se criaron en casas de represores, por portaci\u00f3n de apellido\u201d, <\/strong>explicaron a Infobae fuentes oficiales. La cr\u00edtica apunta a la gesti\u00f3n que durante el kirchnerismo ejecut\u00f3 Nilda Garr\u00e9, quien le dio intervenci\u00f3n a los organismos de derechos humanos para que tuvieran la \u00faltima palabra antes de que se definiera un ascenso a grados superiores.<\/p>\n\n\n\n<p>En un mensaje fechado el martes al que accedi\u00f3 este medio -firmado por el presidente Milei y el ministro de Defensa, Luis Petri- le solicit\u00f3 al Senado para que, \u201cen cumplimiento del art\u00edculo 99, inciso 13 de la Constituci\u00f3n Nacional, darle el acuerdo necesario para promover al grado inmediato superior\u201d a los siguientes tenientes coroneles:<\/p>\n\n\n\n<p><strong>Guillermo Alejandro Sa\u00e1, Jorge Luis Toccalino, Ricardo Horacio Mu\u00f1oz, Ram\u00f3n Centeno de la Vega, Francisco Javier Canevaro, Marcelo Ram\u00f3n Borzone, Mario Alejandro D\u00edaz, Justo Rojas Alcorta, Edgardo Calvi, Gustavo Catt\u00e1neo, Julio Balloffet, Oscar Faisal, Marcelo Huergo, Pedro Tagni y Antonio Agust\u00edn Duarte.<\/strong><\/p>\n\n\n\n<p>En el mensaje firmado por Milei y Petri se advierte que <strong>\u201cel personal en consideraci\u00f3n ha reunido en oportunidad de su propuesta de promoci\u00f3n las condiciones exigidas por la Ley para el Personal Militar N\u00b0 19.101 y sus modificatorias\".<\/strong> Es una posici\u00f3n que modifica el anterior criterio que hab\u00eda tenido la gesti\u00f3n del kirchnerismo y que no se modific\u00f3 durante los gobiernos de Mauricio Macri y de Alberto Fern\u00e1ndez.<\/p>\n\n\n\n<p>Esta decisi\u00f3n repite el mismo sentido que la tomada en los \u00faltimos d\u00edas h\u00e1biles de diciembre, cuando el Gobierno envi\u00f3 un mensaje similar pero referido a la Armada Argentina pidiendo al Senado la promoci\u00f3n de los capitanes de fragata Marcelo Barbich, Gustavo Barreto Neuendorf, Juan Jos\u00e9 Lucena, Eduardo Enrique Pizzagalli, Jorge Emilio Sciurano y James Ronald Whamond.<\/p>\n\n\n\n<p><strong>Seg\u00fan confirmaron hoy fuentes de la Casa Rosada, si se aprueba la solicitud, los uniformados tanto del Ej\u00e9rcito como de la Marina -la Fuerza A\u00e9rea no tuvo situaciones similares- ser\u00e1n promovidos con car\u00e1cter retroactivo desde el \u00faltimo d\u00eda de 2018, ya que \u201cre\u00fanen las condiciones exigidas por la Ley\u201d.<\/strong><\/p>\n\n\n\n<p>Cuando se anunci\u00f3 a fines de 2024 el env\u00edo del primero de los mensajes, las autoridades nacionales remarcaron que<strong> \u201cde la informaci\u00f3n suministrada por la entonces Secretar\u00eda de Derechos Humanos y Pluralismo Cultural del ex-Ministerio de Justicia y Derechos Humanos surge que no se hallan antecedentes que vinculen al Personal Militar precedentemente citado con causas por violaciones a los Derechos Humanos y\/o contra el Orden Constitucional\".<\/strong><\/p>\n\n\n\n<p>Antes de esta medida, durante la presidencia de Macri, quien fuera su ministro de Defensa, Oscar Aguad, hab\u00eda iniciado las gestiones para dejar sin efecto la medida de bloquear los ascensos que hab\u00eda ejecutado su antecesora Garr\u00e9.<strong> \u201cEs una reivindicaci\u00f3n ante una injusticia, como lo fue dejar afuera a miembros de las Fuerzas Armadas por su apellido. Una muestra del populismo del anterior gobierno, que tomaba decisiones solo para quedar bien con sus votantes\u201d, <\/strong>afirm\u00f3 entonces el funcionario.<\/p>\n\n\n\n<p>La decisi\u00f3n de volverle a pedir al Senado el ascenso de estos 21 militares va en sinton\u00eda con una medida previa que tom\u00f3 la actual conducci\u00f3n del Ministerio de Defensa. Desarm\u00f3 la direcci\u00f3n de derechos humanos que revisaba sin intervenci\u00f3n judicial los legajos de los militares y bloqueaba los ascensos y les daba documentos e informaci\u00f3n a organismos como el Centro de Estudios Legales y Sociales (CELS).<\/p>\n\n\n\n<p><strong>Adem\u00e1s, en un giro clave, el Ministerio de Defensa contrat\u00f3 en la Direcci\u00f3n de Derechos Humanos a Silvia Ibarz\u00e1bal y Arturo Larrabure, los hijos de dos coroneles que fueron asesinados en los 70 por guerrilleros del Ej\u00e9rcito Revolucionario del Pueblo (ERP). <\/strong>Se trata de la hija de Jorge Ibarz\u00e1bal, que siendo teniente coronel en 1974 fue secuestrado tras un ataque a los cuarteles de Azul y luego asesinado; y el hijo de Argentino Del Valle Larrabure, un coronel que vivi\u00f3 un brutal cautiverio de 370 d\u00edas en una \u201cc\u00e1rcel del pueblo\u201d del ERP y muri\u00f3 en 1975 tras ser fusilado.<\/p>\n","protected":false},"excerpt":{"rendered":"<p>El gobierno de Cristina Kirchner hab\u00eda impedido su promoci\u00f3n al grado de coronel. Son expedientes que se iniciaron en 2010. El Presidente envi\u00f3 los pliegos al Senado, como antes lo hizo con seis marinos. El presidente Javier Milei solicit\u00f3 al Senado de la Naci\u00f3n el ascenso de 15 tenientes coroneles que el gobierno de Cristina [&hellip;]<\/p>\n","protected":false},"author":49,"featured_media":423257,"comment_status":"open","ping_status":"open","sticky":false,"template":"","format":"standard","meta":{"_stopmodifiedupdate":false,"_modified_date":"","inline_featured_image":false,"spay_email":"","jetpack_publicize_message":""},"categories":[2,5,501],"tags":[],"jetpack_featured_media_url":"https:\/\/notinor.com\/jujuy\/wp-content\/uploads\/2025\/02\/ascenso-militares.jpg","jetpack_publicize_connections":[],"_links":{"self":[{"href":"https:\/\/notinor.com\/jujuy\/wp-json\/wp\/v2\/posts\/423256"}],"collection":[{"href":"https:\/\/notinor.com\/jujuy\/wp-json\/wp\/v2\/posts"}],"about":[{"href":"https:\/\/notinor.com\/jujuy\/wp-json\/wp\/v2\/types\/post"}],"author":[{"embeddable":true,"href":"https:\/\/notinor.com\/jujuy\/wp-json\/wp\/v2\/users\/49"}],"replies":[{"embeddable":true,"href":"https:\/\/notinor.com\/jujuy\/wp-json\/wp\/v2\/comments?post=423256"}],"version-history":[{"count":1,"href":"https:\/\/notinor.com\/jujuy\/wp-json\/wp\/v2\/posts\/423256\/revisions"}],"predecessor-version":[{"id":423258,"href":"https:\/\/notinor.com\/jujuy\/wp-json\/wp\/v2\/posts\/423256\/revisions\/423258"}],"wp:featuredmedia":[{"embeddable":true,"href":"https:\/\/notinor.com\/jujuy\/wp-json\/wp\/v2\/media\/423257"}],"wp:attachment":[{"href":"https:\/\/notinor.com\/jujuy\/wp-json\/wp\/v2\/media?parent=423256"}],"wp:term":[{"taxonomy":"category","embeddable":true,"href":"https:\/\/notinor.com\/jujuy\/wp-json\/wp\/v2\/categories?post=423256"},{"taxonomy":"post_tag","embeddable":true,"href":"https:\/\/notinor.com\/jujuy\/wp-json\/wp\/v2\/tags?post=423256"}],"curies":[{"name":"wp","href":"https:\/\/api.w.org\/{rel}","templated":true}]}}