{"id":423251,"date":"2025-02-14T00:11:49","date_gmt":"2025-02-14T03:11:49","guid":{"rendered":"https:\/\/notinor.com\/jujuy\/?p=423251"},"modified":"2025-02-14T00:11:50","modified_gmt":"2025-02-14T03:11:50","slug":"el-gobierno-dara-de-baja-todos-los-permisos-para-cultivar-cannabis-medicinal","status":"publish","type":"post","link":"https:\/\/notinor.com\/jujuy\/el-gobierno-dara-de-baja-todos-los-permisos-para-cultivar-cannabis-medicinal\/","title":{"rendered":"El Gobierno dar\u00e1 de baja todos los permisos para cultivar cannabis medicinal"},"content":{"rendered":"\n<p class=\"has-medium-font-size\"><strong><em>Lo anticip\u00f3 la ministra de Seguridad, Patricia Bullrich, en una entrevista televisiva.<\/em><\/strong><\/p>\n\n\n\n<p><\/p>\n\n\n<div class=\"wp-block-image\">\n<figure class=\"aligncenter size-full\"><img decoding=\"async\" loading=\"lazy\" width=\"800\" height=\"450\" src=\"https:\/\/notinor.com\/jujuy\/wp-content\/uploads\/2025\/02\/patricia-bullrich.jpg\" alt=\"\" class=\"wp-image-423253\" srcset=\"https:\/\/notinor.com\/jujuy\/wp-content\/uploads\/2025\/02\/patricia-bullrich.jpg 800w, https:\/\/notinor.com\/jujuy\/wp-content\/uploads\/2025\/02\/patricia-bullrich-649x365.jpg 649w, https:\/\/notinor.com\/jujuy\/wp-content\/uploads\/2025\/02\/patricia-bullrich-500x280.jpg 500w, https:\/\/notinor.com\/jujuy\/wp-content\/uploads\/2025\/02\/patricia-bullrich-768x432.jpg 768w, https:\/\/notinor.com\/jujuy\/wp-content\/uploads\/2025\/02\/patricia-bullrich-750x422.jpg 750w\" sizes=\"(max-width: 800px) 100vw, 800px\" \/><\/figure><\/div>\n\n\n<p><\/p>\n\n\n\n<p><strong>La ministra de Seguridad, Patricia Bullrich, anunci\u00f3 que el Gobierno dar\u00e1 de baja todos los permisos para el cultivo de cannabis medicinal, en el marco de una revisi\u00f3n integral del Registro del Programa Cannabis (Reprocann).<\/strong> La medida busca frenar lo que la funcionaria describi\u00f3 como un \"descontrol\" en el uso de estos permisos, que, seg\u00fan afirm\u00f3, <strong>facilitan el desv\u00edo de marihuana hacia el mercado ilegal.<\/strong><\/p>\n\n\n\n<p>Bullrich cit\u00f3 un caso emblem\u00e1tico: <strong>\"Encontramos a un miembro de la hinchada de Col\u00f3n con un carn\u00e9 del Reprocann que le permit\u00eda cultivar 18 plantas, pero ten\u00eda 18.000. Usaba un sistema de luces continuas, como en los criaderos de pollos, y argumentaba que era para uso medicinal. Sin embargo, esa producci\u00f3n no se destinaba a tal fin\".<\/strong> En una entrevista con TN, la ministra subray\u00f3 que, aunque el cannabis medicinal est\u00e1 amparado por la Ley 27.350, el desv\u00edo de la marihuana hacia el mercado ilegal no lo est\u00e1.<\/p>\n\n\n\n<p><\/p>\n\n\n<div class=\"wp-block-image\">\n<figure class=\"aligncenter size-full\"><img decoding=\"async\" loading=\"lazy\" width=\"800\" height=\"450\" src=\"https:\/\/notinor.com\/jujuy\/wp-content\/uploads\/2025\/02\/cannabis-medicinal.jpg\" alt=\"\" class=\"wp-image-423252\" srcset=\"https:\/\/notinor.com\/jujuy\/wp-content\/uploads\/2025\/02\/cannabis-medicinal.jpg 800w, https:\/\/notinor.com\/jujuy\/wp-content\/uploads\/2025\/02\/cannabis-medicinal-649x365.jpg 649w, https:\/\/notinor.com\/jujuy\/wp-content\/uploads\/2025\/02\/cannabis-medicinal-500x280.jpg 500w, https:\/\/notinor.com\/jujuy\/wp-content\/uploads\/2025\/02\/cannabis-medicinal-768x432.jpg 768w, https:\/\/notinor.com\/jujuy\/wp-content\/uploads\/2025\/02\/cannabis-medicinal-750x422.jpg 750w\" sizes=\"(max-width: 800px) 100vw, 800px\" \/><\/figure><\/div>\n\n\n<p><\/p>\n\n\n\n<p><strong>\"Vamos a dar de baja todo y empezar de cero\", <\/strong>afirm\u00f3 Bullrich, quien tambi\u00e9n critic\u00f3 la falta de apoyo legislativo a otras iniciativas de seguridad, como la ley de antimotines y el registro gen\u00e9tico de ADN. <strong>\"La impunidad es lo que genera violencia, no la marihuana en s\u00ed\", <\/strong>agreg\u00f3, enfatizando la necesidad de un control m\u00e1s estricto.<\/p>\n\n\n\n<p>El Reprocann, creado en el marco de la Ley 27.350, permite a pacientes y cultivadores registrados acceder al cannabis para uso medicinal, terap\u00e9utico o paliativo. Sin embargo, <strong>la medida anunciada por Bullrich pone en duda el futuro de este programa, que hab\u00eda extendido la validez de los certificados de uno a tres a\u00f1os, seg\u00fan una resoluci\u00f3n del Ministerio de Salud publicada en 2023.<\/strong><\/p>\n","protected":false},"excerpt":{"rendered":"<p>Lo anticip\u00f3 la ministra de Seguridad, Patricia Bullrich, en una entrevista televisiva. La ministra de Seguridad, Patricia Bullrich, anunci\u00f3 que el Gobierno dar\u00e1 de baja todos los permisos para el cultivo de cannabis medicinal, en el marco de una revisi\u00f3n integral del Registro del Programa Cannabis (Reprocann). La medida busca frenar lo que la funcionaria [&hellip;]<\/p>\n","protected":false},"author":49,"featured_media":423253,"comment_status":"open","ping_status":"open","sticky":false,"template":"","format":"standard","meta":{"_stopmodifiedupdate":false,"_modified_date":"","inline_featured_image":false,"spay_email":"","jetpack_publicize_message":""},"categories":[2,5],"tags":[],"jetpack_featured_media_url":"https:\/\/notinor.com\/jujuy\/wp-content\/uploads\/2025\/02\/patricia-bullrich.jpg","jetpack_publicize_connections":[],"_links":{"self":[{"href":"https:\/\/notinor.com\/jujuy\/wp-json\/wp\/v2\/posts\/423251"}],"collection":[{"href":"https:\/\/notinor.com\/jujuy\/wp-json\/wp\/v2\/posts"}],"about":[{"href":"https:\/\/notinor.com\/jujuy\/wp-json\/wp\/v2\/types\/post"}],"author":[{"embeddable":true,"href":"https:\/\/notinor.com\/jujuy\/wp-json\/wp\/v2\/users\/49"}],"replies":[{"embeddable":true,"href":"https:\/\/notinor.com\/jujuy\/wp-json\/wp\/v2\/comments?post=423251"}],"version-history":[{"count":1,"href":"https:\/\/notinor.com\/jujuy\/wp-json\/wp\/v2\/posts\/423251\/revisions"}],"predecessor-version":[{"id":423254,"href":"https:\/\/notinor.com\/jujuy\/wp-json\/wp\/v2\/posts\/423251\/revisions\/423254"}],"wp:featuredmedia":[{"embeddable":true,"href":"https:\/\/notinor.com\/jujuy\/wp-json\/wp\/v2\/media\/423253"}],"wp:attachment":[{"href":"https:\/\/notinor.com\/jujuy\/wp-json\/wp\/v2\/media?parent=423251"}],"wp:term":[{"taxonomy":"category","embeddable":true,"href":"https:\/\/notinor.com\/jujuy\/wp-json\/wp\/v2\/categories?post=423251"},{"taxonomy":"post_tag","embeddable":true,"href":"https:\/\/notinor.com\/jujuy\/wp-json\/wp\/v2\/tags?post=423251"}],"curies":[{"name":"wp","href":"https:\/\/api.w.org\/{rel}","templated":true}]}}