{"id":423073,"date":"2025-02-09T08:59:10","date_gmt":"2025-02-09T11:59:10","guid":{"rendered":"https:\/\/notinor.com\/jujuy\/?p=423073"},"modified":"2025-02-09T08:59:10","modified_gmt":"2025-02-09T08:59:10","slug":"culminaron-las-colonias-de-verano-en-el-club-ledesma","status":"publish","type":"post","link":"https:\/\/notinor.com\/jujuy\/culminaron-las-colonias-de-verano-en-el-club-ledesma\/","title":{"rendered":"<strong>Culminaron las colonias de verano en el Club Ledesma<\/strong>"},"content":{"rendered":"\n<p class=\"has-medium-font-size\"><strong><em>El Club Atl\u00e9tico Ledesma finaliz\u00f3 sus colonias de vacaciones luego de un mes y medio con distintas actividades. Hubo juegos recreativos, excursiones y nataci\u00f3n todos los d\u00edas.<\/em><\/strong><\/p>\n\n\n<div class=\"wp-block-image\">\n<figure class=\"aligncenter size-large is-resized\"><img decoding=\"async\" loading=\"lazy\" src=\"https:\/\/notinor.com\/jujuy\/wp-content\/uploads\/2025\/02\/Club-1-641x480.jpeg\" alt=\"\" class=\"wp-image-423075\" width=\"720\" height=\"539\" srcset=\"https:\/\/notinor.com\/jujuy\/wp-content\/uploads\/2025\/02\/Club-1-641x480.jpeg 641w, https:\/\/notinor.com\/jujuy\/wp-content\/uploads\/2025\/02\/Club-1-487x365.jpeg 487w, https:\/\/notinor.com\/jujuy\/wp-content\/uploads\/2025\/02\/Club-1.jpeg 750w\" sizes=\"(max-width: 720px) 100vw, 720px\" \/><figcaption class=\"wp-element-caption\"> ni\u00f1os y j\u00f3venes pudieron realizar diferentes actividades recreativas y deportivas<\/figcaption><\/figure><\/div>\n\n\n<p>Se inscribieron 320 ni\u00f1os y j\u00f3venes de 4 a 17 a\u00f1os, con la coordinaci\u00f3n del profesor <strong>Juan Gandur<\/strong> y el equipo de profesores del staff regular del Club Ledesma.<\/p>\n\n\n<div class=\"wp-block-image\">\n<figure class=\"aligncenter size-large is-resized\"><img decoding=\"async\" loading=\"lazy\" src=\"https:\/\/notinor.com\/jujuy\/wp-content\/uploads\/2025\/02\/CLUB-660x480.jpg\" alt=\"\" class=\"wp-image-423076\" width=\"749\" height=\"545\" srcset=\"https:\/\/notinor.com\/jujuy\/wp-content\/uploads\/2025\/02\/CLUB-660x480.jpg 660w, https:\/\/notinor.com\/jujuy\/wp-content\/uploads\/2025\/02\/CLUB-502x365.jpg 502w, https:\/\/notinor.com\/jujuy\/wp-content\/uploads\/2025\/02\/CLUB-120x86.jpg 120w, https:\/\/notinor.com\/jujuy\/wp-content\/uploads\/2025\/02\/CLUB.jpg 714w\" sizes=\"(max-width: 749px) 100vw, 749px\" \/><\/figure><\/div>\n\n\n<p>Por primera vez, <strong>la colonia cont\u00f3 con dos grupos por la ma\u00f1ana los ni\u00f1os y por la tarde los adolescentes<\/strong>. Todos ellos pudieron realizar diferentes actividades recreativas y deportivas, tal como bicicleteada, viaje a un parque acu\u00e1tico, campamento, entre tantas otras propuestas.<\/p>\n\n\n<div class=\"wp-block-image\">\n<figure class=\"aligncenter size-full\"><img decoding=\"async\" loading=\"lazy\" width=\"750\" height=\"474\" src=\"https:\/\/notinor.com\/jujuy\/wp-content\/uploads\/2025\/02\/Club-2.jpeg\" alt=\"\" class=\"wp-image-423077\" srcset=\"https:\/\/notinor.com\/jujuy\/wp-content\/uploads\/2025\/02\/Club-2.jpeg 750w, https:\/\/notinor.com\/jujuy\/wp-content\/uploads\/2025\/02\/Club-2-578x365.jpeg 578w\" sizes=\"(max-width: 750px) 100vw, 750px\" \/><\/figure><\/div>\n\n\n<p><strong>Tambi\u00e9n en Club El Talar<\/strong><\/p>\n\n\n\n<p>El Club El Talar, ubicado en la localidad hom\u00f3nima, tambi\u00e9n concret\u00f3 una intensa agenda de actividades. Con una colonia de verano organizada por la comuna local.<\/p>\n\n\n<div class=\"wp-block-image\">\n<figure class=\"aligncenter size-full\"><img decoding=\"async\" loading=\"lazy\" width=\"738\" height=\"442\" src=\"https:\/\/notinor.com\/jujuy\/wp-content\/uploads\/2025\/02\/Club-3.jpeg\" alt=\"\" class=\"wp-image-423078\" srcset=\"https:\/\/notinor.com\/jujuy\/wp-content\/uploads\/2025\/02\/Club-3.jpeg 738w, https:\/\/notinor.com\/jujuy\/wp-content\/uploads\/2025\/02\/Club-3-609x365.jpeg 609w\" sizes=\"(max-width: 738px) 100vw, 738px\" \/><\/figure><\/div>\n\n\n<p>Cabe destacar las Olimpiadas de Verano, donde <strong>resultaron ganadores<\/strong> \u201c<strong>Las Vuelteras<\/strong>\u201d (categor\u00eda Mujeres) y \u201c<strong>Los Mismos de Siempre<\/strong>\u201d (categor\u00eda Varones). En segundo lugar \u201c<strong>Las Mismas de Siempre<\/strong>\u201d y \u201c<strong>Los Badys<\/strong>\u201d.<\/p>\n\n\n<div class=\"wp-block-image\">\n<figure class=\"aligncenter size-full\"><img decoding=\"async\" loading=\"lazy\" width=\"748\" height=\"453\" src=\"https:\/\/notinor.com\/jujuy\/wp-content\/uploads\/2025\/02\/Club-4.jpeg\" alt=\"\" class=\"wp-image-423079\" srcset=\"https:\/\/notinor.com\/jujuy\/wp-content\/uploads\/2025\/02\/Club-4.jpeg 748w, https:\/\/notinor.com\/jujuy\/wp-content\/uploads\/2025\/02\/Club-4-603x365.jpeg 603w\" sizes=\"(max-width: 748px) 100vw, 748px\" \/><\/figure><\/div>\n\n\n<p>Participaron 60 personas, quienes compitieron en disciplinas de v\u00f3ley, f\u00fatbol en la arena, b\u00e1squet, voley en el piso, f\u00fatbol en el c\u00e9sped, atletismo, nataci\u00f3n y juegos recreativos.<\/p>\n","protected":false},"excerpt":{"rendered":"<p>El Club Atl\u00e9tico Ledesma finaliz\u00f3 sus colonias de vacaciones luego de un mes y medio con distintas actividades. Hubo juegos recreativos, excursiones y nataci\u00f3n todos los d\u00edas. Se inscribieron 320 ni\u00f1os y j\u00f3venes de 4 a 17 a\u00f1os, con la coordinaci\u00f3n del profesor Juan Gandur y el equipo de profesores del staff regular del Club [&hellip;]<\/p>\n","protected":false},"author":5,"featured_media":423074,"comment_status":"open","ping_status":"open","sticky":false,"template":"","format":"standard","meta":{"_stopmodifiedupdate":false,"_modified_date":"","inline_featured_image":false,"spay_email":"","jetpack_publicize_message":""},"categories":[4],"tags":[],"jetpack_featured_media_url":"https:\/\/notinor.com\/jujuy\/wp-content\/uploads\/2025\/02\/Club.jpeg","jetpack_publicize_connections":[],"_links":{"self":[{"href":"https:\/\/notinor.com\/jujuy\/wp-json\/wp\/v2\/posts\/423073"}],"collection":[{"href":"https:\/\/notinor.com\/jujuy\/wp-json\/wp\/v2\/posts"}],"about":[{"href":"https:\/\/notinor.com\/jujuy\/wp-json\/wp\/v2\/types\/post"}],"author":[{"embeddable":true,"href":"https:\/\/notinor.com\/jujuy\/wp-json\/wp\/v2\/users\/5"}],"replies":[{"embeddable":true,"href":"https:\/\/notinor.com\/jujuy\/wp-json\/wp\/v2\/comments?post=423073"}],"version-history":[{"count":1,"href":"https:\/\/notinor.com\/jujuy\/wp-json\/wp\/v2\/posts\/423073\/revisions"}],"predecessor-version":[{"id":423080,"href":"https:\/\/notinor.com\/jujuy\/wp-json\/wp\/v2\/posts\/423073\/revisions\/423080"}],"wp:featuredmedia":[{"embeddable":true,"href":"https:\/\/notinor.com\/jujuy\/wp-json\/wp\/v2\/media\/423074"}],"wp:attachment":[{"href":"https:\/\/notinor.com\/jujuy\/wp-json\/wp\/v2\/media?parent=423073"}],"wp:term":[{"taxonomy":"category","embeddable":true,"href":"https:\/\/notinor.com\/jujuy\/wp-json\/wp\/v2\/categories?post=423073"},{"taxonomy":"post_tag","embeddable":true,"href":"https:\/\/notinor.com\/jujuy\/wp-json\/wp\/v2\/tags?post=423073"}],"curies":[{"name":"wp","href":"https:\/\/api.w.org\/{rel}","templated":true}]}}