{"id":423045,"date":"2025-02-07T23:01:55","date_gmt":"2025-02-08T02:01:55","guid":{"rendered":"https:\/\/notinor.com\/jujuy\/?p=423045"},"modified":"2025-02-07T23:01:57","modified_gmt":"2025-02-08T02:01:57","slug":"se-reunio-el-cofecyt-en-busca-de-consenso-federal-para-el-desarrollo-de-ciencia-y-tecnologia","status":"publish","type":"post","link":"https:\/\/notinor.com\/jujuy\/se-reunio-el-cofecyt-en-busca-de-consenso-federal-para-el-desarrollo-de-ciencia-y-tecnologia\/","title":{"rendered":"Se reuni\u00f3 el COFECyT en busca de consenso federal para el desarrollo de Ciencia y Tecnolog\u00eda"},"content":{"rendered":"\n<p class=\"has-medium-font-size\"><strong><em>El gobernador de la Provincia, Carlos Sadir, autoridades nacionales y provinciales y especialistas en ciencia y t\u00e9cnica, participaron de las deliberaciones de la primera Asamblea General 2025 del Consejo Federal de Ciencia y Tecnolog\u00eda (COFECyT) y la Reuni\u00f3n Regional NOA que coordina la Agencia de Ciencia, Tecnolog\u00eda e Innovaci\u00f3n de Jujuy (ACTI).<\/em><\/strong><\/p>\n\n\n\n<p><\/p>\n\n\n<div class=\"wp-block-image\">\n<figure class=\"aligncenter size-full\"><img decoding=\"async\" loading=\"lazy\" width=\"800\" height=\"450\" src=\"https:\/\/notinor.com\/jujuy\/wp-content\/uploads\/2025\/02\/cofecyt.jpg\" alt=\"\" class=\"wp-image-423046\" srcset=\"https:\/\/notinor.com\/jujuy\/wp-content\/uploads\/2025\/02\/cofecyt.jpg 800w, https:\/\/notinor.com\/jujuy\/wp-content\/uploads\/2025\/02\/cofecyt-649x365.jpg 649w, https:\/\/notinor.com\/jujuy\/wp-content\/uploads\/2025\/02\/cofecyt-500x280.jpg 500w, https:\/\/notinor.com\/jujuy\/wp-content\/uploads\/2025\/02\/cofecyt-768x432.jpg 768w, https:\/\/notinor.com\/jujuy\/wp-content\/uploads\/2025\/02\/cofecyt-750x422.jpg 750w\" sizes=\"(max-width: 800px) 100vw, 800px\" \/><\/figure><\/div>\n\n\n<p><\/p>\n\n\n\n<p>Junto al mandatario provincial estuvieron el secretario de Innovaci\u00f3n, Ciencia y Tecnolog\u00eda de la Naci\u00f3n, Dar\u00edo Genua; el jefe de Gabinete de la Secretar\u00eda, Mariano Musso; la subsecretaria de Ciencia y Tecnolog\u00eda, Paula Nahir\u00f1ak; y la presidente de la Agencia I+D+i, Natalia Avenda\u00f1o; la ministra de Educaci\u00f3n, Miriam Serrano; la ministra de Planificaci\u00f3n Estrat\u00e9gica y Modernizaci\u00f3n, Isolda Calsina; el director de la Agencia de Ciencias, Innovaci\u00f3n y Tecnolog\u00eda de la Provincia, Luis Bono; y miembros de su equipo de trabajo.<\/p>\n\n\n\n<p>Luego de acto de apertura, Sadir y Genua, suscribieron un acuerdo espec\u00edfico de cooperaci\u00f3n de asistencia t\u00e9cnica.<\/p>\n\n\n\n<p><strong>\u201cHoy m\u00e1s que nunca est\u00e1 visible lo que significa la tecnolog\u00eda, la ciencia y los datos con la importancia que tiene, especialmente para el sector p\u00fablico, y en ese sentido venimos trabajando mucho con el Ministerio de Modernizaci\u00f3n\u201d,<\/strong> se\u00f1al\u00f3 el gobernador.<\/p>\n\n\n\n<p>Destac\u00f3 la importancia de una fuerte relaci\u00f3n entre el gobierno nacional y las provincias de manera de avanzar en \u201cdesburocratizar y despapelizar\u201d la gesti\u00f3n, para facilitar las tareas y los tr\u00e1mites de manera de hacer m\u00e1s sencilla la vida de la poblaci\u00f3n de cara a las gestiones ante los organismos del Estado.<\/p>\n\n\n\n<p>Genua, a su turno, se\u00f1al\u00f3 que <strong>\u201cdesde la jornada de ayer estuvimos trabajando con la reuni\u00f3n regional del NOA que involucra a las provincias de Jujuy, Santiago del Estero, Tucum\u00e1n, Salta, Catamarca y La Rioja, en todos los temas de ciencia para avanzar en los lineamientos que venimos proponiendo sobre la organizaci\u00f3n del esquema de ciencia nacional\u201d.<\/strong> \u201cLa idea es ponernos de acuerdo en todos los lineamientos y temas que queremos ejecutar y que las provincias se suban a ese acuerdo para trabajar de manera conjunta para desarrollar y que la ciencia sea el pie del desarrollo del pa\u00eds\u201d, asegur\u00f3.<\/p>\n\n\n\n<p>Asimismo, indic\u00f3 que <strong>\u201cbuscamos alinear las propuestas de las provincias con la Naci\u00f3n de manera de sustentar el desarrollo regional sobre los ejes propuestos desde el estado nacional: agroindustria, energ\u00eda que incluye miner\u00eda y energ\u00edas renovables, que el NOA tiene much\u00edsimo, vertical de salud y econom\u00eda del conocimiento\u201d.<\/strong> \u201cDe ah\u00ed -prosigui\u00f3- tenemos econom\u00eda del conocimiento como eje horizontal porque afecta a todas las actividades y biotecnolog\u00eda. Es por ello, dijo, que esta asamblea es federal con la participaci\u00f3n de las 24 provincias junto a las reuniones regionales para entender las tem\u00e1ticas particulares de cada una de nuestras regiones\u201d.<\/p>\n\n\n\n<p>Durante la asamblea regional, el gobernador destac\u00f3 que Jujuy junto a otras provincias del NOA vienen liderando todos los procesos mineros, fundamentalmente con el litio y otros minerales<strong>. \u201cSomos una potencia en la materia y lo venimos demostrando, transformando a Jujuy en el primer exportador de litio del pa\u00eds, lo que es una clara muestra de su importancia\u201d,<\/strong> sostuvo.<\/p>\n\n\n\n<p>Continu\u00f3 indicando, que <strong>\u201csi hoy comparamos el producto bruto geogr\u00e1fico de unos a\u00f1os atr\u00e1s a \u00e9sta parte, la miner\u00eda tiene una participaci\u00f3n mucho m\u00e1s importante y eso muestra lo que significa la actividad, que no solo genera recursos en forma directa, para los trabajadores de la zona, sino tambi\u00e9n de forma indirecta para la cantidad de proveedores mineros que se han generado con una especializaci\u00f3n muy importante que no trabajan solo en Jujuy, sino tambi\u00e9n en otras provincias mineras\u201d.<\/strong><\/p>\n","protected":false},"excerpt":{"rendered":"<p>El gobernador de la Provincia, Carlos Sadir, autoridades nacionales y provinciales y especialistas en ciencia y t\u00e9cnica, participaron de las deliberaciones de la primera Asamblea General 2025 del Consejo Federal de Ciencia y Tecnolog\u00eda (COFECyT) y la Reuni\u00f3n Regional NOA que coordina la Agencia de Ciencia, Tecnolog\u00eda e Innovaci\u00f3n de Jujuy (ACTI). Junto al mandatario [&hellip;]<\/p>\n","protected":false},"author":49,"featured_media":423046,"comment_status":"open","ping_status":"open","sticky":false,"template":"","format":"standard","meta":{"_stopmodifiedupdate":false,"_modified_date":"","inline_featured_image":false,"spay_email":"","jetpack_publicize_message":""},"categories":[2,514],"tags":[],"jetpack_featured_media_url":"https:\/\/notinor.com\/jujuy\/wp-content\/uploads\/2025\/02\/cofecyt.jpg","jetpack_publicize_connections":[],"_links":{"self":[{"href":"https:\/\/notinor.com\/jujuy\/wp-json\/wp\/v2\/posts\/423045"}],"collection":[{"href":"https:\/\/notinor.com\/jujuy\/wp-json\/wp\/v2\/posts"}],"about":[{"href":"https:\/\/notinor.com\/jujuy\/wp-json\/wp\/v2\/types\/post"}],"author":[{"embeddable":true,"href":"https:\/\/notinor.com\/jujuy\/wp-json\/wp\/v2\/users\/49"}],"replies":[{"embeddable":true,"href":"https:\/\/notinor.com\/jujuy\/wp-json\/wp\/v2\/comments?post=423045"}],"version-history":[{"count":1,"href":"https:\/\/notinor.com\/jujuy\/wp-json\/wp\/v2\/posts\/423045\/revisions"}],"predecessor-version":[{"id":423047,"href":"https:\/\/notinor.com\/jujuy\/wp-json\/wp\/v2\/posts\/423045\/revisions\/423047"}],"wp:featuredmedia":[{"embeddable":true,"href":"https:\/\/notinor.com\/jujuy\/wp-json\/wp\/v2\/media\/423046"}],"wp:attachment":[{"href":"https:\/\/notinor.com\/jujuy\/wp-json\/wp\/v2\/media?parent=423045"}],"wp:term":[{"taxonomy":"category","embeddable":true,"href":"https:\/\/notinor.com\/jujuy\/wp-json\/wp\/v2\/categories?post=423045"},{"taxonomy":"post_tag","embeddable":true,"href":"https:\/\/notinor.com\/jujuy\/wp-json\/wp\/v2\/tags?post=423045"}],"curies":[{"name":"wp","href":"https:\/\/api.w.org\/{rel}","templated":true}]}}