{"id":422987,"date":"2025-02-06T20:44:20","date_gmt":"2025-02-06T23:44:20","guid":{"rendered":"https:\/\/notinor.com\/jujuy\/?p=422987"},"modified":"2025-02-06T20:44:21","modified_gmt":"2025-02-06T23:44:21","slug":"como-votaron-los-diputados-jujenos-para-suspender-las-paso","status":"publish","type":"post","link":"https:\/\/notinor.com\/jujuy\/como-votaron-los-diputados-jujenos-para-suspender-las-paso\/","title":{"rendered":"C\u00f3mo votaron los diputados juje\u00f1os para suspender las PASO"},"content":{"rendered":"\n<p class=\"has-medium-font-size\"><strong><em>El oficialismo obtuvo un gran triunfo con el apoyo de varios sectores opositores. La participaci\u00f3n de los legisladores por Jujuy fue bastante dispar.<\/em><\/strong><\/p>\n\n\n\n<p><\/p>\n\n\n<div class=\"wp-block-image\">\n<figure class=\"aligncenter size-full\"><img decoding=\"async\" loading=\"lazy\" width=\"800\" height=\"450\" src=\"https:\/\/notinor.com\/jujuy\/wp-content\/uploads\/2025\/02\/camara-de-diputados.jpg\" alt=\"\" class=\"wp-image-422988\" srcset=\"https:\/\/notinor.com\/jujuy\/wp-content\/uploads\/2025\/02\/camara-de-diputados.jpg 800w, https:\/\/notinor.com\/jujuy\/wp-content\/uploads\/2025\/02\/camara-de-diputados-649x365.jpg 649w, https:\/\/notinor.com\/jujuy\/wp-content\/uploads\/2025\/02\/camara-de-diputados-500x280.jpg 500w, https:\/\/notinor.com\/jujuy\/wp-content\/uploads\/2025\/02\/camara-de-diputados-768x432.jpg 768w, https:\/\/notinor.com\/jujuy\/wp-content\/uploads\/2025\/02\/camara-de-diputados-750x422.jpg 750w\" sizes=\"(max-width: 800px) 100vw, 800px\" \/><\/figure><\/div>\n\n\n<p><\/p>\n\n\n\n<p><strong>El Gobierno consigui\u00f3 apoyos de la UCR y el peronismo en Diputados para conseguir la suspensi\u00f3n de las PASO por el per\u00edodo electoral 2025.<\/strong> Adem\u00e1s, el temario incluye la votaci\u00f3n de reformas en el C\u00f3digo Penal y Procesal Penal: cambios en reiterancia, reincidencia y unificaci\u00f3n de condena; y el r\u00e9gimen de juicio por ausencia.<\/p>\n\n\n\n<p>Con respaldos de sus principales aliados (PRO, MID, referentes provinciales), m\u00e1s apoyos de la Coalici\u00f3n C\u00edvica y otros acompa\u00f1amientos divididos de los distintos bloques radicales y de Encuentro Federal, <strong>La Libertad Avanza alcanz\u00f3 su primer triunfo legislativo del a\u00f1o en sesiones extraordinarias con 162 votos afirmativos, 55 negativos y 28 abstenciones.<\/strong><\/p>\n\n\n\n<p class=\"has-medium-font-size\"><strong>A<\/strong><strong>s\u00ed votaron los diputados juje\u00f1os<\/strong><\/p>\n\n\n\n<p>Los legisladores nacionales por la provincia tuvieron una participaci\u00f3n dispar. El \u00fanico representante del oficialismo, Manuel Quintar, acompa\u00f1\u00f3 la iniciativa como era de esperarse. <strong>Desde el Frente Cambia Jujuy y la Uni\u00f3n C\u00edvica Radical, Natalia Sarapura tambi\u00e9n vot\u00f3 a favor mientras que Jorge Rizzotti estuvo ausente. Mientras que el rechazo lleg\u00f3 del lado del peronismo con Guillermo Snopek y Leila Chaher y de la Izquierda con Alejandro Vilca.<\/strong><\/p>\n\n\n\n<ul>\n<li>Manuel Quintar \u2013 La Libertad Avanza: Afirmativo<\/li>\n\n\n\n<li>Guillermo Snopek \u2013 Uni\u00f3n por la Patria: Negativo<\/li>\n\n\n\n<li>Leila Chaher \u2013 Uni\u00f3n por la Patria: Negativo<\/li>\n\n\n\n<li>Alejandro Vilca \u2013 Frente de Izquierda: Negativo<\/li>\n\n\n\n<li>Natalia Sarapura \u2013 Juntos por el Cambio\/UCR: Afirmativo<\/li>\n\n\n\n<li>Jorge Rizzotti \u2013 Juntos por el Cambio: Ausente<\/li>\n<\/ul>\n","protected":false},"excerpt":{"rendered":"<p>El oficialismo obtuvo un gran triunfo con el apoyo de varios sectores opositores. La participaci\u00f3n de los legisladores por Jujuy fue bastante dispar. El Gobierno consigui\u00f3 apoyos de la UCR y el peronismo en Diputados para conseguir la suspensi\u00f3n de las PASO por el per\u00edodo electoral 2025. Adem\u00e1s, el temario incluye la votaci\u00f3n de reformas [&hellip;]<\/p>\n","protected":false},"author":49,"featured_media":422988,"comment_status":"open","ping_status":"open","sticky":false,"template":"","format":"standard","meta":{"_stopmodifiedupdate":false,"_modified_date":"","inline_featured_image":false,"spay_email":"","jetpack_publicize_message":""},"categories":[2,514,501],"tags":[],"jetpack_featured_media_url":"https:\/\/notinor.com\/jujuy\/wp-content\/uploads\/2025\/02\/camara-de-diputados.jpg","jetpack_publicize_connections":[],"_links":{"self":[{"href":"https:\/\/notinor.com\/jujuy\/wp-json\/wp\/v2\/posts\/422987"}],"collection":[{"href":"https:\/\/notinor.com\/jujuy\/wp-json\/wp\/v2\/posts"}],"about":[{"href":"https:\/\/notinor.com\/jujuy\/wp-json\/wp\/v2\/types\/post"}],"author":[{"embeddable":true,"href":"https:\/\/notinor.com\/jujuy\/wp-json\/wp\/v2\/users\/49"}],"replies":[{"embeddable":true,"href":"https:\/\/notinor.com\/jujuy\/wp-json\/wp\/v2\/comments?post=422987"}],"version-history":[{"count":1,"href":"https:\/\/notinor.com\/jujuy\/wp-json\/wp\/v2\/posts\/422987\/revisions"}],"predecessor-version":[{"id":422989,"href":"https:\/\/notinor.com\/jujuy\/wp-json\/wp\/v2\/posts\/422987\/revisions\/422989"}],"wp:featuredmedia":[{"embeddable":true,"href":"https:\/\/notinor.com\/jujuy\/wp-json\/wp\/v2\/media\/422988"}],"wp:attachment":[{"href":"https:\/\/notinor.com\/jujuy\/wp-json\/wp\/v2\/media?parent=422987"}],"wp:term":[{"taxonomy":"category","embeddable":true,"href":"https:\/\/notinor.com\/jujuy\/wp-json\/wp\/v2\/categories?post=422987"},{"taxonomy":"post_tag","embeddable":true,"href":"https:\/\/notinor.com\/jujuy\/wp-json\/wp\/v2\/tags?post=422987"}],"curies":[{"name":"wp","href":"https:\/\/api.w.org\/{rel}","templated":true}]}}