{"id":422984,"date":"2025-02-06T19:14:56","date_gmt":"2025-02-06T22:14:56","guid":{"rendered":"https:\/\/notinor.com\/jujuy\/?p=422984"},"modified":"2025-02-06T19:14:58","modified_gmt":"2025-02-06T22:14:58","slug":"con-la-fractura-de-todos-los-bloques-el-oficialismo-logro-darle-media-sancion-a-la-suspension-de-las-paso","status":"publish","type":"post","link":"https:\/\/notinor.com\/jujuy\/con-la-fractura-de-todos-los-bloques-el-oficialismo-logro-darle-media-sancion-a-la-suspension-de-las-paso\/","title":{"rendered":"Con la fractura de todos los bloques, el oficialismo logr\u00f3 darle media sanci\u00f3n a la suspensi\u00f3n de las PASO"},"content":{"rendered":"\n<p class=\"has-medium-font-size\"><strong><em>La iniciativa obtuvo 162 votos con acompa\u00f1amiento hasta del kirchnerismo. El resto de las bancadas tambi\u00e9n se parti\u00f3 y acompa\u00f1\u00f3. El rol de los gobernadores, las conveniencias de los posibles candidatos y el reclamo por el Presupuesto.<\/em><\/strong><\/p>\n\n\n\n<p><\/p>\n\n\n<div class=\"wp-block-image\">\n<figure class=\"aligncenter size-full\"><img decoding=\"async\" loading=\"lazy\" width=\"800\" height=\"450\" src=\"https:\/\/notinor.com\/jujuy\/wp-content\/uploads\/2025\/02\/suspension-de-las-PASO.jpg\" alt=\"\" class=\"wp-image-422985\" srcset=\"https:\/\/notinor.com\/jujuy\/wp-content\/uploads\/2025\/02\/suspension-de-las-PASO.jpg 800w, https:\/\/notinor.com\/jujuy\/wp-content\/uploads\/2025\/02\/suspension-de-las-PASO-649x365.jpg 649w, https:\/\/notinor.com\/jujuy\/wp-content\/uploads\/2025\/02\/suspension-de-las-PASO-500x280.jpg 500w, https:\/\/notinor.com\/jujuy\/wp-content\/uploads\/2025\/02\/suspension-de-las-PASO-768x432.jpg 768w, https:\/\/notinor.com\/jujuy\/wp-content\/uploads\/2025\/02\/suspension-de-las-PASO-750x422.jpg 750w\" sizes=\"(max-width: 800px) 100vw, 800px\" \/><\/figure><\/div>\n\n\n<p><\/p>\n\n\n\n<p><strong>En una sesi\u00f3n marcada por divisiones internas y acuerdos inesperados, la C\u00e1mara de Diputados de la Naci\u00f3n otorg\u00f3 media sanci\u00f3n al proyecto que suspende las Primarias, Abiertas, Simult\u00e1neas y Obligatorias (PASO) para el proceso electoral de 2025. <\/strong>La propuesta original del Ejecutivo nacional buscaba la eliminaci\u00f3n definitiva de las PASO, pero ante la falta de consenso suficiente, se opt\u00f3 por avanzar con una suspensi\u00f3n temporal, lo que permiti\u00f3 obtener el apoyo de diversos bloques, incluido el de Uni\u00f3n por la Patria (UxP).<\/p>\n\n\n\n<p><strong>Con 244 diputados presentes y 13 ausentes -6 de UxP- el resultado de la votaci\u00f3n reflej\u00f3 la complejidad del debate: 162 afirmativos, 55 negativos y 28 abstenciones. Entre quienes respaldaron la suspensi\u00f3n se encontraron legisladores de bloques como el PRO, la UCR, Democracia y Libertad Avanza (LLA), adem\u00e1s de algunos integrantes de UxP. <\/strong>Sin embargo, las posiciones dentro de este \u00faltimo bloque estuvieron lejos de ser homog\u00e9neas, con votos divididos en las tres opciones disponibles. Salvo el bloque de la izquierda que vot\u00f3 en unidad en contra de la suspensi\u00f3n, el resto de los sectores dejaron ver las diversas presiones pol\u00edticas, tanto internas como externas, provenientes de las provincias y de los l\u00edderes partidarios.<\/p>\n\n\n\n<p>El debate en el recinto comenz\u00f3 con la intervenci\u00f3n de Nicol\u00e1s Mayoraz, presidente de la Comisi\u00f3n de Asuntos Constitucionales y miembro de Libertad Avanza, quien defendi\u00f3 el dictamen de mayor\u00eda. <strong>Mayoraz record\u00f3 que la intenci\u00f3n inicial del oficialismo era eliminar las PASO, pero que se opt\u00f3 por la suspensi\u00f3n como una medida intermedia para garantizar el consenso necesario. En su discurso, destac\u00f3 que esta decisi\u00f3n responde a una promesa del presidente de \u201cachicar el costo de la pol\u00edtica y poner a los pol\u00edticos en su lugar\u201d.<\/strong><\/p>\n\n\n\n<p>Por otro lado, <strong>el jefe del bloque de Uni\u00f3n por la Patria, Germ\u00e1n Mart\u00ednez, calific\u00f3 el debate como una maniobra para desviar la atenci\u00f3n de temas m\u00e1s relevantes, como el tratamiento del Presupuesto 2025. <\/strong>Mart\u00ednez critic\u00f3 al Gobierno por lo que consider\u00f3 un manejo arbitrario de los recursos p\u00fablicos y evit\u00f3 referirse directamente a las PASO en su intervenci\u00f3n.<\/p>\n\n\n\n<p>Desde el bloque de Encuentro Federal, su presidente, Miguel \u00c1ngel Pichetto, argument\u00f3 que las PASO han generado inestabilidad tanto en el \u00e1mbito institucional como en el econ\u00f3mico. <strong>Pichetto afirm\u00f3 que la suspensi\u00f3n de estas elecciones refleja el cansancio de la sociedad frente a la proliferaci\u00f3n de procesos electorales y sugiri\u00f3 que el Congreso deber\u00eda avanzar hacia una reforma constitucional que alinee los mandatos legislativos con el presidencial.<\/strong><\/p>\n\n\n\n<p><strong>La falta de una postura unificada dentro de Uni\u00f3n por la Patria qued\u00f3 en evidencia durante la votaci\u00f3n. Los legisladores del Frente Renovador, que forma parte del bloque kirchnerista, nunca estuvieron a favor de las PASO, mientras que otros se vieron presionados por sus referentes provinciales para apoyar la suspensi\u00f3n.<\/strong> Sin embargo, un tercer grupo opt\u00f3 por abstenerse, aunque est\u00e1n de acuerdo con la suspensi\u00f3n lo hicieron en esa l\u00ednea para evitar una alineaci\u00f3n directa con La Libertad Avanza.<\/p>\n\n\n\n<p><strong>En varias ocasiones, miembros de UxP cuestionaron el argumento del ahorro econ\u00f3mico utilizado para justificar la suspensi\u00f3n.<\/strong> Los diputados Tom\u00e1s Ledesma y Daniel Arroyo se\u00f1alaron que, aunque se mencionaron cifras sobre el costo de las PASO, no se ha especificado c\u00f3mo se utilizar\u00e1n los recursos que se ahorrar\u00edan al no realizar estas elecciones. <strong>\u201cHasta ahora dijeron varios n\u00fameros, no importa cu\u00e1nto, pero no dicen qu\u00e9 van a hacer con lo que se ahorran\u201d,<\/strong> expresaron ambos legisladores.<\/p>\n\n\n\n<p>La decisi\u00f3n de suspender las PASO para 2025 plantea interrogantes sobre el impacto que esta medida tendr\u00e1 en el sistema electoral y en la din\u00e1mica pol\u00edtica del pa\u00eds. <strong>La medida refleja un intento de responder al descontento social con el sistema pol\u00edtico, pero tambi\u00e9n evidencia las tensiones internas en los principales bloques legislativos.<\/strong><\/p>\n\n\n\n<p>Mientras tanto, el debate sobre la necesidad de una reforma m\u00e1s amplia, que incluya cambios en la duraci\u00f3n de los mandatos legislativos, sigue ganando fuerza en algunos sectores del Congreso. <strong>Legisladores como Pichetto han planteado que esta reforma podr\u00eda contribuir a una mayor estabilidad institucional y a una mejor articulaci\u00f3n entre los poderes del Estado.<\/strong><\/p>\n\n\n\n<p>Con la media sanci\u00f3n obtenida en Diputados, el proyecto deber\u00e1 ser tratado ahora en el Senado, donde se espera que las discusiones sean igualmente intensas. <strong>La suspensi\u00f3n de las PASO, aunque temporal, podr\u00eda marcar un precedente significativo en el panorama electoral argentino, con implicancias que a\u00fan est\u00e1n por definirse.<\/strong><\/p>\n","protected":false},"excerpt":{"rendered":"<p>La iniciativa obtuvo 162 votos con acompa\u00f1amiento hasta del kirchnerismo. El resto de las bancadas tambi\u00e9n se parti\u00f3 y acompa\u00f1\u00f3. El rol de los gobernadores, las conveniencias de los posibles candidatos y el reclamo por el Presupuesto. En una sesi\u00f3n marcada por divisiones internas y acuerdos inesperados, la C\u00e1mara de Diputados de la Naci\u00f3n otorg\u00f3 [&hellip;]<\/p>\n","protected":false},"author":49,"featured_media":422985,"comment_status":"open","ping_status":"open","sticky":false,"template":"","format":"standard","meta":{"_stopmodifiedupdate":false,"_modified_date":"","inline_featured_image":false,"spay_email":"","jetpack_publicize_message":""},"categories":[2,501],"tags":[],"jetpack_featured_media_url":"https:\/\/notinor.com\/jujuy\/wp-content\/uploads\/2025\/02\/suspension-de-las-PASO.jpg","jetpack_publicize_connections":[],"_links":{"self":[{"href":"https:\/\/notinor.com\/jujuy\/wp-json\/wp\/v2\/posts\/422984"}],"collection":[{"href":"https:\/\/notinor.com\/jujuy\/wp-json\/wp\/v2\/posts"}],"about":[{"href":"https:\/\/notinor.com\/jujuy\/wp-json\/wp\/v2\/types\/post"}],"author":[{"embeddable":true,"href":"https:\/\/notinor.com\/jujuy\/wp-json\/wp\/v2\/users\/49"}],"replies":[{"embeddable":true,"href":"https:\/\/notinor.com\/jujuy\/wp-json\/wp\/v2\/comments?post=422984"}],"version-history":[{"count":1,"href":"https:\/\/notinor.com\/jujuy\/wp-json\/wp\/v2\/posts\/422984\/revisions"}],"predecessor-version":[{"id":422986,"href":"https:\/\/notinor.com\/jujuy\/wp-json\/wp\/v2\/posts\/422984\/revisions\/422986"}],"wp:featuredmedia":[{"embeddable":true,"href":"https:\/\/notinor.com\/jujuy\/wp-json\/wp\/v2\/media\/422985"}],"wp:attachment":[{"href":"https:\/\/notinor.com\/jujuy\/wp-json\/wp\/v2\/media?parent=422984"}],"wp:term":[{"taxonomy":"category","embeddable":true,"href":"https:\/\/notinor.com\/jujuy\/wp-json\/wp\/v2\/categories?post=422984"},{"taxonomy":"post_tag","embeddable":true,"href":"https:\/\/notinor.com\/jujuy\/wp-json\/wp\/v2\/tags?post=422984"}],"curies":[{"name":"wp","href":"https:\/\/api.w.org\/{rel}","templated":true}]}}