{"id":422935,"date":"2025-02-04T21:39:00","date_gmt":"2025-02-05T00:39:00","guid":{"rendered":"https:\/\/notinor.com\/jujuy\/?p=422935"},"modified":"2025-02-04T09:39:51","modified_gmt":"2025-02-04T09:39:51","slug":"astroturismo-en-la-ciudad-2","status":"publish","type":"post","link":"https:\/\/notinor.com\/jujuy\/astroturismo-en-la-ciudad-2\/","title":{"rendered":"Astroturismo en la ciudad"},"content":{"rendered":"\n<p class=\"has-medium-font-size\"><strong><em>La Municipalidad de San Salvador de Jujuy, a trav\u00e9s de la Direcci\u00f3n de Turismo, invita a toda la comunidad a participar de jornadas de observaci\u00f3n astron\u00f3mica en el atrio de la Iglesia Catedral. Esta propuesta de Astro Tour, se llevar\u00e1 a cabo hasta el 12 de febrero.<\/em><\/strong><\/p>\n\n\n<div class=\"wp-block-image\">\n<figure class=\"aligncenter\"><img decoding=\"async\" src=\"https:\/\/www.sansalvadordejujuy.gob.ar\/wp-content\/uploads\/2025\/02\/Astro-Turismo-Flyer-prensa-muni-jujuy.jpg\" alt=\"\" class=\"wp-image-82583\"\/><figcaption class=\"wp-element-caption\">Del 1 al 12 de febrero<\/figcaption><\/figure><\/div>\n\n\n<p>Las sesiones de observaci\u00f3n se llevar\u00e1n a cabo hasta el 12 de febrero, en el horario de 20:30 a 23:00 horas, brindando una oportunidad ideal para disfrutar del cielo estival.<\/p>\n\n\n\n<p>La propuesta est\u00e1 dise\u00f1ada para personas de todas las edades, fomentando la curiosidad cient\u00edfica y el inter\u00e9s por la astronom\u00eda. Los participantes podr\u00e1n disfrutar observando la Luna en detalle y presenciando la alineaci\u00f3n de planetas.<\/p>\n\n\n\n<p>Es importante tener en cuenta que la actividad est\u00e1 sujeta a condiciones meteorol\u00f3gicas favorables. Asimismo, se ha establecido un costo m\u00ednimo de participaci\u00f3n para cubrir los gastos operativos.<\/p>\n","protected":false},"excerpt":{"rendered":"<p>La Municipalidad de San Salvador de Jujuy, a trav\u00e9s de la Direcci\u00f3n de Turismo, invita a toda la comunidad a participar de jornadas de observaci\u00f3n astron\u00f3mica en el atrio de la Iglesia Catedral. Esta propuesta de Astro Tour, se llevar\u00e1 a cabo hasta el 12 de febrero. Las sesiones de observaci\u00f3n se llevar\u00e1n a cabo [&hellip;]<\/p>\n","protected":false},"author":5,"featured_media":422936,"comment_status":"open","ping_status":"open","sticky":false,"template":"","format":"standard","meta":{"_stopmodifiedupdate":false,"_modified_date":"","inline_featured_image":false,"spay_email":"","jetpack_publicize_message":""},"categories":[13],"tags":[],"jetpack_featured_media_url":"https:\/\/notinor.com\/jujuy\/wp-content\/uploads\/2025\/02\/ASTROTURISMO.jpg","jetpack_publicize_connections":[],"_links":{"self":[{"href":"https:\/\/notinor.com\/jujuy\/wp-json\/wp\/v2\/posts\/422935"}],"collection":[{"href":"https:\/\/notinor.com\/jujuy\/wp-json\/wp\/v2\/posts"}],"about":[{"href":"https:\/\/notinor.com\/jujuy\/wp-json\/wp\/v2\/types\/post"}],"author":[{"embeddable":true,"href":"https:\/\/notinor.com\/jujuy\/wp-json\/wp\/v2\/users\/5"}],"replies":[{"embeddable":true,"href":"https:\/\/notinor.com\/jujuy\/wp-json\/wp\/v2\/comments?post=422935"}],"version-history":[{"count":1,"href":"https:\/\/notinor.com\/jujuy\/wp-json\/wp\/v2\/posts\/422935\/revisions"}],"predecessor-version":[{"id":422937,"href":"https:\/\/notinor.com\/jujuy\/wp-json\/wp\/v2\/posts\/422935\/revisions\/422937"}],"wp:featuredmedia":[{"embeddable":true,"href":"https:\/\/notinor.com\/jujuy\/wp-json\/wp\/v2\/media\/422936"}],"wp:attachment":[{"href":"https:\/\/notinor.com\/jujuy\/wp-json\/wp\/v2\/media?parent=422935"}],"wp:term":[{"taxonomy":"category","embeddable":true,"href":"https:\/\/notinor.com\/jujuy\/wp-json\/wp\/v2\/categories?post=422935"},{"taxonomy":"post_tag","embeddable":true,"href":"https:\/\/notinor.com\/jujuy\/wp-json\/wp\/v2\/tags?post=422935"}],"curies":[{"name":"wp","href":"https:\/\/api.w.org\/{rel}","templated":true}]}}