{"id":422932,"date":"2025-02-04T21:26:00","date_gmt":"2025-02-05T00:26:00","guid":{"rendered":"https:\/\/notinor.com\/jujuy\/?p=422932"},"modified":"2025-02-04T09:26:46","modified_gmt":"2025-02-04T09:26:46","slug":"trabajos-viales-durante-el-miercoles-5-y-jueves-6-en-la-ciudad","status":"publish","type":"post","link":"https:\/\/notinor.com\/jujuy\/trabajos-viales-durante-el-miercoles-5-y-jueves-6-en-la-ciudad\/","title":{"rendered":"Trabajos viales durante el mi\u00e9rcoles 5 y jueves 6 en la ciudad"},"content":{"rendered":"\n<p class=\"has-medium-font-size\"><strong><em>La Secretar\u00eda de Servicios P\u00fablicos, Municipio informa a la poblaci\u00f3n y, especialmente, a los conductores, sobre las interrupciones que se realizar\u00e1n en el tr\u00e1nsito por trabajos viales y de agua potable.<\/em><\/strong><\/p>\n\n\n<div class=\"wp-block-image\">\n<figure class=\"aligncenter size-full\"><img decoding=\"async\" loading=\"lazy\" width=\"825\" height=\"437\" src=\"https:\/\/notinor.com\/jujuy\/wp-content\/uploads\/2025\/02\/calle-salta.jpg\" alt=\"\" class=\"wp-image-422933\" srcset=\"https:\/\/notinor.com\/jujuy\/wp-content\/uploads\/2025\/02\/calle-salta.jpg 825w, https:\/\/notinor.com\/jujuy\/wp-content\/uploads\/2025\/02\/calle-salta-660x350.jpg 660w, https:\/\/notinor.com\/jujuy\/wp-content\/uploads\/2025\/02\/calle-salta-768x407.jpg 768w, https:\/\/notinor.com\/jujuy\/wp-content\/uploads\/2025\/02\/calle-salta-750x397.jpg 750w\" sizes=\"(max-width: 825px) 100vw, 825px\" \/><figcaption class=\"wp-element-caption\">Calle Salta entre Patricias Argentnas y Gral Paz<\/figcaption><\/figure><\/div>\n\n\n<p><strong>Mi\u00e9rcoles 5 de febrero:<\/strong>\u00a0en calle Salta, entre General Paz y Patricias Argentinas, se llevar\u00e1n a cabo trabajos de agua potable y obras viales a media calzada. Estos trabajos comenzar\u00e1n a partir de las 7:00 hs. y se extender\u00e1n hasta la finalizaci\u00f3n del servicio. Se solicita a los conductores que presten especial atenci\u00f3n a las indicaciones del personal dispuesto en el lugar para garantizar la seguridad y fluidez del tr\u00e1nsito.<\/p>\n\n\n\n<p><strong><br>Jueves 6 de febrero:<\/strong>&nbsp;en calle Libertad, entre Dr. Iriarte y Aparicio, se realizar\u00e1n tareas de reparaci\u00f3n de la calzada y trabajos viales. Estas intervenciones iniciar\u00e1n a las 7:00 hs. y se prolongar\u00e1n hasta la finalizaci\u00f3n del servicio.<br>Desde la Direcci\u00f3n de Tr\u00e1nsito y transporte puntualizaron que, debido a los trabajos, se dispuso un desv\u00edo para el transporte urbano de pasajeros. La L\u00ednea 46 de la empresa Uni\u00f3n Bus modificar\u00e1 su recorrido de ida, que ser\u00e1 el siguiente: Libertad, Dr. Carrillo, Cnel. Arias, Dr. Padilla, Libertad, para retomar su recorrido habitual.<br>Se solicita la colaboraci\u00f3n de los vecinos y conductores, y se les recomienda tomar precauciones al circular por las zonas afectadas.<\/p>\n\n\n\n<figure class=\"wp-block-image\"><img decoding=\"async\" src=\"https:\/\/www.sansalvadordejujuy.gob.ar\/wp-content\/uploads\/2024\/10\/transito.jpg\" alt=\"\" class=\"wp-image-79121\"\/><\/figure>\n","protected":false},"excerpt":{"rendered":"<p>La Secretar\u00eda de Servicios P\u00fablicos, Municipio informa a la poblaci\u00f3n y, especialmente, a los conductores, sobre las interrupciones que se realizar\u00e1n en el tr\u00e1nsito por trabajos viales y de agua potable. Mi\u00e9rcoles 5 de febrero:\u00a0en calle Salta, entre General Paz y Patricias Argentinas, se llevar\u00e1n a cabo trabajos de agua potable y obras viales a [&hellip;]<\/p>\n","protected":false},"author":5,"featured_media":422933,"comment_status":"open","ping_status":"open","sticky":false,"template":"","format":"standard","meta":{"_stopmodifiedupdate":false,"_modified_date":"","inline_featured_image":false,"spay_email":"","jetpack_publicize_message":""},"categories":[514],"tags":[],"jetpack_featured_media_url":"https:\/\/notinor.com\/jujuy\/wp-content\/uploads\/2025\/02\/calle-salta.jpg","jetpack_publicize_connections":[],"_links":{"self":[{"href":"https:\/\/notinor.com\/jujuy\/wp-json\/wp\/v2\/posts\/422932"}],"collection":[{"href":"https:\/\/notinor.com\/jujuy\/wp-json\/wp\/v2\/posts"}],"about":[{"href":"https:\/\/notinor.com\/jujuy\/wp-json\/wp\/v2\/types\/post"}],"author":[{"embeddable":true,"href":"https:\/\/notinor.com\/jujuy\/wp-json\/wp\/v2\/users\/5"}],"replies":[{"embeddable":true,"href":"https:\/\/notinor.com\/jujuy\/wp-json\/wp\/v2\/comments?post=422932"}],"version-history":[{"count":1,"href":"https:\/\/notinor.com\/jujuy\/wp-json\/wp\/v2\/posts\/422932\/revisions"}],"predecessor-version":[{"id":422934,"href":"https:\/\/notinor.com\/jujuy\/wp-json\/wp\/v2\/posts\/422932\/revisions\/422934"}],"wp:featuredmedia":[{"embeddable":true,"href":"https:\/\/notinor.com\/jujuy\/wp-json\/wp\/v2\/media\/422933"}],"wp:attachment":[{"href":"https:\/\/notinor.com\/jujuy\/wp-json\/wp\/v2\/media?parent=422932"}],"wp:term":[{"taxonomy":"category","embeddable":true,"href":"https:\/\/notinor.com\/jujuy\/wp-json\/wp\/v2\/categories?post=422932"},{"taxonomy":"post_tag","embeddable":true,"href":"https:\/\/notinor.com\/jujuy\/wp-json\/wp\/v2\/tags?post=422932"}],"curies":[{"name":"wp","href":"https:\/\/api.w.org\/{rel}","templated":true}]}}