{"id":422914,"date":"2025-02-04T20:35:34","date_gmt":"2025-02-04T23:35:34","guid":{"rendered":"https:\/\/notinor.com\/jujuy\/?p=422914"},"modified":"2025-02-04T20:35:36","modified_gmt":"2025-02-04T23:35:36","slug":"cfk-apunto-contra-milei-tras-ser-denunciada-por-cobrar-por-vivir-en-zona-austral-necesitas-un-psiquiatra","status":"publish","type":"post","link":"https:\/\/notinor.com\/jujuy\/cfk-apunto-contra-milei-tras-ser-denunciada-por-cobrar-por-vivir-en-zona-austral-necesitas-un-psiquiatra\/","title":{"rendered":"CFK apunt\u00f3 contra Milei tras ser denunciada por cobrar por vivir en zona austral: \u201cNecesit\u00e1s un psiquiatra\u201d"},"content":{"rendered":"\n<p class=\"has-medium-font-size\"><strong><em>La ex presidenta explic\u00f3 por qu\u00e9 vive en la Ciudad de Buenos Aires y mantiene su domicilio en la Patagonia. ANSES la acus\u00f3 de \u201cestafa, defraudaci\u00f3n y falsedad ideol\u00f3gica\u201d.<\/em><\/strong><\/p>\n\n\n\n<p><\/p>\n\n\n<div class=\"wp-block-image\">\n<figure class=\"aligncenter size-full\"><img decoding=\"async\" loading=\"lazy\" width=\"800\" height=\"450\" src=\"https:\/\/notinor.com\/jujuy\/wp-content\/uploads\/2025\/02\/cristina-kirchner-y-javier-milei.jpg\" alt=\"\" class=\"wp-image-422915\" srcset=\"https:\/\/notinor.com\/jujuy\/wp-content\/uploads\/2025\/02\/cristina-kirchner-y-javier-milei.jpg 800w, https:\/\/notinor.com\/jujuy\/wp-content\/uploads\/2025\/02\/cristina-kirchner-y-javier-milei-649x365.jpg 649w, https:\/\/notinor.com\/jujuy\/wp-content\/uploads\/2025\/02\/cristina-kirchner-y-javier-milei-500x280.jpg 500w, https:\/\/notinor.com\/jujuy\/wp-content\/uploads\/2025\/02\/cristina-kirchner-y-javier-milei-768x432.jpg 768w, https:\/\/notinor.com\/jujuy\/wp-content\/uploads\/2025\/02\/cristina-kirchner-y-javier-milei-750x422.jpg 750w\" sizes=\"(max-width: 800px) 100vw, 800px\" \/><\/figure><\/div>\n\n\n<p><\/p>\n\n\n\n<p><strong>La ex presidenta Cristina Fern\u00e1ndez de Kirchner respondi\u00f3 a la denuncia del Gobierno nacional, que a trav\u00e9s de la Administraci\u00f3n Nacional de la Seguridad Social (ANSES) la denunci\u00f3 por cobrar beneficios presuntamente irregulares en su jubilaci\u00f3n: percibe un extra por vivir en una \u201cZona Austral\u201d, cuando en realidad reside en la Ciudad Aut\u00f3noma de Buenos Aires.<\/strong> En un extenso posteo, la titular del PJ carg\u00f3 contra Javier Milei y la ministra de Capital Humano, Sandra Pettovello.<\/p>\n\n\n\n<p><strong>\u201cChe Milei\u2026 \u00bfAhora vos tambi\u00e9n, como Mauricio Macri, me denunci\u00e1s en Comodoro Py y mand\u00e1s a la burra que te hace Reiki y le saca la comida a los pobres y al otro burro que pusiste en la ANSES, reci\u00e9n llegado de sus vacaciones en M\u00e9xico, a que hagan la berretada de decir que mi domicilio no es en Santa Cruz?\u201d, <\/strong>comenz\u00f3 el descargo de CFK en sus redes sociales.<\/p>\n\n\n\n<p>En el desarrollo de su respuesta, la ex mandataria aclar\u00f3 que <strong>\u201cdomicilio es el que ten\u00e9s en el DNI, domicilio es donde vot\u00e1s (si no me cre\u00e9s, consult\u00e1 el padr\u00f3n de Santa Cruz), domicilio tambi\u00e9n es donde pag\u00e1s tus impuestos, o sea, tu domicilio fiscal\u201d,<\/strong> dijo, siempre dirigi\u00e9ndose directamente al jefe de Estado.<\/p>\n\n\n\n<p>Por lo que \u201cmi casa est\u00e1 en R\u00edo Gallegos y en El Calafate\u201d, argument\u00f3 Cristina Kirchner. Y justific\u00f3: <strong>\u201cComo es de p\u00fablico y notorio, a partir de 1995 empec\u00e9 a desempe\u00f1ar cargos electivos nacionales hasta diciembre del 2023 y por lo tanto, como es obvio, estuve gran parte del tiempo en Capital Federal. Lo mismo ahora que, no se si te enteraste, soy Presidenta del Partido Justicialista a nivel nacional y su sede est\u00e1 en Capital Federal\u201d.<\/strong><\/p>\n\n\n\n<p><strong>\u201c\u00bfVos me denunci\u00e1s y me persegu\u00eds penalmente porque dec\u00eds que cobr\u00e9 indebidamente un plus por zona? Que te cuente el burro de ANSES lo que hice con la sentencia que no s\u00f3lo reconoci\u00f3 mi derecho a las pensiones como ex Presidenta y como viuda de un ex Presidente, <\/strong>sino tambi\u00e9n el retroactivo m\u00e1s sus intereses por todo lo que no hab\u00eda percibido durante los a\u00f1os de la gesti\u00f3n macrista que me las hab\u00eda quitado y, <strong>ADEM\u00c1S, ME EXIMI\u00d3 DE PAGAR EL IMPUESTO A LAS GANANCIAS ordenando la devoluci\u00f3n de las sumas descontadas por ese concepto con m\u00e1s sus intereses\u201d,<\/strong> continu\u00f3 CFK.<\/p>\n\n\n\n<p><strong>La nueva denuncia contra la ex vicepresidenta de Alberto Fern\u00e1ndez es por presunta \u201cestafa, defraudaci\u00f3n a la administraci\u00f3n p\u00fablica y falsedad ideol\u00f3gica\u201d <\/strong>y recay\u00f3 por sorteo en el Juzgado Criminal y Correccional Federal N\u00b0 11, subrogado por Juli\u00e1n Ercolini.<\/p>\n\n\n\n<p><strong>Seg\u00fan ANSES, Fern\u00e1ndez de Kirchner \u201cinsert\u00f3 en instrumentos p\u00fablicos declaraciones falsas\u201d con el fin de \u201cpercibir adicionales por zona austral en los beneficios N\u00b0 40-5-8085213-0 (derivada de la asignaci\u00f3n mensual vitalicia Ley N\u00b0 24.018 por viudez del ex \u2013 presidente N\u00e9stor Carlos Kirchner) y N\u00b0 40-5-8085268-0 (asignaci\u00f3n mensual vitalicia Ley N\u00b0 24.018 por su car\u00e1cter de ex presidente), siendo de p\u00fablico y notorio conocimiento su residencia en la Ciudad Aut\u00f3noma de Buenos Aires durante el per\u00edodo de percepci\u00f3n de ambas asignaciones, <\/strong>simult\u00e1neo adem\u00e1s con su desempe\u00f1o en el rol de Senadora por la Provincia de Buenos Aires ante el Senado de la Naci\u00f3n (10\/12\/2017 \u2013 10\/12\/2019) y Vicepresidenta de la Naci\u00f3n (10\/12\/2019 \u2013 10\/12\/2023), todo ello cometido en perjuicio de la Administraci\u00f3n Nacional de la Seguridad Social\u201d, detalla la denuncia presentada ante la Justicia.<\/p>\n\n\n\n<p><strong>La dimensi\u00f3n de ese \u201cperjuicio patrimonial a la ANSES\u201d, aclara el texto, \u201cquedar\u00e1 determinado con exactitud a partir de las tareas investigativas que llevar\u00e1 adelante su se\u00f1or\u00eda y que, finalmente, surjan de las pericias a realizarse en la etapa procesal oportuna\u201d.<\/strong><\/p>\n\n\n\n<p>Internamente, el titular del organismo previsional, Mariano de los Heros, ya hab\u00eda ordenado una auditor\u00eda para <strong>\u201cadoptar criterios estrictos y objetivos que puedan atestiguar que el beneficiario de una prestaci\u00f3n que expresamente solicite el suplemento por zona austral cumple con una verdadera y aut\u00e9ntica residencia en el lugar denunciado, con independencia del domicilio legal que surja del Documento Nacional de Identidad\u201d.<\/strong><\/p>\n\n\n\n<p class=\"has-medium-font-size\"><strong>Las cr\u00edticas de CFK al discurso en Davos<\/strong><\/p>\n\n\n\n<p>Para cerrar su extenso posteo, la ex presidenta se meti\u00f3 en la pol\u00e9mica por los dichos del presidente en el Foro Econ\u00f3mico Mundial de Davos contra la comunidad LGBT. En la noche del lunes, durante una entrevista con La Naci\u00f3n+, Milei ratific\u00f3 que <strong>\u201cla ideolog\u00eda de g\u00e9nero llevada al extremo conduce al abuso, por ende son ped\u00f3filos\u201d.<\/strong><\/p>\n\n\n\n<p><strong>\u201cTe soy sincera, me han comenzado a llamar poderosamente la atenci\u00f3n: abuso de menores vincul\u00e1ndolos con la homosexualidad\u2026 hasta me acuerdo que has llegado a hablar p\u00fablicamente de ni\u00f1os en un jard\u00edn de infantes encadenados y envaselinados\u2026 \u00a1Un horror!\u201d,<\/strong> replic\u00f3 la presidenta del PJ.<\/p>\n\n\n\n<p><strong>\u201cEn serio\u2026 Deber\u00edas buscar asesoramiento m\u00e9dico para no decir barbaridades y buscar un buen psic\u00f3logo\u2026 \u00bfO tal vez, un buen psiquiatra? Lo necesit\u00e1s.<\/strong> Y, adem\u00e1s, como sos el Presidente, le vendr\u00eda muy bien a todos los argentinos y todas las argentinas\u201d, complet\u00f3.<\/p>\n","protected":false},"excerpt":{"rendered":"<p>La ex presidenta explic\u00f3 por qu\u00e9 vive en la Ciudad de Buenos Aires y mantiene su domicilio en la Patagonia. ANSES la acus\u00f3 de \u201cestafa, defraudaci\u00f3n y falsedad ideol\u00f3gica\u201d. La ex presidenta Cristina Fern\u00e1ndez de Kirchner respondi\u00f3 a la denuncia del Gobierno nacional, que a trav\u00e9s de la Administraci\u00f3n Nacional de la Seguridad Social (ANSES) [&hellip;]<\/p>\n","protected":false},"author":49,"featured_media":422915,"comment_status":"open","ping_status":"open","sticky":false,"template":"","format":"standard","meta":{"_stopmodifiedupdate":false,"_modified_date":"","inline_featured_image":false,"spay_email":"","jetpack_publicize_message":""},"categories":[2,501],"tags":[],"jetpack_featured_media_url":"https:\/\/notinor.com\/jujuy\/wp-content\/uploads\/2025\/02\/cristina-kirchner-y-javier-milei.jpg","jetpack_publicize_connections":[],"_links":{"self":[{"href":"https:\/\/notinor.com\/jujuy\/wp-json\/wp\/v2\/posts\/422914"}],"collection":[{"href":"https:\/\/notinor.com\/jujuy\/wp-json\/wp\/v2\/posts"}],"about":[{"href":"https:\/\/notinor.com\/jujuy\/wp-json\/wp\/v2\/types\/post"}],"author":[{"embeddable":true,"href":"https:\/\/notinor.com\/jujuy\/wp-json\/wp\/v2\/users\/49"}],"replies":[{"embeddable":true,"href":"https:\/\/notinor.com\/jujuy\/wp-json\/wp\/v2\/comments?post=422914"}],"version-history":[{"count":1,"href":"https:\/\/notinor.com\/jujuy\/wp-json\/wp\/v2\/posts\/422914\/revisions"}],"predecessor-version":[{"id":422916,"href":"https:\/\/notinor.com\/jujuy\/wp-json\/wp\/v2\/posts\/422914\/revisions\/422916"}],"wp:featuredmedia":[{"embeddable":true,"href":"https:\/\/notinor.com\/jujuy\/wp-json\/wp\/v2\/media\/422915"}],"wp:attachment":[{"href":"https:\/\/notinor.com\/jujuy\/wp-json\/wp\/v2\/media?parent=422914"}],"wp:term":[{"taxonomy":"category","embeddable":true,"href":"https:\/\/notinor.com\/jujuy\/wp-json\/wp\/v2\/categories?post=422914"},{"taxonomy":"post_tag","embeddable":true,"href":"https:\/\/notinor.com\/jujuy\/wp-json\/wp\/v2\/tags?post=422914"}],"curies":[{"name":"wp","href":"https:\/\/api.w.org\/{rel}","templated":true}]}}