{"id":422907,"date":"2025-02-04T18:33:41","date_gmt":"2025-02-04T21:33:41","guid":{"rendered":"https:\/\/notinor.com\/jujuy\/?p=422907"},"modified":"2025-02-04T18:33:46","modified_gmt":"2025-02-04T21:33:46","slug":"malestar-de-la-casa-rosada-con-el-enre-finalmente-no-se-realizaran-los-aumentos-de-luz-anunciados-para-febrero","status":"publish","type":"post","link":"https:\/\/notinor.com\/jujuy\/malestar-de-la-casa-rosada-con-el-enre-finalmente-no-se-realizaran-los-aumentos-de-luz-anunciados-para-febrero\/","title":{"rendered":"Malestar de la Casa Rosada con el ENRE: finalmente, no se realizar\u00e1n los aumentos de luz anunciados para febrero"},"content":{"rendered":"\n<p class=\"has-medium-font-size\"><strong><em>As\u00ed se lo confirm\u00f3 una alta fuente oficial del Gobierno que habl\u00f3 de una suba \u201cinconsulta\u201d. Las tarifas iban a subir hasta 8,4% a usuarios de clase media y 12,3% a los de ingresos bajos en el AMBA.<\/em><\/strong><\/p>\n\n\n\n<p><\/p>\n\n\n<div class=\"wp-block-image\">\n<figure class=\"aligncenter size-full\"><img decoding=\"async\" loading=\"lazy\" width=\"800\" height=\"450\" src=\"https:\/\/notinor.com\/jujuy\/wp-content\/uploads\/2025\/02\/gobierno-y-ENRE.jpg\" alt=\"\" class=\"wp-image-422908\" srcset=\"https:\/\/notinor.com\/jujuy\/wp-content\/uploads\/2025\/02\/gobierno-y-ENRE.jpg 800w, https:\/\/notinor.com\/jujuy\/wp-content\/uploads\/2025\/02\/gobierno-y-ENRE-649x365.jpg 649w, https:\/\/notinor.com\/jujuy\/wp-content\/uploads\/2025\/02\/gobierno-y-ENRE-500x280.jpg 500w, https:\/\/notinor.com\/jujuy\/wp-content\/uploads\/2025\/02\/gobierno-y-ENRE-768x432.jpg 768w, https:\/\/notinor.com\/jujuy\/wp-content\/uploads\/2025\/02\/gobierno-y-ENRE-750x422.jpg 750w\" sizes=\"(max-width: 800px) 100vw, 800px\" \/><\/figure><\/div>\n\n\n<p><\/p>\n\n\n\n<p><strong>El Gobierno finalmente no aplicar\u00e1 en febrero los aumentos en las tarifas de luz de hasta 12,3% promedio para los hogares de ingresos medios y bajos que fueron informados este martes por el Ente Nacional Regulador de la Electricidad (ENRE), seg\u00fan dijo una fuente de Casa Rosada.<\/strong> Est\u00e1 previsto que en las pr\u00f3ximas horas salga publicada una resoluci\u00f3n en el Bolet\u00edn Oficial con la medida que retrotraer\u00e1 la suba que iba a llegar en un mes de alto consumo estacional por las altas temperaturas del verano.<\/p>\n\n\n\n<p>En la Rosada hablaron de \u201cmalestar\u201d por la decisi\u00f3n del ENRE, cuyo interventor es Osvaldo Rolando, y aseguraron que se enteraron de la suba por la noticia que public\u00f3 este medio. \u201cFue inconsulto\u201d, agregaron. <strong>La explicaci\u00f3n de la Secretar\u00eda de Energ\u00eda fue que hubo un error en la redacci\u00f3n de las resoluciones en las que se oficializaron los cuadros tarifarios de este mes para los usuarios que viven en la Ciudad Aut\u00f3noma de Buenos Aires (CABA) y el conurbano bonaerense.<\/strong><\/p>\n\n\n\n<p>Sin embargo, el ENRE realiza solo un trabajo t\u00e9cnico de instrumentaci\u00f3n de las definiciones que \u201cbajan\u201d desde el Gobierno. Tal como salieron los cuadros tarifarios los incrementos respecto a enero iban a tener mayor impacto en los segmentos m\u00e1s vulnerables de la poblaci\u00f3n.<\/p>\n\n\n\n<p><strong>El Gobierno hab\u00eda informado la semana pasada que a partir de febrero habr\u00eda un recorte en los subsidios que reciben 9,5 millones de usuarios residenciales de todo el pa\u00eds y que los aumentos en las tarifas de electricidad para este mes ser\u00edan del 1,5% promedio.<\/strong> Pero el ENRE revel\u00f3 hoy que con el cambio en el esquema de subvenciones el incremento ser\u00eda mucho mayor para los clientes de Edesur y Edenor: 8,4% para los categorizados como de ingresos medios; 12,3% para los de ingresos bajos y 2% para los de ingresos altos.<\/p>\n\n\n\n<p><strong>\u201cEn febrero de 2025, la factura promedio antes de impuestos de los usuarios R-Nivel 1 altos ingresos aumentar\u00e1 en promedio, con respecto al cuadro vigente a enero 2025, un dos coma uno porciento (2,1%). En el caso de los usuarios R-Nivel 2 ingresos bajos y R-Nivel 3 ingresos medios aumentar\u00e1 en promedio un doce coma tres porciento (12,3%) y un ocho coma cuatro porciento (8,4%), respectivamente\u201d, <\/strong>consignaron dos resoluciones del ENRE que se publicaron este martes en el Bolet\u00edn Oficial.<\/p>\n\n\n\n<p>Desde el equipo de la secretaria de Energ\u00eda, Mar\u00eda Tettamanti, dijeron que hubo un \u201cerror\u201d en la redacci\u00f3n de las normas y que ser\u00e1 subsanado en las pr\u00f3ximas horas. \u201cSe trata de la magnitud anual del aumento y no de la suba que habr\u00e1 en febrero\u201d, explicaron.<\/p>\n\n\n\n<p><strong>El economista Julian Rojo calcul\u00f3 que los aumentos en las facturas de Edesur y Edenor, seg\u00fan los cuadros tarifarios publicados por el ENRE, iban a ser de 1,7% mensual para N1, 14.6% para N2 y 9,6% para N3. <\/strong>Es por eso que dif\u00edcilmente haya habido solo una equivocaci\u00f3n con la redacci\u00f3n de la norma.<\/p>\n\n\n\n<p>Energ\u00eda aplic\u00f3 desde este mes una reducci\u00f3n en los descuentos que reciben los usuarios residenciales en los precios de la energ\u00eda que pagan en los servicios p\u00fablicos de electricidad y de gas natural. <strong>El subsidio del Estado implica que los usuarios tengan una bonificaci\u00f3n sobre el precio pleno de la energ\u00eda seg\u00fan el esquema de segmentaci\u00f3n vigente en base a ingresos respecto a la Canasta B\u00e1sica Total (CBT) del Indec, que marca el umbral de un hogar para no ser considerado pobre.<\/strong><\/p>\n\n\n\n<p>Hay tres universos: ingresos altos (Nivel 1) que no tienen descuento, ingresos bajos (N2) e ingresos medios (N3). El descuento desde ahora ser\u00e1 del 65% para los N2 y del 50% para los N3 en ambos servicios, lo que representa en mayor medida un recorte en el beneficio.<\/p>\n\n\n\n<p><strong>Las bonificaciones vigentes desde junio pasado para la electricidad eran del 71,2% en N2 y del 55,94% en N3. En gas natural eran del 64% -solo en ese caso la cobertura ser\u00eda mayor en un punto porcentual-, y del 55%, respectivamente.<\/strong><\/p>\n\n\n\n<p>Seg\u00fan datos del Registro de Acceso a los Subsidios a la Energ\u00eda (RASE) hasta diciembre hab\u00eda 9,5 millones de usuarios de energ\u00eda el\u00e9ctrica agrupados entre N2 (6,3 millones) y N3 (3,2 millones) que reciben subsidios, de un total de 16,3 millones de usuarios.<\/p>\n\n\n\n<p><strong>El Gobierno apuesta a profundizar la desaceleraci\u00f3n de la inflaci\u00f3n durante 2025, de cara a las elecciones legislativas. Es por eso que durante el verano se habilitar\u00e1n aumentos en las tarifas de electricidad y gas natural por debajo del 2% promedio mensual para todo el pa\u00eds.<\/strong> En enero, las subas hab\u00edan sido de 1,6% en luz y 1,8% en gas. En febrero ser\u00e1n del 1,5% y 1,6%, respectivamente. Tambi\u00e9n comenz\u00f3 a regir este mes la baja del 2% al 1% en el ajuste mensual del precio del d\u00f3lar oficial, una medida que apunta en el mismo sentido.<\/p>\n\n\n\n<p><strong>Energ\u00eda avanzar\u00e1 en febrero en la revisi\u00f3n tarifaria con distribuidoras y transportistas. De ese proceso surgir\u00e1n adem\u00e1s los nuevos cuadros tarifarios y las inversiones que deber\u00e1n realizar las compa\u00f1\u00edas para mejorar el servicio de cara a los pr\u00f3ximos cinco a\u00f1os.<\/strong> En medio de la ola de calor, este lunes hubo hasta 50.000 usuarios sin luz en el AMBA y se registr\u00f3 un apag\u00f3n en C\u00f3rdoba y provincias del norte del pa\u00eds. En abril comenzar\u00e1n a regir los nuevos cuadros tarifarios que traer\u00e1n aumentos en las facturas por debajo del 10%, que adem\u00e1s podr\u00edan ser divididos en cuotas mensuales, seg\u00fan indicaron fuentes oficiales.<\/p>\n\n\n\n<p>Luego la idea es definir un sistema de actualizaci\u00f3n mensual autom\u00e1tico para las tarifas y, en consecuencia, los ingresos de las empresas se mantengan constantes en t\u00e9rminos reales.<strong> Se trata de un cambio sustancial respecto a los aumentos discrecionales que se aplicaron a partir de 2024, despu\u00e9s de a\u00f1os de congelamiento, y con los que se busc\u00f3 apuntalar, sin \u00e9xito, la desaceleraci\u00f3n de la inflaci\u00f3n.<\/strong><\/p>\n","protected":false},"excerpt":{"rendered":"<p>As\u00ed se lo confirm\u00f3 una alta fuente oficial del Gobierno que habl\u00f3 de una suba \u201cinconsulta\u201d. Las tarifas iban a subir hasta 8,4% a usuarios de clase media y 12,3% a los de ingresos bajos en el AMBA. El Gobierno finalmente no aplicar\u00e1 en febrero los aumentos en las tarifas de luz de hasta 12,3% [&hellip;]<\/p>\n","protected":false},"author":49,"featured_media":422908,"comment_status":"open","ping_status":"open","sticky":false,"template":"","format":"standard","meta":{"_stopmodifiedupdate":false,"_modified_date":"","inline_featured_image":false,"spay_email":"","jetpack_publicize_message":""},"categories":[2,676,5],"tags":[],"jetpack_featured_media_url":"https:\/\/notinor.com\/jujuy\/wp-content\/uploads\/2025\/02\/gobierno-y-ENRE.jpg","jetpack_publicize_connections":[],"_links":{"self":[{"href":"https:\/\/notinor.com\/jujuy\/wp-json\/wp\/v2\/posts\/422907"}],"collection":[{"href":"https:\/\/notinor.com\/jujuy\/wp-json\/wp\/v2\/posts"}],"about":[{"href":"https:\/\/notinor.com\/jujuy\/wp-json\/wp\/v2\/types\/post"}],"author":[{"embeddable":true,"href":"https:\/\/notinor.com\/jujuy\/wp-json\/wp\/v2\/users\/49"}],"replies":[{"embeddable":true,"href":"https:\/\/notinor.com\/jujuy\/wp-json\/wp\/v2\/comments?post=422907"}],"version-history":[{"count":1,"href":"https:\/\/notinor.com\/jujuy\/wp-json\/wp\/v2\/posts\/422907\/revisions"}],"predecessor-version":[{"id":422909,"href":"https:\/\/notinor.com\/jujuy\/wp-json\/wp\/v2\/posts\/422907\/revisions\/422909"}],"wp:featuredmedia":[{"embeddable":true,"href":"https:\/\/notinor.com\/jujuy\/wp-json\/wp\/v2\/media\/422908"}],"wp:attachment":[{"href":"https:\/\/notinor.com\/jujuy\/wp-json\/wp\/v2\/media?parent=422907"}],"wp:term":[{"taxonomy":"category","embeddable":true,"href":"https:\/\/notinor.com\/jujuy\/wp-json\/wp\/v2\/categories?post=422907"},{"taxonomy":"post_tag","embeddable":true,"href":"https:\/\/notinor.com\/jujuy\/wp-json\/wp\/v2\/tags?post=422907"}],"curies":[{"name":"wp","href":"https:\/\/api.w.org\/{rel}","templated":true}]}}