{"id":422896,"date":"2025-02-04T12:54:49","date_gmt":"2025-02-04T15:54:49","guid":{"rendered":"https:\/\/notinor.com\/jujuy\/?p=422896"},"modified":"2025-02-04T12:54:55","modified_gmt":"2025-02-04T15:54:55","slug":"recorte-de-subsidios-las-tarifas-de-luz-subiran-hasta-123-a-usuarios-de-clase-media-y-84-a-los-de-ingresos-bajos","status":"publish","type":"post","link":"https:\/\/notinor.com\/jujuy\/recorte-de-subsidios-las-tarifas-de-luz-subiran-hasta-123-a-usuarios-de-clase-media-y-84-a-los-de-ingresos-bajos\/","title":{"rendered":"Recorte de subsidios: las tarifas de luz subir\u00e1n hasta 12,3% a usuarios de clase media y 8,4% a los de ingresos bajos"},"content":{"rendered":"\n<p class=\"has-medium-font-size\"><strong><em>Los aumentos se aplicar\u00e1n en febrero. El Gobierno hab\u00eda informado una suba promedio del 1,5% a nivel nacional, pero en CABA y el conurbano bonaerense ser\u00e1 mucho mayor, seg\u00fan confirm\u00f3 el ENRE.<\/em><\/strong><\/p>\n\n\n\n<p class=\"has-text-align-center\"><img decoding=\"async\" loading=\"lazy\" height=\"816\" width=\"1456\" src=\"https:\/\/www.infobae.com\/resizer\/v2\/CO54NBWB4JAGJDBXE2EUDRCJEU.jpg?auth=1871dc88b442d877a3f6760704b6f2932144278bc3e4c52a4d1cce9dbf771283&amp;smart=true&amp;width=350&amp;height=197&amp;quality=85\" alt=\"El Gobierno definir\u00e1 un sistema\">El Gobierno definir\u00e1 un sistema autom\u00e1tico de actualizaci\u00f3n mensual para las boletas de luz y de gas natural<\/p>\n\n\n\n<p>El Gobierno hab\u00eda informado la semana pasada que a partir de febrero <strong>habr\u00eda un recorte en los subsidios que reciben 9,5 millones de usuarios residenciales de todo el pa\u00eds<\/strong> y que los aumentos en las<strong>\u00a0tarifas de electricidad\u00a0<\/strong>para este mes ser\u00edan del 1,5% promedio. Sin embargo, con el cambio en el esquema de subvenciones, para los hogares tanto de la\u00a0<strong>Ciudad Aut\u00f3noma de Buenos Aires (CABA)<\/strong>\u00a0como del\u00a0<strong>conurbano bonaerense<\/strong>, bajo la concesi\u00f3n de\u00a0<strong>Edesur<\/strong>\u00a0y<strong>\u00a0Edenor<\/strong>, el incremento promedio ser\u00e1 mucho mayor: 12,3% para los categorizados como de ingresos medios; 8,4% para los de ingresos bajos y 2% para los de ingresos altos.<\/p>\n\n\n\n<p>La magnitud de las subas fue reconocida este martes por el&nbsp;<strong>Ente Nacional Regulador de la Electricidad (ENRE)&nbsp;<\/strong>a trav\u00e9s de la&nbsp;<strong>Resoluci\u00f3n 119\/2025&nbsp;<\/strong>publicada en el&nbsp;<strong>Bolet\u00edn Oficial,&nbsp;<\/strong>donde se oficializaron los cuadros tarifarios para las distribuidoras del&nbsp;<strong>\u00c1rea Metropolitana de Buenos Aires (AMBA)<\/strong>. Se trata de la regi\u00f3n del pa\u00eds en la que se registra la mayor cantidad de usuarios y los cambios regir\u00e1n para los consumos realizados desde este mes.<\/p>\n\n\n\n<p>\u201cEn febrero de 2025, la factura promedio antes de impuestos de los usuarios R-Nivel 1 altos ingresos aumentar\u00e1 en promedio, con respecto al cuadro vigente a enero 2025, un dos coma uno porciento (2,1%). En el caso de los usuarios R-Nivel 2 ingresos bajos y R-Nivel 3 ingresos medios aumentar\u00e1 en promedio un doce coma tres porciento (12,3%) y un ocho coma cuatro porciento (8,4%), respectivamente\u201d, consign\u00f3 la resoluci\u00f3n del ENRE.<\/p>\n\n\n<div class=\"wp-block-image\">\n<figure class=\"aligncenter size-full\"><img decoding=\"async\" loading=\"lazy\" width=\"701\" height=\"458\" src=\"https:\/\/notinor.com\/jujuy\/wp-content\/uploads\/2025\/02\/ENRE.jpg\" alt=\"\" class=\"wp-image-422897\" srcset=\"https:\/\/notinor.com\/jujuy\/wp-content\/uploads\/2025\/02\/ENRE.jpg 701w, https:\/\/notinor.com\/jujuy\/wp-content\/uploads\/2025\/02\/ENRE-559x365.jpg 559w\" sizes=\"(max-width: 701px) 100vw, 701px\" \/><figcaption class=\"wp-element-caption\">Mar\u00eda Tettamanti, Secretar\u00eda de Energ\u00eda<\/figcaption><\/figure><\/div>\n\n\n<p>La&nbsp;<strong>Secretar\u00eda de Energ\u00eda<\/strong>&nbsp;que conduce<strong>&nbsp;Mar\u00eda Tettamanti&nbsp;<\/strong>aplic\u00f3 desde este mes una reducci\u00f3n en los descuentos que reciben los usuarios residenciales en los precios de la energ\u00eda que pagan en los servicios p\u00fablicos de electricidad y de gas natural. Tambi\u00e9n se aplicaron aumentos en los conceptos de transporte y distribuci\u00f3n que iban a tener un impacto en la factura final de 1,5% promedio mensual seg\u00fan se hab\u00eda informado oficialmente.<\/p>\n\n\n\n<p>Infobae\u00a0consult\u00f3 en Energ\u00eda sobre los alcances y efectos de la medida pero hasta el momento no recibi\u00f3 respuesta.<\/p>\n\n\n\n<p>El subsidio del Estado implica que los usuarios tengan una bonificaci\u00f3n sobre el precio pleno de la electricidad y\/o el gas seg\u00fan el esquema de segmentaci\u00f3n vigente:&nbsp;<strong>ingresos altos (Nivel 1) que pagan el \u201ccosto real\u201d, ingresos bajos (N2) e ingresos medios (N3)<\/strong>. El descuento desde ahora ser\u00e1 del 65% para los N2 y del 50% para los N3 en ambos servicios, lo que representa en mayor medida un recorte en el beneficio.<\/p>\n\n\n\n<p>Las bonificaciones vigentes desde junio pasado para la electricidad eran del 71,2% en N2 y del 55,94% en N3. En gas natural eran del 64% -solo en ese caso la cobertura ser\u00eda mayor en un punto porcentual-, y del 55%, respectivamente.<\/p>\n\n\n\n<p>Seg\u00fan datos del&nbsp;<strong>Registro de Acceso a los Subsidios a la Energ\u00eda (RASE)&nbsp;<\/strong>hasta diciembre hab\u00eda 9,5 millones de usuarios de energ\u00eda el\u00e9ctrica agrupados entre N2 (6,3 millones) y N3 (3,2 millones) que reciben subsidios, de un total de 16,2 millones de usuarios.<\/p>\n\n\n\n<p>Los N2 tienen desde junio pasado bonificado su consumo hasta un volumen m\u00e1ximo de 350 kilowatt hora (kWh) por mes y los N3 250 kWh mensuales, mientras que pagan pleno sobre el excedente. Energ\u00eda tiene en estudio la posibilidad de\u00a0<strong>aplicar un recorte en esos topes en los pr\u00f3ximos meses<\/strong>, seg\u00fan pudo averiguar<strong>\u00a0<\/strong>Infobae.<\/p>\n\n\n\n<p class=\"has-text-align-center\"><img decoding=\"async\" loading=\"lazy\" height=\"551\" width=\"800\" src=\"https:\/\/www.infobae.com\/resizer\/v2\/NOQKAW65LH3ABPKHUMU4BGV7CM.jpg?auth=03382956301bfe1dcd533b81e169ed91a6c73d60a79fb64f1b8bdeb4797733fb&amp;smart=true&amp;width=350&amp;height=233&amp;quality=85\" alt=\"Recientemente el FMI pidi\u00f3, entre\">Recientemente el FMI pidi\u00f3, entre otras cosas, mejorar la progresividad de la reducci\u00f3n de las subvenciones<\/p>\n\n\n\n<p>La Secretar\u00eda de Energ\u00eda, al mando de\u00a0<strong>Mar\u00eda Tettamanti<\/strong>, tambi\u00e9n trabaja para en marcha desde mediados de 2025 un nuevo esquema de subvenciones. La premisa oficial es que existan<strong>\u00a0solo dos tipos de usuarios<\/strong>\u00a0bajo un sistema similar al de la<strong>\u00a0tarifa social\u00a0<\/strong>que se aplic\u00f3 durante la gesti\u00f3n de\u00a0<strong>Mauricio Macri<\/strong>: los que tienen y los que no reciben subvenci\u00f3n. El Presupuesto 2025 preve\u00eda un recorte en subsidios de m\u00e1s de USD 3.000 millones, similar al que se dio este a\u00f1o. Recientemente el FMI pidi\u00f3, entre otras cosas,\u00a0<strong>mejorar la progresividad de la reducci\u00f3n de las subvenciones<\/strong>.<\/p>\n\n\n\n<p>El Gobierno apuesta a&nbsp;<strong>profundizar la desaceleraci\u00f3n de la inflaci\u00f3n<\/strong>&nbsp;durante 2025, de cara a las elecciones legislativas. Es por eso que durante el verano se habilitar\u00e1n aumentos en las tarifas de electricidad y gas natural por debajo del 2% promedio mensual para todo el pa\u00eds. En enero las subas hab\u00edan sido de 1,6% en luz y 1,8% en gas. En febrero ser\u00e1n del 1,5% y 1,6%, respectivamente. Tambi\u00e9n comenz\u00f3 a regir este mes la baja del 2% al 1% en el ajuste mensual del precio del d\u00f3lar oficial, una medida que apunta en el mismo sentido.<\/p>\n\n\n\n<p>Energ\u00eda avanzar\u00e1 en febrero en la revisi\u00f3n tarifaria con distribuidoras y transportistas. De ese proceso surgir\u00e1n adem\u00e1s los nuevos cuadros tarifarios y las inversiones que deber\u00e1n realizar las compa\u00f1\u00edas para mejorar el servicio de cara a los pr\u00f3ximos cinco a\u00f1os. En medio de la ola de calor,\u00a0<strong>este lunes hubo hasta 50.000 usuarios sin luz en el AMBA y se registr\u00f3 un apag\u00f3n en C\u00f3rdoba y provincias del norte del pa\u00eds. En abril comenzar\u00e1n a regir los nuevos cuadros tarifarios que traer\u00e1n aumentos en las facturas por debajo del 10%<\/strong>, que adem\u00e1s podr\u00edan ser divididos en cuotas mensuales seg\u00fan indicaron fuentes oficiales.<\/p>\n\n\n\n<p>Luego la idea es definir un<strong>\u00a0sistema de actualizaci\u00f3n mensual autom\u00e1tico<\/strong>\u00a0para que las tarifas y, en consecuencia, los ingresos de las empresas <strong>se mantengan constantes en t\u00e9rminos reales<\/strong>. Se trata de un cambio sustancial respecto a los<strong>\u00a0aumentos discrecionales\u00a0<\/strong>que se aplicaron a partir de 2024, despu\u00e9s de a\u00f1os de congelamiento, y con los que se busc\u00f3 apuntalar, sin \u00e9xito, la desaceleraci\u00f3n de la\u00a0<strong>inflaci\u00f3n<\/strong>.<\/p>\n","protected":false},"excerpt":{"rendered":"<p>Los aumentos se aplicar\u00e1n en febrero. El Gobierno hab\u00eda informado una suba promedio del 1,5% a nivel nacional, pero en CABA y el conurbano bonaerense ser\u00e1 mucho mayor, seg\u00fan confirm\u00f3 el ENRE. El Gobierno definir\u00e1 un sistema autom\u00e1tico de actualizaci\u00f3n mensual para las boletas de luz y de gas natural El Gobierno hab\u00eda informado la [&hellip;]<\/p>\n","protected":false},"author":5,"featured_media":422898,"comment_status":"open","ping_status":"open","sticky":false,"template":"","format":"standard","meta":{"_stopmodifiedupdate":false,"_modified_date":"","inline_featured_image":false,"spay_email":"","jetpack_publicize_message":""},"categories":[676],"tags":[],"jetpack_featured_media_url":"https:\/\/notinor.com\/jujuy\/wp-content\/uploads\/2025\/02\/BOLETA.jpg","jetpack_publicize_connections":[],"_links":{"self":[{"href":"https:\/\/notinor.com\/jujuy\/wp-json\/wp\/v2\/posts\/422896"}],"collection":[{"href":"https:\/\/notinor.com\/jujuy\/wp-json\/wp\/v2\/posts"}],"about":[{"href":"https:\/\/notinor.com\/jujuy\/wp-json\/wp\/v2\/types\/post"}],"author":[{"embeddable":true,"href":"https:\/\/notinor.com\/jujuy\/wp-json\/wp\/v2\/users\/5"}],"replies":[{"embeddable":true,"href":"https:\/\/notinor.com\/jujuy\/wp-json\/wp\/v2\/comments?post=422896"}],"version-history":[{"count":1,"href":"https:\/\/notinor.com\/jujuy\/wp-json\/wp\/v2\/posts\/422896\/revisions"}],"predecessor-version":[{"id":422899,"href":"https:\/\/notinor.com\/jujuy\/wp-json\/wp\/v2\/posts\/422896\/revisions\/422899"}],"wp:featuredmedia":[{"embeddable":true,"href":"https:\/\/notinor.com\/jujuy\/wp-json\/wp\/v2\/media\/422898"}],"wp:attachment":[{"href":"https:\/\/notinor.com\/jujuy\/wp-json\/wp\/v2\/media?parent=422896"}],"wp:term":[{"taxonomy":"category","embeddable":true,"href":"https:\/\/notinor.com\/jujuy\/wp-json\/wp\/v2\/categories?post=422896"},{"taxonomy":"post_tag","embeddable":true,"href":"https:\/\/notinor.com\/jujuy\/wp-json\/wp\/v2\/tags?post=422896"}],"curies":[{"name":"wp","href":"https:\/\/api.w.org\/{rel}","templated":true}]}}