{"id":422892,"date":"2025-02-04T12:01:25","date_gmt":"2025-02-04T15:01:25","guid":{"rendered":"https:\/\/notinor.com\/jujuy\/?p=422892"},"modified":"2025-02-04T12:01:27","modified_gmt":"2025-02-04T15:01:27","slug":"javier-milei-ascendio-a-patricia-bullrich-modifico-su-cargo-por-decreto-y-apunto-a-la-lucha-contra-el-narcotrafico-la-trata-y-el-crimen-organizado","status":"publish","type":"post","link":"https:\/\/notinor.com\/jujuy\/javier-milei-ascendio-a-patricia-bullrich-modifico-su-cargo-por-decreto-y-apunto-a-la-lucha-contra-el-narcotrafico-la-trata-y-el-crimen-organizado\/","title":{"rendered":"Javier Milei \u201cascendi\u00f3\u201d a Patricia Bullrich: modific\u00f3 su cargo por decreto y apunt\u00f3 a la lucha contra el narcotr\u00e1fico, la trata y el crimen organizado"},"content":{"rendered":"\n<p class=\"has-medium-font-size\"><strong><em>El Presidente modific\u00f3 la Ley de Ministerios y la cartera pas\u00f3 a llamarse Ministerio de Seguridad de la Naci\u00f3n.<\/em><\/strong><\/p>\n\n\n<div class=\"wp-block-image\">\n<figure class=\"aligncenter size-full is-resized\"><img decoding=\"async\" loading=\"lazy\" src=\"https:\/\/notinor.com\/jujuy\/wp-content\/uploads\/2025\/02\/bullrich1.jpg\" alt=\"\" class=\"wp-image-422893\" width=\"685\" height=\"520\" srcset=\"https:\/\/notinor.com\/jujuy\/wp-content\/uploads\/2025\/02\/bullrich1.jpg 602w, https:\/\/notinor.com\/jujuy\/wp-content\/uploads\/2025\/02\/bullrich1-481x365.jpg 481w\" sizes=\"(max-width: 685px) 100vw, 685px\" \/><figcaption class=\"wp-element-caption\">La ministra de Seguridad y un fuerte respaldo a su gesti\u00f3n por parte de Milei.<\/figcaption><\/figure><\/div>\n\n\n<p>El presidente&nbsp;<strong>Javier Milei&nbsp;<\/strong>le dio un&nbsp;<strong>fuerte respaldo a la gesti\u00f3n de Patricia Bullrich<\/strong>, a trav\u00e9s de la modificaci\u00f3n de la Ley de Ministerios.<\/p>\n\n\n\n<p>Lo hizo a trav\u00e9s de la firma del decreto 58\/2025 el cambi\u00f3 el nombre a la cartera de Seguridad conducida por la funcionaria.<\/p>\n\n\n\n<p>De esta manera, Bullrich es la nueva ministra de&nbsp;<strong>Seguridad Nacional<\/strong>, seg\u00fan lo establece el Decreto 59\/2025 publicado en el Bolet\u00edn Oficial.<\/p>\n\n\n\n<p>\"Atento la experiencia recabada, y a efectos de resaltar las competencias asignadas al Ministerio de Seguridad, resulta necesaria y urgente efectuar una modificaci\u00f3n a su denominaci\u00f3n que refleje su misi\u00f3n en la prevenci\u00f3n y la lucha contra los delitos federales, entre los que se encuentran e<strong>l narcotr\u00e1fico, la trata de personas y otros delitos organizados y complejos<\/strong>\", indic\u00f3 el texto en sus considerandos.<\/p>\n\n\n\n<p>En ese marco, se dispuso que \"la denominaci\u00f3n&nbsp;<strong>Ministerio de Seguridad Nacional<\/strong>&nbsp;resulta m\u00e1s adecuada a las funciones que desarrolla el Ministerio de Seguridad en concordancia con el cambio de paradigma del concepto 'Seguridad', donde la vida, la libertad y el patrimonio de las personas resultan los pilares fundamentales para el desarrollo de los proyectos de vida de cada individuo, como as\u00ed tambi\u00e9n del progreso de la Naci\u00f3n en su conjunto\".<\/p>\n\n\n\n<p>En paralelo, con el fin de cumplir con una mera formalidad, el Decreto 59\/2025 del flamante Ministerio de Seguridad Nacional\u00a0<strong>design\u00f3 a Patricia Bullrich como la m\u00e1xima responsable de esa cartera<\/strong>.<\/p>\n\n\n<div class=\"wp-block-image\">\n<figure class=\"aligncenter size-full is-resized\"><img decoding=\"async\" loading=\"lazy\" src=\"https:\/\/notinor.com\/jujuy\/wp-content\/uploads\/2025\/02\/bullrich.jpg\" alt=\"\" class=\"wp-image-422894\" width=\"680\" height=\"528\" srcset=\"https:\/\/notinor.com\/jujuy\/wp-content\/uploads\/2025\/02\/bullrich.jpg 605w, https:\/\/notinor.com\/jujuy\/wp-content\/uploads\/2025\/02\/bullrich-470x365.jpg 470w\" sizes=\"(max-width: 680px) 100vw, 680px\" \/><figcaption class=\"wp-element-caption\">La ministra de Seguridad y un fuerte respaldo a su gesti\u00f3n por parte de Milei<\/figcaption><\/figure><\/div>\n\n\n<p>Adem\u00e1s, el decreto suprime la Secretar\u00eda de Prensa de la Presidencia de la Naci\u00f3n, cuyas funciones ser\u00e1n absorbidas por la nueva Secretar\u00eda de Comunicaci\u00f3n y Medios.<\/p>\n\n\n\n<p>El gabinete presidencial quedar\u00e1 conformado por ocho ministerios: Relaciones Exteriores, Defensa, Econom\u00eda, Justicia, Seguridad Nacional, Salud, Capital Humano y Desregulaci\u00f3n y Transformaci\u00f3n del Estado.<\/p>\n\n\n\n<p>Tambi\u00e9n se reestructuran las Secretar\u00edas Presidenciales, que ser\u00e1n: General, Legal y T\u00e9cnica, Planeamiento Estrat\u00e9gico Normativo, Inteligencia de Estado, Comunicaci\u00f3n y Medios, y Cultura.<\/p>\n","protected":false},"excerpt":{"rendered":"<p>El Presidente modific\u00f3 la Ley de Ministerios y la cartera pas\u00f3 a llamarse Ministerio de Seguridad de la Naci\u00f3n. El presidente&nbsp;Javier Milei&nbsp;le dio un&nbsp;fuerte respaldo a la gesti\u00f3n de Patricia Bullrich, a trav\u00e9s de la modificaci\u00f3n de la Ley de Ministerios. Lo hizo a trav\u00e9s de la firma del decreto 58\/2025 el cambi\u00f3 el nombre [&hellip;]<\/p>\n","protected":false},"author":5,"featured_media":422893,"comment_status":"open","ping_status":"open","sticky":false,"template":"","format":"standard","meta":{"_stopmodifiedupdate":false,"_modified_date":"","inline_featured_image":false,"spay_email":"","jetpack_publicize_message":""},"categories":[501],"tags":[],"jetpack_featured_media_url":"https:\/\/notinor.com\/jujuy\/wp-content\/uploads\/2025\/02\/bullrich1.jpg","jetpack_publicize_connections":[],"_links":{"self":[{"href":"https:\/\/notinor.com\/jujuy\/wp-json\/wp\/v2\/posts\/422892"}],"collection":[{"href":"https:\/\/notinor.com\/jujuy\/wp-json\/wp\/v2\/posts"}],"about":[{"href":"https:\/\/notinor.com\/jujuy\/wp-json\/wp\/v2\/types\/post"}],"author":[{"embeddable":true,"href":"https:\/\/notinor.com\/jujuy\/wp-json\/wp\/v2\/users\/5"}],"replies":[{"embeddable":true,"href":"https:\/\/notinor.com\/jujuy\/wp-json\/wp\/v2\/comments?post=422892"}],"version-history":[{"count":1,"href":"https:\/\/notinor.com\/jujuy\/wp-json\/wp\/v2\/posts\/422892\/revisions"}],"predecessor-version":[{"id":422895,"href":"https:\/\/notinor.com\/jujuy\/wp-json\/wp\/v2\/posts\/422892\/revisions\/422895"}],"wp:featuredmedia":[{"embeddable":true,"href":"https:\/\/notinor.com\/jujuy\/wp-json\/wp\/v2\/media\/422893"}],"wp:attachment":[{"href":"https:\/\/notinor.com\/jujuy\/wp-json\/wp\/v2\/media?parent=422892"}],"wp:term":[{"taxonomy":"category","embeddable":true,"href":"https:\/\/notinor.com\/jujuy\/wp-json\/wp\/v2\/categories?post=422892"},{"taxonomy":"post_tag","embeddable":true,"href":"https:\/\/notinor.com\/jujuy\/wp-json\/wp\/v2\/tags?post=422892"}],"curies":[{"name":"wp","href":"https:\/\/api.w.org\/{rel}","templated":true}]}}