{"id":422889,"date":"2025-02-04T10:42:55","date_gmt":"2025-02-04T13:42:55","guid":{"rendered":"https:\/\/notinor.com\/jujuy\/?p=422889"},"modified":"2025-02-04T10:42:57","modified_gmt":"2025-02-04T13:42:57","slug":"en-busca-de-votos-el-oficialismo-cedio-y-comienza-el-debate-en-diputados-para-suspender-las-paso","status":"publish","type":"post","link":"https:\/\/notinor.com\/jujuy\/en-busca-de-votos-el-oficialismo-cedio-y-comienza-el-debate-en-diputados-para-suspender-las-paso\/","title":{"rendered":"En busca de votos, el oficialismo cedi\u00f3 y comienza el debate en Diputados para suspender las PASO"},"content":{"rendered":"\n<p class=\"has-medium-font-size\"><strong><em>Este martes empezar\u00e1 la discusi\u00f3n en Comisi\u00f3n. La Libertad Avanza define un cambio del proyecto en busca del acompa\u00f1amiento. El rol del peronismo y el pedido de sesi\u00f3n el pr\u00f3ximo jueves.<\/em><\/strong><\/p>\n\n\n\n<p class=\"has-text-align-center\"><img decoding=\"async\" loading=\"lazy\" height=\"1066\" width=\"1600\" src=\"https:\/\/www.infobae.com\/resizer\/v2\/5KVG2G5OKJBW5IV5FZV4E3Y4SA.jpeg?auth=fd6b863ab2a9bb5e5ef98838fd0e47c25d7ac354625f2227780111a1954b27be&amp;smart=true&amp;width=350&amp;height=233&amp;quality=85\" alt=\"Este martes habr\u00e1 un plenario\">Este martes habr\u00e1 un plenario de comisi\u00f3n en Diputados<\/p>\n\n\n\n<p>El proyecto de ley que propone la&nbsp;<strong>eliminaci\u00f3n de las Primarias, Abiertas, Simult\u00e1neas y Obligatorias (PASO)<\/strong>&nbsp;podr\u00eda alcanzar un punto crucial en la jornada de hoy, cuando la C\u00e1mara de Diputados busque cerrar el debate en&nbsp;<strong>comisi\u00f3n<\/strong>. Este paso es fundamental para determinar el futuro de un sistema electoral que ha sido objeto de controversias desde su implementaci\u00f3n.<\/p>\n\n\n\n<p>El proyecto original plantea la&nbsp;<strong>eliminaci\u00f3n<\/strong>&nbsp;total de las PASO. Sin embargo, en las \u00faltimas horas de ayer comenz\u00f3 a circular un&nbsp;<strong>borrador<\/strong>&nbsp;con&nbsp;<strong>cambios<\/strong>&nbsp;que apunta a la&nbsp;<strong>suspensi\u00f3n<\/strong>&nbsp;durante este a\u00f1o y no la eliminaci\u00f3n, lo que podr\u00eda generar una salida y&nbsp;<strong>evitar el fracaso&nbsp;<\/strong>del debate.<\/p>\n\n\n\n<p>La Libertad Avanza apunta como principal argumento al costo econ\u00f3mico de implementar las Primarias, pero en la oposici\u00f3n reclaman que&nbsp;<strong>no es el momento de modificar totalmente el sistema y menos con un plazo tan acotado<\/strong>. A partir de esto es que las conversaciones giraron hacia las posibilidades de una suspensi\u00f3n en esta ocasi\u00f3n y que durante las sesiones ordinarias se debata la reforma electoral.<\/p>\n\n\n\n<p>Ese parece ser el camino que\u00a0<strong>buscar\u00e1 avanzar<\/strong>\u00a0hoy, a partir de las 14, cuando comience el plenario de Comisi\u00f3n con la idea de\u00a0<strong>ir el jueves al recinto<\/strong>\u00a0y lograr una media sanci\u00f3n que suspenda este a\u00f1o las PASO. Hasta ahora\u00a0<strong>tiene asegurado 90 votos y est\u00e1 lejos de los 129 que necesita<\/strong>\u00a0para alcanzar y para la mayor\u00eda simple que le permita darle media sanci\u00f3n, es por eso que el rol del peronismo ser\u00e1 definitorio.<\/p>\n\n\n\n<p class=\"has-text-align-center\"><img decoding=\"async\" loading=\"lazy\" height=\"3867\" width=\"5800\" src=\"https:\/\/www.infobae.com\/resizer\/v2\/W3SPVFTJGVGW5EDLGF36QIJQ44.jpg?auth=3f6c384da00ff49af4c0b2ae3d0828985214626df1a6f0a1552b0280cee144d0&amp;smart=true&amp;width=350&amp;height=233&amp;quality=85\" alt=\"El Gobierno necesita juntar los\">El Gobierno necesita juntar los votos antes de llegar al recinto<\/p>\n\n\n\n<p>En este caso, al bloque de Uni\u00f3n por la Patria -aunque quiera-&nbsp;<strong>le cuesta tener una postura unificada<\/strong>, ya que hay diputados que en sus provincias de or\u00edgenes votaron por la eliminaci\u00f3n, por lo que podr\u00edan seguir el mismo camino el jueves en el recinto de Diputados.<\/p>\n\n\n\n<p>Los defensores de la eliminaci\u00f3n de las PASO sostienen que el sistema actual no solo representa un gasto significativo, sino que tambi\u00e9n ha generado conflictos internos en las fuerzas pol\u00edticas, debilitando la cohesi\u00f3n partidaria. Por otro lado, quienes se oponen a la reforma advierten que la eliminaci\u00f3n de las PASO podr\u00eda limitar la participaci\u00f3n ciudadana y concentrar el poder de decisi\u00f3n en las c\u00fapulas partidarias, reduciendo la transparencia en los procesos electorales.<\/p>\n\n\n\n<p>El tratamiento del proyecto en la C\u00e1mara de Diputados ha evidenciado las tensiones entre los distintos bloques pol\u00edticos. Algunos sectores cercanos al oficialismo, como el PRO, han manifestado su respaldo a la eliminaci\u00f3n de las PASO, argumentando que esta medida permitir\u00eda optimizar los recursos del Estado y simplificar el calendario electoral. En contraste, la oposici\u00f3n ha expresado su rechazo, por ejemplo, el bloque Democracia, se\u00f1alando que la reforma podr\u00eda tener implicancias negativas para la democracia y el pluralismo pol\u00edtico.<\/p>\n\n\n\n<p>El debate en la Comisi\u00f3n de Asuntos Constitucionales, Justicia y Presupuesto y Hacienda ser\u00e1 el primer paso formal en el tratamiento de la propuesta.<strong>&nbsp;El oficialismo buscar\u00e1 avanzar en un dictamen que permita llevar el tema al recinto, aunque las posibilidades de \u00e9xito depender\u00e1n en gran medida de las negociaciones con los bloques intermedios.<\/strong>&nbsp;La suspensi\u00f3n de las PASO, a diferencia de su eliminaci\u00f3n, podr\u00eda ser vista como una medida temporal que permita sortear las tensiones pol\u00edticas actuales sin comprometer el sistema electoral a largo plazo.<\/p>\n\n\n\n<p>En este contexto, el debate en comisi\u00f3n se presenta como un espacio crucial para alcanzar consensos o, en su defecto, profundizar las diferencias entre las fuerzas pol\u00edticas. El resultado de estas discusiones ser\u00e1 determinante para definir si el proyecto avanza hacia su tratamiento en el recinto o si queda archivado. Pero, tambi\u00e9n marcar\u00e1 el clima del resto de las discusiones de los proyectos que mand\u00f3 el Ejecutivo al Congreso para las sesiones extraordinarias.<\/p>\n","protected":false},"excerpt":{"rendered":"<p>Este martes empezar\u00e1 la discusi\u00f3n en Comisi\u00f3n. La Libertad Avanza define un cambio del proyecto en busca del acompa\u00f1amiento. El rol del peronismo y el pedido de sesi\u00f3n el pr\u00f3ximo jueves. Este martes habr\u00e1 un plenario de comisi\u00f3n en Diputados El proyecto de ley que propone la&nbsp;eliminaci\u00f3n de las Primarias, Abiertas, Simult\u00e1neas y Obligatorias (PASO)&nbsp;podr\u00eda [&hellip;]<\/p>\n","protected":false},"author":5,"featured_media":422890,"comment_status":"open","ping_status":"open","sticky":false,"template":"","format":"standard","meta":{"_stopmodifiedupdate":false,"_modified_date":"","inline_featured_image":false,"spay_email":"","jetpack_publicize_message":""},"categories":[501],"tags":[],"jetpack_featured_media_url":"https:\/\/notinor.com\/jujuy\/wp-content\/uploads\/2025\/02\/DIPUTADOS.jpg","jetpack_publicize_connections":[],"_links":{"self":[{"href":"https:\/\/notinor.com\/jujuy\/wp-json\/wp\/v2\/posts\/422889"}],"collection":[{"href":"https:\/\/notinor.com\/jujuy\/wp-json\/wp\/v2\/posts"}],"about":[{"href":"https:\/\/notinor.com\/jujuy\/wp-json\/wp\/v2\/types\/post"}],"author":[{"embeddable":true,"href":"https:\/\/notinor.com\/jujuy\/wp-json\/wp\/v2\/users\/5"}],"replies":[{"embeddable":true,"href":"https:\/\/notinor.com\/jujuy\/wp-json\/wp\/v2\/comments?post=422889"}],"version-history":[{"count":1,"href":"https:\/\/notinor.com\/jujuy\/wp-json\/wp\/v2\/posts\/422889\/revisions"}],"predecessor-version":[{"id":422891,"href":"https:\/\/notinor.com\/jujuy\/wp-json\/wp\/v2\/posts\/422889\/revisions\/422891"}],"wp:featuredmedia":[{"embeddable":true,"href":"https:\/\/notinor.com\/jujuy\/wp-json\/wp\/v2\/media\/422890"}],"wp:attachment":[{"href":"https:\/\/notinor.com\/jujuy\/wp-json\/wp\/v2\/media?parent=422889"}],"wp:term":[{"taxonomy":"category","embeddable":true,"href":"https:\/\/notinor.com\/jujuy\/wp-json\/wp\/v2\/categories?post=422889"},{"taxonomy":"post_tag","embeddable":true,"href":"https:\/\/notinor.com\/jujuy\/wp-json\/wp\/v2\/tags?post=422889"}],"curies":[{"name":"wp","href":"https:\/\/api.w.org\/{rel}","templated":true}]}}