{"id":422884,"date":"2025-02-04T10:06:30","date_gmt":"2025-02-04T13:06:30","guid":{"rendered":"https:\/\/notinor.com\/jujuy\/?p=422884"},"modified":"2025-02-04T10:06:33","modified_gmt":"2025-02-04T13:06:33","slug":"netanyahu-y-trump-se-reunen-en-la-casa-blanca-para-avanzar-en-la-segunda-fase-de-la-tregua-en-gaza-y-poner-fin-a-la-guerra","status":"publish","type":"post","link":"https:\/\/notinor.com\/jujuy\/netanyahu-y-trump-se-reunen-en-la-casa-blanca-para-avanzar-en-la-segunda-fase-de-la-tregua-en-gaza-y-poner-fin-a-la-guerra\/","title":{"rendered":"Netanyahu y Trump se re\u00fanen en la Casa Blanca para avanzar en la segunda fase de la tregua en Gaza y poner fin a la guerra"},"content":{"rendered":"\n<p class=\"has-medium-font-size\"><strong><em>La oficina del premier israel\u00ed confirm\u00f3 que enviar\u00e1 una delegaci\u00f3n a Doha, Qatar, a finales de esta semana para discutir los detalles t\u00e9cnicos del alto el fuego.<\/em><\/strong><\/p>\n\n\n\n<p class=\"has-text-align-center\"><img decoding=\"async\" loading=\"lazy\" height=\"3648\" width=\"5472\" src=\"https:\/\/www.infobae.com\/resizer\/v2\/72A3OZUYF2UQX2OKJ56EAAMXLA.jpg?auth=b28cc35aca12cf692925796c5d526fb4866087213473fd417910d5ef818129e7&amp;smart=true&amp;width=350&amp;height=233&amp;quality=85\" alt=\"Netanyahu y Trump se re\u00fanen\">Netanyahu y Trump se re\u00fanen en la Casa Blanca para avanzar en la segunda fase de la tregua en Gaza y poner fin a la guerra <\/p>\n\n\n\n<p>El primer ministro israel\u00ed,&nbsp;<strong>Benjam\u00edn Netanyahu<\/strong>, se reunir\u00e1 este martes con el presidente&nbsp;<strong>Donald Trump<\/strong>&nbsp;en la Casa Blanca, en momentos en que&nbsp;<strong>Israel y grupo terrorista Hamas<\/strong>&nbsp;han manifestado su disposici\u00f3n a negociar la&nbsp;<strong>segunda fase de la tregua en Gaza<\/strong>.<\/p>\n\n\n\n<p>Netanyahu es el&nbsp;<strong>primer l\u00edder extranjero en visitar la Casa Blanca<\/strong>&nbsp;desde el regreso de&nbsp;<strong>Trump al poder<\/strong>&nbsp;el mes pasado. En el encuentro, discutir\u00e1n&nbsp;<strong>el futuro del alto el fuego y los esfuerzos para poner fin a la guerra<\/strong>.<\/p>\n\n\n\n<p>Horas antes de la reuni\u00f3n, la oficina de&nbsp;<strong>Netanyahu<\/strong>&nbsp;confirm\u00f3 que&nbsp;<strong>Israel enviar\u00e1 una delegaci\u00f3n a Doha, Qatar<\/strong>, a finales de esta semana para discutir los detalles t\u00e9cnicos de la tregua.<\/p>\n\n\n\n<p>\u201c<strong>Israel est\u00e1 preparando la salida de una delegaci\u00f3n de trabajo a Doha al final de esta semana para discutir detalles t\u00e9cnicos relacionados con la implementaci\u00f3n del acuerdo<\/strong>\u201c, inform\u00f3 su despacho en un comunicado.<\/p>\n\n\n\n<p>El mandatario israel\u00ed mantuvo un encuentro \u201cpositivo y amistoso\u201d la madrugada de este martes con el<strong>\u00a0Asesor de Seguridad Nacional de Estados Unidos<\/strong>, Mike Waltz, y el enviado especial de la Casa Blanca a Oriente Medio, Steve Witkoff.<\/p>\n\n\n<div class=\"wp-block-image\">\n<figure class=\"aligncenter size-large\"><img decoding=\"async\" loading=\"lazy\" width=\"769\" height=\"480\" src=\"https:\/\/notinor.com\/jujuy\/wp-content\/uploads\/2025\/02\/DONALD-769x480.jpg\" alt=\"\" class=\"wp-image-422885\" srcset=\"https:\/\/notinor.com\/jujuy\/wp-content\/uploads\/2025\/02\/DONALD-769x480.jpg 769w, https:\/\/notinor.com\/jujuy\/wp-content\/uploads\/2025\/02\/DONALD-585x365.jpg 585w, https:\/\/notinor.com\/jujuy\/wp-content\/uploads\/2025\/02\/DONALD-768x480.jpg 768w, https:\/\/notinor.com\/jujuy\/wp-content\/uploads\/2025\/02\/DONALD-750x468.jpg 750w, https:\/\/notinor.com\/jujuy\/wp-content\/uploads\/2025\/02\/DONALD.jpg 804w\" sizes=\"(max-width: 769px) 100vw, 769px\" \/><figcaption class=\"wp-element-caption\">La oficina de Netanyahu confirm\u00f3 que Israel enviar\u00e1 una delegaci\u00f3n a Doha, Qatar, a finales de esta semana para discutir los detalles t\u00e9cnicos de la tregua<\/figcaption><\/figure><\/div>\n\n\n<p>Esta fue la primera reuni\u00f3n agendada en la visita de Netanyahu a Washington, donde aterriz\u00f3 este lunes.<\/p>\n\n\n\n<p>Por su parte,&nbsp;<strong>Hamas<\/strong>&nbsp;indic\u00f3 que est\u00e1 listo para negociar la siguiente etapa del acuerdo, bajo la mediaci\u00f3n de&nbsp;<strong>Qatar, Egipto y Estados Unidos<\/strong>.<\/p>\n\n\n\n<p>El objetivo de la segunda fase es&nbsp;<strong>asegurar la liberaci\u00f3n de los rehenes restantes<\/strong>&nbsp;y definir pasos concretos hacia el fin del conflicto, iniciado tras el&nbsp;<strong>ataque de los terroristas palestinos contra Israel el 7 de octubre de 2023<\/strong>.<\/p>\n\n\n\n<p>Trump, quien ha facilitado la tregua tras&nbsp;<strong>15 meses de guerra<\/strong>, ha insistido en que Israel debe cumplir con el acuerdo. Tambi\u00e9n busca reactivar un&nbsp;<strong>pacto de normalizaci\u00f3n con Arabia Saudita<\/strong>, un esfuerzo que impuls\u00f3 en su primer mandato.<\/p>\n\n\n\n<p>Sin embargo, el presidente estadounidense gener\u00f3 controversia al proponer que los palestinos de Gaza sean&nbsp;<strong>reubicados en Egipto o Jordania<\/strong>, sugiriendo que el enclave es un&nbsp;<strong>\u201csitio de demolici\u00f3n\u201d<\/strong>.<\/p>\n\n\n\n<p>La propuesta ha sido rechazada por\u00a0<strong>Egipto, Jordania, los palestinos y Qatar<\/strong>, pa\u00eds que act\u00faa como mediador en la tregua.<\/p>\n\n\n<div class=\"wp-block-image\">\n<figure class=\"aligncenter size-large\"><img decoding=\"async\" loading=\"lazy\" width=\"788\" height=\"480\" src=\"https:\/\/notinor.com\/jujuy\/wp-content\/uploads\/2025\/02\/DONALD1-788x480.jpg\" alt=\"\" class=\"wp-image-422886\" srcset=\"https:\/\/notinor.com\/jujuy\/wp-content\/uploads\/2025\/02\/DONALD1-788x480.jpg 788w, https:\/\/notinor.com\/jujuy\/wp-content\/uploads\/2025\/02\/DONALD1-599x365.jpg 599w, https:\/\/notinor.com\/jujuy\/wp-content\/uploads\/2025\/02\/DONALD1-768x468.jpg 768w, https:\/\/notinor.com\/jujuy\/wp-content\/uploads\/2025\/02\/DONALD1-750x457.jpg 750w, https:\/\/notinor.com\/jujuy\/wp-content\/uploads\/2025\/02\/DONALD1.jpg 796w\" sizes=\"(max-width: 788px) 100vw, 788px\" \/><figcaption class=\"wp-element-caption\">El primer ministro israel\u00ed, Benjam\u00edn Netanyahu, se reunir\u00e1 este martes con el presidente Donald Trump en la Casa Blanca<\/figcaption><\/figure><\/div>\n\n\n<p><strong>Intercambio de rehenes y prisioneros<\/strong><\/p>\n\n\n\n<p>La tregua de\u00a0<strong>42 d\u00edas<\/strong>, en su primera fase, contempla la liberaci\u00f3n escalonada de\u00a0<strong>33 rehenes<\/strong>\u00a0de Hamas a cambio de\u00a0<strong>unos 1.900 prisioneros palestinos<\/strong>\u00a0en c\u00e1rceles israel\u00edes.<\/p>\n\n\n\n<p>Hasta el momento, se han realizado&nbsp;<strong>cuatro intercambios<\/strong>, con la liberaci\u00f3n de&nbsp;<strong>18 rehenes israel\u00edes<\/strong>&nbsp;y&nbsp;<strong>600 prisioneros palestinos<\/strong>.<\/p>\n\n\n\n<p>El alto el fuego tambi\u00e9n ha permitido la entrada de&nbsp;<strong>ayuda humanitaria<\/strong>, incluyendo&nbsp;<strong>alimentos, combustible y suministros m\u00e9dicos<\/strong>, y ha posibilitado el&nbsp;<strong>retorno de desplazados al norte de Gaza<\/strong>.<\/p>\n\n\n\n<p>Mientras la tregua se mantiene en Gaza, la situaci\u00f3n sigue siendo&nbsp;<strong>tensa en Cisjordania<\/strong>, donde han aumentado los enfrentamientos entre el ej\u00e9rcito israel\u00ed y grupos armados palestinos.<\/p>\n\n\n\n<p>Trump, quien advirti\u00f3 que \u201cno hay garant\u00edas\u201d de que la tregua se mantenga, afirm\u00f3 que su administraci\u00f3n seguir\u00e1 trabajando para&nbsp;<strong>consolidar la estabilidad en Medio Oriente<\/strong>.<\/p>\n","protected":false},"excerpt":{"rendered":"<p>La oficina del premier israel\u00ed confirm\u00f3 que enviar\u00e1 una delegaci\u00f3n a Doha, Qatar, a finales de esta semana para discutir los detalles t\u00e9cnicos del alto el fuego. Netanyahu y Trump se re\u00fanen en la Casa Blanca para avanzar en la segunda fase de la tregua en Gaza y poner fin a la guerra El primer [&hellip;]<\/p>\n","protected":false},"author":5,"featured_media":422887,"comment_status":"open","ping_status":"open","sticky":false,"template":"","format":"standard","meta":{"_stopmodifiedupdate":false,"_modified_date":"","inline_featured_image":false,"spay_email":"","jetpack_publicize_message":""},"categories":[6],"tags":[],"jetpack_featured_media_url":"https:\/\/notinor.com\/jujuy\/wp-content\/uploads\/2025\/02\/DONALD-1.jpg","jetpack_publicize_connections":[],"_links":{"self":[{"href":"https:\/\/notinor.com\/jujuy\/wp-json\/wp\/v2\/posts\/422884"}],"collection":[{"href":"https:\/\/notinor.com\/jujuy\/wp-json\/wp\/v2\/posts"}],"about":[{"href":"https:\/\/notinor.com\/jujuy\/wp-json\/wp\/v2\/types\/post"}],"author":[{"embeddable":true,"href":"https:\/\/notinor.com\/jujuy\/wp-json\/wp\/v2\/users\/5"}],"replies":[{"embeddable":true,"href":"https:\/\/notinor.com\/jujuy\/wp-json\/wp\/v2\/comments?post=422884"}],"version-history":[{"count":1,"href":"https:\/\/notinor.com\/jujuy\/wp-json\/wp\/v2\/posts\/422884\/revisions"}],"predecessor-version":[{"id":422888,"href":"https:\/\/notinor.com\/jujuy\/wp-json\/wp\/v2\/posts\/422884\/revisions\/422888"}],"wp:featuredmedia":[{"embeddable":true,"href":"https:\/\/notinor.com\/jujuy\/wp-json\/wp\/v2\/media\/422887"}],"wp:attachment":[{"href":"https:\/\/notinor.com\/jujuy\/wp-json\/wp\/v2\/media?parent=422884"}],"wp:term":[{"taxonomy":"category","embeddable":true,"href":"https:\/\/notinor.com\/jujuy\/wp-json\/wp\/v2\/categories?post=422884"},{"taxonomy":"post_tag","embeddable":true,"href":"https:\/\/notinor.com\/jujuy\/wp-json\/wp\/v2\/tags?post=422884"}],"curies":[{"name":"wp","href":"https:\/\/api.w.org\/{rel}","templated":true}]}}