{"id":422876,"date":"2025-02-04T09:19:55","date_gmt":"2025-02-04T12:19:55","guid":{"rendered":"https:\/\/notinor.com\/jujuy\/?p=422876"},"modified":"2025-02-04T09:19:56","modified_gmt":"2025-02-04T12:19:56","slug":"estacion-carnaval-2025-fiesta-en-movimiento-en-el-tren-solar-de-la-quebrada","status":"publish","type":"post","link":"https:\/\/notinor.com\/jujuy\/estacion-carnaval-2025-fiesta-en-movimiento-en-el-tren-solar-de-la-quebrada\/","title":{"rendered":"Estaci\u00f3n Carnaval 2025: fiesta en movimiento en el Tren Solar de la Quebrada"},"content":{"rendered":"\n<p class=\"has-medium-font-size\"><strong><em>La propuesta central de esta edici\u00f3n ser\u00e1 la transformaci\u00f3n de las estaciones del Tren Solar en centros de actividades culturales. Desde las Yungas hasta la Puna, pasando por los Valles y la Quebrada, localidades como Tumbaya, Volc\u00e1n, Purmamarca, Huacalera y Tilcara ofrecer\u00e1n una agenda repleta de m\u00fasica, danzas, comparsas y tradiciones.<\/em><\/strong><\/p>\n\n\n\n<figure class=\"wp-block-image\"><img decoding=\"async\" src=\"https:\/\/media.prensa.jujuy.gob.ar\/p\/128527366ed9dd662a1d5e86148fe56c\/adjuntos\/301\/imagenes\/000\/407\/0000407413\/1200x0\/smart\/estacion-carnavaljpeg.jpeg\" alt=\"Estaci\u00f3n Carnaval 2025: fiesta en movimiento en el Tren Solar de la Quebrada\" title=\"Estaci\u00f3n Carnaval 2025: fiesta en movimiento en el Tren Solar de la Quebrada\"\/><\/figure>\n\n\n\n<p>El Tren Solar facilita el acceso a todos los eventos, ofreciendo boletos que se pueden adquirir a trav\u00e9s de su p\u00e1gina web oficial (<a href=\"http:\/\/www.trensolar.com.ar\/\">&nbsp;<em>www .trensolar .com .ar<\/em><\/a>&nbsp;) o en puntos de venta f\u00edsicos en San Salvador de Jujuy y en las estaciones del tren . La posibilidad de comprar boletos online tambi\u00e9n permitir\u00e1 a los turistas de otras provincias planificar con anticipaci\u00f3n su visita.<\/p>\n\n\n\n<p><strong>AGENDA DE ESTACI\u00d3N CARNAVAL 2025&nbsp;<\/strong><em>(Sujeto a modificaciones)<\/em><\/p>\n\n\n\n<p><strong>VIERNES 31 DE ENERO \u2013 18:00<br><\/strong>Cierre de Enero Tilcare\u00f1o y Topamiento de Comparsa<\/p>\n\n\n\n<p><strong>S\u00c1BADO 8 DE FEBRERO<br><\/strong><strong>30\u00ba Festival de Anateros Copleros y Erquencheros:&nbsp;<\/strong>Topamiento de Comparsas y Feria Cultural en Huacalera. Invitaci\u00f3n abierta&nbsp;<\/p>\n\n\n\n<p><strong>JUEVES 13 DE FEBRERO \u2013 15:00<br><\/strong><strong>Conferencia de Prensa de Tres Cruces<\/strong>&nbsp;en estaci\u00f3n de Volc\u00e1n. Recibimiento en la estaci\u00f3n de Volc\u00e1n al Encuentro de Ahijaditos \u2013 Talco, jugo y papel picado.&nbsp;<em>13 comparsas confirmadas<\/em>&nbsp;<\/p>\n\n\n\n<p><strong>S\u00c1BADO 15 DE FEBRERO<br><\/strong><strong>Lanzamiento del Carnaval<\/strong>&nbsp;en la localidad de Volc\u00e1n.&nbsp;<em>15 comparsas.&nbsp;<\/em>Invitaci\u00f3n abierta&nbsp;<\/p>\n\n\n\n<p><strong>S\u00c1BADO 22 DE FEBRERO \u2013 15:00<br><\/strong><strong>Contrapunto de Anateros<\/strong>&nbsp;en Maimar\u00e1. Comparsas locales Los Runcancos, Avda. Mayo y Los Pho. Invitaci\u00f3n abierta&nbsp;<\/p>\n\n\n\n<p><strong>MARTES 25 DE FEBRERO \u2013 13:00<br><\/strong><strong>Encuentro de Copleros, Contrapunto de Anateros y Folcloristas<\/strong>&nbsp;en Purmamarca. Con participaci\u00f3n de Huacalera y Uqu\u00eda. Invitaci\u00f3n abierta&nbsp;<\/p>\n\n\n\n<p><strong>MI\u00c9RCOLES 26 DE FEBRERO \u2013 18:00<br><\/strong><strong>1\u00b0 Desentierro de la Comparsa Los Alegres de Banda<\/strong>&nbsp;en Tilcara&nbsp;<\/p>\n\n\n\n<p><strong>JUEVES 27 DE FEBRERO<br><\/strong><strong>Jueves de Comadres<br><\/strong>Hasta ahora, actividades libres en las estaciones&nbsp;<\/p>\n\n\n\n<p><strong>DOMINGO 2 DE MARZO \u2013 10:00<br><\/strong><strong>Concurso de Coplas y Corpachada<\/strong>&nbsp;en Tumbaya.&nbsp;<em>Concurso de Asado a la Cancana en Plaza Principal<\/em>&nbsp;<\/p>\n\n\n\n<p><strong>ESTACI\u00d3N TILCARA: DOMINGO 2 Y LUNES 3 DE MARZO<\/strong>&nbsp;<\/p>\n\n\n\n<p><strong>Encuentro de Copleros y Anateros<\/strong>&nbsp;en Tilcara&nbsp;<\/p>\n\n\n\n<p>Para quienes deseen ser parte de Estaci\u00f3n Carnaval, los boletos est\u00e1n disponibles en la p\u00e1gina web oficial trensolar.com.ar, en puntos de venta f\u00edsicos como el Cabildo (Belgrano 493, San Salvador de Jujuy) y en las estaciones del Tren Solar en las localidades participantes. Tambi\u00e9n es posible obtener m\u00e1s informaci\u00f3n y realizar reservas a trav\u00e9s de la cuenta oficial en Instagram @trensolaroficial.<\/p>\n","protected":false},"excerpt":{"rendered":"<p>La propuesta central de esta edici\u00f3n ser\u00e1 la transformaci\u00f3n de las estaciones del Tren Solar en centros de actividades culturales. Desde las Yungas hasta la Puna, pasando por los Valles y la Quebrada, localidades como Tumbaya, Volc\u00e1n, Purmamarca, Huacalera y Tilcara ofrecer\u00e1n una agenda repleta de m\u00fasica, danzas, comparsas y tradiciones. El Tren Solar facilita [&hellip;]<\/p>\n","protected":false},"author":5,"featured_media":422877,"comment_status":"open","ping_status":"open","sticky":false,"template":"","format":"standard","meta":{"_stopmodifiedupdate":false,"_modified_date":"","inline_featured_image":false,"spay_email":"","jetpack_publicize_message":""},"categories":[21],"tags":[],"jetpack_featured_media_url":"https:\/\/notinor.com\/jujuy\/wp-content\/uploads\/2025\/02\/CARNAVAL.jpg","jetpack_publicize_connections":[],"_links":{"self":[{"href":"https:\/\/notinor.com\/jujuy\/wp-json\/wp\/v2\/posts\/422876"}],"collection":[{"href":"https:\/\/notinor.com\/jujuy\/wp-json\/wp\/v2\/posts"}],"about":[{"href":"https:\/\/notinor.com\/jujuy\/wp-json\/wp\/v2\/types\/post"}],"author":[{"embeddable":true,"href":"https:\/\/notinor.com\/jujuy\/wp-json\/wp\/v2\/users\/5"}],"replies":[{"embeddable":true,"href":"https:\/\/notinor.com\/jujuy\/wp-json\/wp\/v2\/comments?post=422876"}],"version-history":[{"count":1,"href":"https:\/\/notinor.com\/jujuy\/wp-json\/wp\/v2\/posts\/422876\/revisions"}],"predecessor-version":[{"id":422878,"href":"https:\/\/notinor.com\/jujuy\/wp-json\/wp\/v2\/posts\/422876\/revisions\/422878"}],"wp:featuredmedia":[{"embeddable":true,"href":"https:\/\/notinor.com\/jujuy\/wp-json\/wp\/v2\/media\/422877"}],"wp:attachment":[{"href":"https:\/\/notinor.com\/jujuy\/wp-json\/wp\/v2\/media?parent=422876"}],"wp:term":[{"taxonomy":"category","embeddable":true,"href":"https:\/\/notinor.com\/jujuy\/wp-json\/wp\/v2\/categories?post=422876"},{"taxonomy":"post_tag","embeddable":true,"href":"https:\/\/notinor.com\/jujuy\/wp-json\/wp\/v2\/tags?post=422876"}],"curies":[{"name":"wp","href":"https:\/\/api.w.org\/{rel}","templated":true}]}}