{"id":422661,"date":"2025-01-29T13:12:50","date_gmt":"2025-01-29T16:12:50","guid":{"rendered":"https:\/\/notinor.com\/jujuy\/?p=422661"},"modified":"2025-01-29T13:23:25","modified_gmt":"2025-01-29T16:23:25","slug":"hay-una-falta-de-cooperacion-de-bolivia-reclama-el-intendente-de-oran-en-salta","status":"publish","type":"post","link":"https:\/\/notinor.com\/jujuy\/hay-una-falta-de-cooperacion-de-bolivia-reclama-el-intendente-de-oran-en-salta\/","title":{"rendered":"\u201cHay una falta de cooperaci\u00f3n de Bolivia\u201d, reclama el intendente de Or\u00e1n en Salta"},"content":{"rendered":"\n<p class=\"has-medium-font-size\"><strong><em>Baltasar Lara Gros, jefe comunal del municipio vecino a Aguas Blancas, asegura que el gobierno boliviano no reforz\u00f3 los controles en Migraciones como s\u00ed lo hizo la Argentina<\/em><\/strong><em><strong>. Y que por las demoras en la Aduana, la gente busca caminos informales para cruzar.<\/strong><\/em><\/p>\n\n\n<div class=\"wp-block-image\">\n<figure class=\"aligncenter size-large\"><img decoding=\"async\" loading=\"lazy\" width=\"840\" height=\"424\" src=\"https:\/\/notinor.com\/jujuy\/wp-content\/uploads\/2025\/01\/image-68-840x424.png\" alt=\"\" class=\"wp-image-422662\" srcset=\"https:\/\/notinor.com\/jujuy\/wp-content\/uploads\/2025\/01\/image-68-840x424.png 840w, https:\/\/notinor.com\/jujuy\/wp-content\/uploads\/2025\/01\/image-68-660x333.png 660w, https:\/\/notinor.com\/jujuy\/wp-content\/uploads\/2025\/01\/image-68-768x388.png 768w, https:\/\/notinor.com\/jujuy\/wp-content\/uploads\/2025\/01\/image-68-750x379.png 750w, https:\/\/notinor.com\/jujuy\/wp-content\/uploads\/2025\/01\/image-68-1140x576.png 1140w, https:\/\/notinor.com\/jujuy\/wp-content\/uploads\/2025\/01\/image-68.png 1228w\" sizes=\"(max-width: 840px) 100vw, 840px\" \/><\/figure><\/div>\n\n\n<p><\/p>\n\n\n\n<p>En\u00a0<strong>Aguas Blancas<\/strong>, la localidad salte\u00f1a sobre el margen del r\u00edo Bermejo que en estos d\u00edas es eje de una pol\u00e9mica por\u00a0<strong>la decisi\u00f3n oficial de levantar un alambrado en la frontera con Bolivia<\/strong>,\u00a0<strong>los bagayeros van y vienen de un pa\u00eds al otro\u00a0<\/strong>sin pasar por Migraciones.<\/p>\n\n\n\n<p>Para\u00a0<strong>Baltasar Lara Gros, intendente de Or\u00e1n<\/strong>, <strong>el alambrado de la pol\u00e9mica \u201ccanalizar\u00eda a las personas para que todas vayan por una v\u00eda formal<\/strong> de Migraciones y de Aduana y no como existe hoy, que por cuestiones geogr\u00e1ficas pueden pasar, pueden evadirlo de manera muy f\u00e1cil y requiere la presencia de las fuerzas federales las 24 horas a lo largo de toda una vera del r\u00edo\u201d. \u201cSi bien existe ahora con el refuerzo del plan G\u00fcemes,\u00a0<strong>esta obra va a facilitar mucho m\u00e1s ese control<\/strong>\u201d, asegura.<\/p>\n\n\n\n<p>Admiti\u00f3 que \u201c<strong>hay personas que no est\u00e1n de acuerdo con esto por la cuesti\u00f3n de que\u00a0se ve amenazada su fuente laboral<\/strong>\u201d y afirm\u00f3 que, en algunos casos,  \u201calgunas personas <strong>comercian trayendo mercader\u00eda del otro lado de la frontera<\/strong>, del otro pa\u00eds, que es mucho m\u00e1s barata y para revender aqu\u00ed en Argentina\u201d. <\/p>\n\n\n\n<p><\/p>\n\n\n<div class=\"wp-block-image\">\n<figure class=\"aligncenter size-large\"><img decoding=\"async\" loading=\"lazy\" width=\"721\" height=\"480\" src=\"https:\/\/notinor.com\/jujuy\/wp-content\/uploads\/2025\/01\/image-58-721x480.png\" alt=\"\" class=\"wp-image-422558\" srcset=\"https:\/\/notinor.com\/jujuy\/wp-content\/uploads\/2025\/01\/image-58-721x480.png 721w, https:\/\/notinor.com\/jujuy\/wp-content\/uploads\/2025\/01\/image-58-548x365.png 548w, https:\/\/notinor.com\/jujuy\/wp-content\/uploads\/2025\/01\/image-58-768x511.png 768w, https:\/\/notinor.com\/jujuy\/wp-content\/uploads\/2025\/01\/image-58-750x499.png 750w, https:\/\/notinor.com\/jujuy\/wp-content\/uploads\/2025\/01\/image-58.png 880w\" sizes=\"(max-width: 721px) 100vw, 721px\" \/><\/figure><\/div>\n\n\n<p><\/p>\n\n\n\n<p>\u201cPero <strong>la gran mayor\u00eda de las personas est\u00e1n de acuerdo con el plan G\u00fcemes,<\/strong> que tiene como objetivo final una lucha seria contra el narcotr\u00e1fico\u201d, destac\u00f3.<\/p>\n\n\n\n<p>El intendente del vecino municipio de Or\u00e1n (al que Aguas Blancas perteneci\u00f3 hasta 2015) asegur\u00f3 que <strong>la Argentina reforz\u00f3 el control fronterizo en Migraciones<\/strong>, pero carg\u00f3 contra el gobierno boliviano por no cumplir su parte.<\/p>\n\n\n\n<p>\u201cSigue con un operador en el \u00e1rea de Migraciones <strong>generando\u00a0un cuello de botella muy fuerte<\/strong>\u00a0cuando se quiere canalizar a todas las personas por la v\u00eda formal. Esa es una de las principales causas por la que decimos que <strong>hay una\u00a0falta de cooperaci\u00f3n y colaboraci\u00f3n por parte de Bolivia<\/strong>\u00a0en esta firme decisi\u00f3n de tener una frontera m\u00e1s controlada y m\u00e1s segura\u201d, afirm\u00f3.<\/p>\n\n\n\n<p><\/p>\n\n\n<div class=\"wp-block-image\">\n<figure class=\"aligncenter size-large\"><img decoding=\"async\" loading=\"lazy\" width=\"741\" height=\"480\" src=\"https:\/\/notinor.com\/jujuy\/wp-content\/uploads\/2025\/01\/image-59-741x480.png\" alt=\"\" class=\"wp-image-422562\" srcset=\"https:\/\/notinor.com\/jujuy\/wp-content\/uploads\/2025\/01\/image-59-741x480.png 741w, https:\/\/notinor.com\/jujuy\/wp-content\/uploads\/2025\/01\/image-59-564x365.png 564w, https:\/\/notinor.com\/jujuy\/wp-content\/uploads\/2025\/01\/image-59-768x497.png 768w, https:\/\/notinor.com\/jujuy\/wp-content\/uploads\/2025\/01\/image-59-750x486.png 750w, https:\/\/notinor.com\/jujuy\/wp-content\/uploads\/2025\/01\/image-59.png 780w\" sizes=\"(max-width: 741px) 100vw, 741px\" \/><\/figure><\/div>\n\n\n<p><\/p>\n\n\n\n<p>Seg\u00fan <strong>Lara Gros<\/strong>, Migraciones del lado argentino se hace en pocos minutos, pero <strong>del lado boliviano se arman largas filas <\/strong>y \u201ceso lleva a que mucha gente empiece a buscar alternativas y\u00a0<strong>eludir los controles para pasar m\u00e1s r\u00e1pido<\/strong>\u201d.<\/p>\n\n\n\n<p>Respecto del vallado, el intendente apunt\u00f3 que es un primer tramo \u201cnetamente en suelo argentino\u201d y admiti\u00f3 que \u201cdespu\u00e9s de un tiempo se va a tener que ampliar porque&nbsp;<strong>no alcanza solo con 200 metros<\/strong>\u201d ya que \u201cla frontera con Bolivia es muy extensa, pero este es uno de los puntos donde hay&nbsp;<strong>mayor tr\u00e1fico de gente y de mercader\u00eda<\/strong>\u201d.<\/p>\n\n\n\n<p>\u201cEsas personas hoy, por cuestiones geogr\u00e1ficas no van por el canal formal, lo eluden y van por un canal informal. Para el control se requiere mucho personal de fuerzas federales: esta barrera f\u00edsica har\u00eda que sea imposible de eludirlo y todas las personas\u00a0<strong>tengan que ir de manera obligatoria por el canal formal<\/strong>\", concluy\u00f3.<\/p>\n\n\n\n<p>\u201cAdem\u00e1s de Bolivia, <strong>tenemos pensado extendernos hacia otros puntos lim\u00edtrofes. Ahora vamos a ir a la frontera en Misiones con Brasil<\/strong>, donde se pasa caminando en much\u00edsimos lugares, y donde hemos tenido\u00a0sicariatos y problemas\u201d, anticip\u00f3 en declaraciones radiales.<\/p>\n","protected":false},"excerpt":{"rendered":"<p>Baltasar Lara Gros, jefe comunal del municipio vecino a Aguas Blancas, asegura que el gobierno boliviano no reforz\u00f3 los controles en Migraciones como s\u00ed lo hizo la Argentina. Y que por las demoras en la Aduana, la gente busca caminos informales para cruzar. En\u00a0Aguas Blancas, la localidad salte\u00f1a sobre el margen del r\u00edo Bermejo que [&hellip;]<\/p>\n","protected":false},"author":51,"featured_media":422662,"comment_status":"open","ping_status":"open","sticky":false,"template":"","format":"standard","meta":{"_stopmodifiedupdate":false,"_modified_date":"","inline_featured_image":false,"spay_email":"","jetpack_publicize_message":""},"categories":[5,2553],"tags":[],"jetpack_featured_media_url":"https:\/\/notinor.com\/jujuy\/wp-content\/uploads\/2025\/01\/image-68.png","jetpack_publicize_connections":[],"_links":{"self":[{"href":"https:\/\/notinor.com\/jujuy\/wp-json\/wp\/v2\/posts\/422661"}],"collection":[{"href":"https:\/\/notinor.com\/jujuy\/wp-json\/wp\/v2\/posts"}],"about":[{"href":"https:\/\/notinor.com\/jujuy\/wp-json\/wp\/v2\/types\/post"}],"author":[{"embeddable":true,"href":"https:\/\/notinor.com\/jujuy\/wp-json\/wp\/v2\/users\/51"}],"replies":[{"embeddable":true,"href":"https:\/\/notinor.com\/jujuy\/wp-json\/wp\/v2\/comments?post=422661"}],"version-history":[{"count":3,"href":"https:\/\/notinor.com\/jujuy\/wp-json\/wp\/v2\/posts\/422661\/revisions"}],"predecessor-version":[{"id":422668,"href":"https:\/\/notinor.com\/jujuy\/wp-json\/wp\/v2\/posts\/422661\/revisions\/422668"}],"wp:featuredmedia":[{"embeddable":true,"href":"https:\/\/notinor.com\/jujuy\/wp-json\/wp\/v2\/media\/422662"}],"wp:attachment":[{"href":"https:\/\/notinor.com\/jujuy\/wp-json\/wp\/v2\/media?parent=422661"}],"wp:term":[{"taxonomy":"category","embeddable":true,"href":"https:\/\/notinor.com\/jujuy\/wp-json\/wp\/v2\/categories?post=422661"},{"taxonomy":"post_tag","embeddable":true,"href":"https:\/\/notinor.com\/jujuy\/wp-json\/wp\/v2\/tags?post=422661"}],"curies":[{"name":"wp","href":"https:\/\/api.w.org\/{rel}","templated":true}]}}