{"id":422557,"date":"2025-01-27T11:40:57","date_gmt":"2025-01-27T14:40:57","guid":{"rendered":"https:\/\/notinor.com\/jujuy\/?p=422557"},"modified":"2025-01-27T18:08:31","modified_gmt":"2025-01-27T21:08:31","slug":"por-orden-de-patricia-bullrich-un-municipio-de-salta-construira-un-alambrado-en-el-cruce-fronterizo-con-bolivia","status":"publish","type":"post","link":"https:\/\/notinor.com\/jujuy\/por-orden-de-patricia-bullrich-un-municipio-de-salta-construira-un-alambrado-en-el-cruce-fronterizo-con-bolivia\/","title":{"rendered":"Por orden de Patricia Bullrich, un municipio de Salta construir\u00e1 un alambrado en el cruce fronterizo con Bolivia"},"content":{"rendered":"\n<p class=\"has-medium-font-size\"><strong><em>Aguas Blancas planea poner una valla en la rivera del R\u00edo Bermejo para evitar pasos fronterizos ilegales. La medida llegar\u00eda tras el lanzamiento del Plan G\u00fcemes<\/em><\/strong>.<\/p>\n\n\n<div class=\"wp-block-image\">\n<figure class=\"aligncenter size-large\"><img decoding=\"async\" loading=\"lazy\" width=\"721\" height=\"480\" src=\"https:\/\/notinor.com\/jujuy\/wp-content\/uploads\/2025\/01\/image-58-721x480.png\" alt=\"\" class=\"wp-image-422558\" srcset=\"https:\/\/notinor.com\/jujuy\/wp-content\/uploads\/2025\/01\/image-58-721x480.png 721w, https:\/\/notinor.com\/jujuy\/wp-content\/uploads\/2025\/01\/image-58-548x365.png 548w, https:\/\/notinor.com\/jujuy\/wp-content\/uploads\/2025\/01\/image-58-768x511.png 768w, https:\/\/notinor.com\/jujuy\/wp-content\/uploads\/2025\/01\/image-58-750x499.png 750w, https:\/\/notinor.com\/jujuy\/wp-content\/uploads\/2025\/01\/image-58.png 880w\" sizes=\"(max-width: 721px) 100vw, 721px\" \/><\/figure><\/div>\n\n\n<p><\/p>\n\n\n\n<p>Atrav\u00e9s del Bolet\u00edn Oficial de Salta, <strong>la municipalidad de&nbsp;Aguas Blancas&nbsp;llam\u00f3 a licitaci\u00f3n para construir&nbsp;un \u201calambrado perimetral\u201d en el&nbsp;cruce fronterizo&nbsp;con Bolivia&nbsp;<\/strong>en el R\u00edo Bermejo. <\/p>\n\n\n\n<p>El gobierno boliviano, en tanto, expres\u00f3 su \u201cpreocupaci\u00f3n\u201d y advirti\u00f3 que <strong>pedir\u00e1n informaci\u00f3n al Ejecutivo sobre el levantamiento de una valla<\/strong> y se\u00f1al\u00f3 que \u201ccualquier medida unilateral puede afectar la buena vecindad y la convivencia pac\u00edfica\u201d.<\/p>\n\n\n\n<p>Seg\u00fan explic\u00f3&nbsp;<strong>Virginia Cornejo<\/strong>, directora Nacional de Vigilancia y Control de Fronteras del Ministerio de Seguridad nacional, se<strong> trata de una medida que forma parte del&nbsp;Plan G\u00fcemes, lanzado por<\/strong>&nbsp;<strong>Patricia Bullrich<\/strong>&nbsp;en diciembre junto al gobernador de Salta,&nbsp;<strong>Gustavo S\u00e1enz<\/strong>. <\/p>\n\n\n\n<p><strong>Busca \u201ccombatir los delitos federales en la frontera norte de Salta\u201d <\/strong>con especial foco en los departamentos de Or\u00e1n y Aguas Blancas, \u201c\u00e1reas estrat\u00e9gicas conectadas con Bolivia\u201d.<\/p>\n\n\n\n<p><\/p>\n\n\n<div class=\"wp-block-image\">\n<figure class=\"aligncenter size-large\"><img decoding=\"async\" loading=\"lazy\" width=\"741\" height=\"480\" src=\"https:\/\/notinor.com\/jujuy\/wp-content\/uploads\/2025\/01\/image-59-741x480.png\" alt=\"\" class=\"wp-image-422562\" srcset=\"https:\/\/notinor.com\/jujuy\/wp-content\/uploads\/2025\/01\/image-59-741x480.png 741w, https:\/\/notinor.com\/jujuy\/wp-content\/uploads\/2025\/01\/image-59-564x365.png 564w, https:\/\/notinor.com\/jujuy\/wp-content\/uploads\/2025\/01\/image-59-768x497.png 768w, https:\/\/notinor.com\/jujuy\/wp-content\/uploads\/2025\/01\/image-59-750x486.png 750w, https:\/\/notinor.com\/jujuy\/wp-content\/uploads\/2025\/01\/image-59.png 780w\" sizes=\"(max-width: 741px) 100vw, 741px\" \/><\/figure><\/div>\n\n\n<p><\/p>\n\n\n\n<p>Entre sus objetivos est\u00e1 <strong>el fortalecimiento del control en pasos fronterizos<\/strong>. \u201cEn puntos como Aguas Blancas, <strong>se implementar\u00e1n controles m\u00e1s rigurosos<\/strong> para prevenir actividades il\u00edcitas y mejorar la seguridad de los habitantes\u201d, se detalla en el&nbsp;sitio web oficial.<\/p>\n\n\n\n<p><strong>Adri\u00e1n Zigar\u00e1n<\/strong>, el interventor de Aguas Blancas, firm\u00f3 el documento oficial y tambi\u00e9n habl\u00f3 sobre la medida. All\u00ed mencion\u00f3 que <strong>la obra ser\u00eda financiada por el gobierno nacional<\/strong> y que se realizar\u00eda <strong>en el tramo que comprende<\/strong>&nbsp;<strong>desde la Terminal de \u00d3mnibus del municipio hasta las oficinas de la Direcci\u00f3n Nacional de Migraciones<\/strong>, en la frontera con la localidad de Bermejo en Bolivia en la ruta 50. <\/p>\n\n\n\n<p>En principio, <strong>el alambrado ser\u00eda \u201calto y fuerte\u201d, similar al que se ve en las canchas de f\u00fatbol<\/strong> y bordear\u00eda el r\u00edo por donde todos los d\u00edas entran y salen personas de ambos pa\u00edses.<a rel=\"noreferrer noopener\" href=\"https:\/\/www.lanacion.com.ar\/sociedad\/aguas-blancas-el-reino-del-narcotrafico-donde-los-contrabandistas-imponen-las-reglas-nid30062021\/\" target=\"_blank\"><\/a><\/p>\n","protected":false},"excerpt":{"rendered":"<p>Aguas Blancas planea poner una valla en la rivera del R\u00edo Bermejo para evitar pasos fronterizos ilegales. La medida llegar\u00eda tras el lanzamiento del Plan G\u00fcemes. Atrav\u00e9s del Bolet\u00edn Oficial de Salta, la municipalidad de&nbsp;Aguas Blancas&nbsp;llam\u00f3 a licitaci\u00f3n para construir&nbsp;un \u201calambrado perimetral\u201d en el&nbsp;cruce fronterizo&nbsp;con Bolivia&nbsp;en el R\u00edo Bermejo. El gobierno boliviano, en tanto, expres\u00f3 [&hellip;]<\/p>\n","protected":false},"author":51,"featured_media":422558,"comment_status":"open","ping_status":"open","sticky":false,"template":"","format":"standard","meta":{"_stopmodifiedupdate":false,"_modified_date":"","inline_featured_image":false,"spay_email":"","jetpack_publicize_message":""},"categories":[2,5,2553],"tags":[],"jetpack_featured_media_url":"https:\/\/notinor.com\/jujuy\/wp-content\/uploads\/2025\/01\/image-58.png","jetpack_publicize_connections":[],"_links":{"self":[{"href":"https:\/\/notinor.com\/jujuy\/wp-json\/wp\/v2\/posts\/422557"}],"collection":[{"href":"https:\/\/notinor.com\/jujuy\/wp-json\/wp\/v2\/posts"}],"about":[{"href":"https:\/\/notinor.com\/jujuy\/wp-json\/wp\/v2\/types\/post"}],"author":[{"embeddable":true,"href":"https:\/\/notinor.com\/jujuy\/wp-json\/wp\/v2\/users\/51"}],"replies":[{"embeddable":true,"href":"https:\/\/notinor.com\/jujuy\/wp-json\/wp\/v2\/comments?post=422557"}],"version-history":[{"count":4,"href":"https:\/\/notinor.com\/jujuy\/wp-json\/wp\/v2\/posts\/422557\/revisions"}],"predecessor-version":[{"id":422604,"href":"https:\/\/notinor.com\/jujuy\/wp-json\/wp\/v2\/posts\/422557\/revisions\/422604"}],"wp:featuredmedia":[{"embeddable":true,"href":"https:\/\/notinor.com\/jujuy\/wp-json\/wp\/v2\/media\/422558"}],"wp:attachment":[{"href":"https:\/\/notinor.com\/jujuy\/wp-json\/wp\/v2\/media?parent=422557"}],"wp:term":[{"taxonomy":"category","embeddable":true,"href":"https:\/\/notinor.com\/jujuy\/wp-json\/wp\/v2\/categories?post=422557"},{"taxonomy":"post_tag","embeddable":true,"href":"https:\/\/notinor.com\/jujuy\/wp-json\/wp\/v2\/tags?post=422557"}],"curies":[{"name":"wp","href":"https:\/\/api.w.org\/{rel}","templated":true}]}}