{"id":422454,"date":"2025-01-24T22:18:35","date_gmt":"2025-01-25T01:18:35","guid":{"rendered":"https:\/\/notinor.com\/jujuy\/?p=422454"},"modified":"2025-01-24T22:18:37","modified_gmt":"2025-01-25T01:18:37","slug":"se-casaron-andres-calamaro-y-natali-franco-por-registro-civil","status":"publish","type":"post","link":"https:\/\/notinor.com\/jujuy\/se-casaron-andres-calamaro-y-natali-franco-por-registro-civil\/","title":{"rendered":"Se casaron Andr\u00e9s Calamaro y Natal\u00ed Franco por Registro Civil"},"content":{"rendered":"\n<p class=\"has-medium-font-size\"><strong><em>Tras dos a\u00f1os de relaci\u00f3n, la pareja dio el \"s\u00ed\".\u00a0Fueron acompa\u00f1ados por sus familiares y amigos.<\/em><\/strong><\/p>\n\n\n\n<p><\/p>\n\n\n<div class=\"wp-block-image\">\n<figure class=\"aligncenter size-full\"><img decoding=\"async\" loading=\"lazy\" width=\"800\" height=\"450\" src=\"https:\/\/notinor.com\/jujuy\/wp-content\/uploads\/2025\/01\/andres-calamaro-y-natali-franco.jpg\" alt=\"\" class=\"wp-image-422455\" srcset=\"https:\/\/notinor.com\/jujuy\/wp-content\/uploads\/2025\/01\/andres-calamaro-y-natali-franco.jpg 800w, https:\/\/notinor.com\/jujuy\/wp-content\/uploads\/2025\/01\/andres-calamaro-y-natali-franco-649x365.jpg 649w, https:\/\/notinor.com\/jujuy\/wp-content\/uploads\/2025\/01\/andres-calamaro-y-natali-franco-500x280.jpg 500w, https:\/\/notinor.com\/jujuy\/wp-content\/uploads\/2025\/01\/andres-calamaro-y-natali-franco-768x432.jpg 768w, https:\/\/notinor.com\/jujuy\/wp-content\/uploads\/2025\/01\/andres-calamaro-y-natali-franco-750x422.jpg 750w\" sizes=\"(max-width: 800px) 100vw, 800px\" \/><\/figure><\/div>\n\n\n<p><\/p>\n\n\n\n<p>A dos a\u00f1os de haber confirmado su relaci\u00f3n, Andr\u00e9s Calamaro y Natal\u00ed Franco se casaron. El m\u00fasico y la exmodelo se casaron por Registro Civil acompa\u00f1ados de su familia y amigos.<\/p>\n\n\n\n<p>Quince d\u00edas despu\u00e9s de anunciar su casamiento, Andr\u00e9s y Natal\u00ed dieron el \"s\u00ed\" en un Registro Civil del barrio porte\u00f1o de Palermo.<\/p>\n\n\n\n<p>El cantante se puso un pantal\u00f3n y una chomba azul, mientras que su flamante esposa eligi\u00f3 un traje color terracota, compuesto por un blazer y un pantal\u00f3n corto, acompa\u00f1ado de una camisa blanca.<\/p>\n\n\n\n<p>Los reci\u00e9n casados lucieron ambos unas zapatillas blancas y anteojos de sol, para sumarle un poco de \"rock\" a sus outfits en un d\u00eda tan especial.<\/p>\n\n\n\n<p>Al salir del registro civil, Calamaro mostr\u00f3 orgulloso la liberta roja de casamiento, mientras que Franco sosten\u00eda en su mano un hermoso ramo de rosas naranjas.<\/p>\n\n\n\n<p>Los amigos y familiares all\u00ed presentes les tiraron arroz, como indica la tradici\u00f3n, y los flamantes marido y mujer se mostraron felices y agradecidos.<\/p>\n\n\n\n<p>Entre los asistentes se encontraban Javier Calamaro, hermano del novio, y Juanse de los Ratones Paranoicos.<\/p>\n\n\n\n<p class=\"has-medium-font-size\"><strong>La historia de amor de Andr\u00e9s Calamaro y Natal\u00ed Franco<\/strong><\/p>\n\n\n\n<p>La noticia de que el m\u00fasico y la exmodelo estaban comenzando una relaci\u00f3n sali\u00f3 a la luz en septiembre del 2022, cuando Estefan\u00eda Berardi revel\u00f3 en LAM (Am\u00e9rica TV) que se encontraban juntos.<\/p>\n\n\n\n<p>A pesar de estas versiones, ambos eligieron mantenerse alejados de las c\u00e1maras durante un par de meses. Hasta que en noviembre de ese mismo a\u00f1o, oficializaron su relaci\u00f3n en un importante evento.<\/p>\n\n\n\n<p>Fue durante una gala realizada en el Teatro Col\u00f3n para celebrar los 30 a\u00f1os de una empresa constructora.<\/p>\n\n\n\n<p>All\u00ed, el cantante y la joven nacida en la localidad cordobesa de La Para se dejaron fotografiar juntos por primera vez.<\/p>\n\n\n\n<p>La exmodelo es madre de tres hijos de un matrimonio anterior que finaliz\u00f3 en 2018, mientras que, Andr\u00e9s tiene una hija de 15 a\u00f1os llamada Charo, que es fruto de su relaci\u00f3n con Julieta Cardinali.<\/p>\n\n\n\n<p>Dos a\u00f1os m\u00e1s tarde, en enero de este a\u00f1o, fue \u00c1ngel de Brito quien dio la alegre noticia de que la pareja estaba lista para dar un pas m\u00e1s en su relaci\u00f3n.<\/p>\n\n\n\n<p>\"Se casan\", escribi\u00f3 el conductor de LAM (Am\u00e9rica TV) junto a una rom\u00e1ntica postal que public\u00f3 en la secci\u00f3n de historias de su perfil de Instagram.<\/p>\n\n\n\n<p>En la imagen se pod\u00eda ver a Calamaro abrazando a su prometida por la cintura, mientras apoyaba su ment\u00f3n sobre el hombro de la exmodelo.<\/p>\n\n\n\n<p>Adem\u00e1s, se destacaban los anillos de compromiso, cuidadosamente colocados sobre una caja afelpada de color rojo con un interior blanco impecable.<\/p>\n\n\n\n<p>Otro detalle, las alianzas ten\u00edan una inscripci\u00f3n en la parte de adentro con sus respectivos nombres y la fecha de hoy, \"24-01-2025\", d\u00eda en el que formalizar\u00edan su historia de amor.<\/p>\n","protected":false},"excerpt":{"rendered":"<p>Tras dos a\u00f1os de relaci\u00f3n, la pareja dio el \"s\u00ed\".\u00a0Fueron acompa\u00f1ados por sus familiares y amigos. A dos a\u00f1os de haber confirmado su relaci\u00f3n, Andr\u00e9s Calamaro y Natal\u00ed Franco se casaron. El m\u00fasico y la exmodelo se casaron por Registro Civil acompa\u00f1ados de su familia y amigos. Quince d\u00edas despu\u00e9s de anunciar su casamiento, Andr\u00e9s [&hellip;]<\/p>\n","protected":false},"author":49,"featured_media":422455,"comment_status":"open","ping_status":"open","sticky":false,"template":"","format":"standard","meta":{"_stopmodifiedupdate":false,"_modified_date":"","inline_featured_image":false,"spay_email":"","jetpack_publicize_message":""},"categories":[21],"tags":[],"jetpack_featured_media_url":"https:\/\/notinor.com\/jujuy\/wp-content\/uploads\/2025\/01\/andres-calamaro-y-natali-franco.jpg","jetpack_publicize_connections":[],"_links":{"self":[{"href":"https:\/\/notinor.com\/jujuy\/wp-json\/wp\/v2\/posts\/422454"}],"collection":[{"href":"https:\/\/notinor.com\/jujuy\/wp-json\/wp\/v2\/posts"}],"about":[{"href":"https:\/\/notinor.com\/jujuy\/wp-json\/wp\/v2\/types\/post"}],"author":[{"embeddable":true,"href":"https:\/\/notinor.com\/jujuy\/wp-json\/wp\/v2\/users\/49"}],"replies":[{"embeddable":true,"href":"https:\/\/notinor.com\/jujuy\/wp-json\/wp\/v2\/comments?post=422454"}],"version-history":[{"count":1,"href":"https:\/\/notinor.com\/jujuy\/wp-json\/wp\/v2\/posts\/422454\/revisions"}],"predecessor-version":[{"id":422456,"href":"https:\/\/notinor.com\/jujuy\/wp-json\/wp\/v2\/posts\/422454\/revisions\/422456"}],"wp:featuredmedia":[{"embeddable":true,"href":"https:\/\/notinor.com\/jujuy\/wp-json\/wp\/v2\/media\/422455"}],"wp:attachment":[{"href":"https:\/\/notinor.com\/jujuy\/wp-json\/wp\/v2\/media?parent=422454"}],"wp:term":[{"taxonomy":"category","embeddable":true,"href":"https:\/\/notinor.com\/jujuy\/wp-json\/wp\/v2\/categories?post=422454"},{"taxonomy":"post_tag","embeddable":true,"href":"https:\/\/notinor.com\/jujuy\/wp-json\/wp\/v2\/tags?post=422454"}],"curies":[{"name":"wp","href":"https:\/\/api.w.org\/{rel}","templated":true}]}}