{"id":422449,"date":"2025-01-24T21:55:27","date_gmt":"2025-01-25T00:55:27","guid":{"rendered":"https:\/\/notinor.com\/jujuy\/?p=422449"},"modified":"2025-01-25T16:28:10","modified_gmt":"2025-01-25T19:28:10","slug":"jujuy-celebro-el-ano-nuevo-chino-en-el-cabildo-historico","status":"publish","type":"post","link":"https:\/\/notinor.com\/jujuy\/jujuy-celebro-el-ano-nuevo-chino-en-el-cabildo-historico\/","title":{"rendered":"El A\u00f1o Nuevo Chino ilumin\u00f3 el Cabildo Hist\u00f3rico, conectando a Jujuy con la riqueza cultural de Oriente"},"content":{"rendered":"\n<p class=\"has-medium-font-size\"><strong><em>Con la presencia del gobernador, Carlos Sadir, y el embajador de la Rep\u00fablica Popular China en Argentina, Wang Wei, se dio inicio a las celebraciones del A\u00f1o Nuevo Chino. Es la primera vez que una provincia del norte argentino es elegida para realizar el evento inaugural.<\/em><\/strong><\/p>\n\n\n<div class=\"wp-block-image\">\n<figure class=\"aligncenter size-large\"><img decoding=\"async\" loading=\"lazy\" width=\"714\" height=\"480\" src=\"https:\/\/notinor.com\/jujuy\/wp-content\/uploads\/2025\/01\/image-28-714x480.png\" alt=\"\" class=\"wp-image-422494\" srcset=\"https:\/\/notinor.com\/jujuy\/wp-content\/uploads\/2025\/01\/image-28-714x480.png 714w, https:\/\/notinor.com\/jujuy\/wp-content\/uploads\/2025\/01\/image-28-543x365.png 543w, https:\/\/notinor.com\/jujuy\/wp-content\/uploads\/2025\/01\/image-28-768x517.png 768w, https:\/\/notinor.com\/jujuy\/wp-content\/uploads\/2025\/01\/image-28-750x504.png 750w, https:\/\/notinor.com\/jujuy\/wp-content\/uploads\/2025\/01\/image-28-1140x767.png 1140w, https:\/\/notinor.com\/jujuy\/wp-content\/uploads\/2025\/01\/image-28.png 1179w\" sizes=\"(max-width: 714px) 100vw, 714px\" \/><\/figure><\/div>\n\n\n<p><\/p>\n\n\n\n<p><strong>El Cabildo Hist\u00f3rico de Jujuy se transform\u00f3 en el coraz\u00f3n de una celebraci\u00f3n sin precedentes<\/strong> al recibir, por primera vez en el norte argentino, <strong>los festejos del A\u00f1o Nuevo Chino<\/strong>. Es la primera vez que una provincia del norte argentino es elegida para realizar el evento inaugural.<\/p>\n\n\n\n<p>Cientos de juje\u00f1os y visitantes se sumaron a una jornada memorable que <strong>uni\u00f3 la profundidad de las tradiciones chinas con la identidad cultural de la provincia<\/strong>.<\/p>\n\n\n\n<p><\/p>\n\n\n<div class=\"wp-block-image\">\n<figure class=\"aligncenter size-full\"><img decoding=\"async\" loading=\"lazy\" width=\"720\" height=\"480\" src=\"https:\/\/notinor.com\/jujuy\/wp-content\/uploads\/2025\/01\/image-29.png\" alt=\"\" class=\"wp-image-422495\" srcset=\"https:\/\/notinor.com\/jujuy\/wp-content\/uploads\/2025\/01\/image-29.png 720w, https:\/\/notinor.com\/jujuy\/wp-content\/uploads\/2025\/01\/image-29-548x365.png 548w\" sizes=\"(max-width: 720px) 100vw, 720px\" \/><\/figure><\/div>\n\n\n<p><\/p>\n\n\n\n<p>Con la presencia del gobernador, <strong>Carlos Sadir,<\/strong> y el embajador de la Rep\u00fablica Popular China en Argentina<strong>, Wang Wei, se dio inicio as\u00ed a las celebraciones del A\u00f1o Nuevo Chino<\/strong>. <\/p>\n\n\n\n<p>Organizado por el Ministerio de Cultura y Turismo de Jujuy junto con la comunidad china, <strong>fue un evento que ofreci\u00f3 una experiencia multisensorial<\/strong>.<\/p>\n\n\n\n<p><\/p>\n\n\n<div class=\"wp-block-image\">\n<figure class=\"aligncenter size-full\"><img decoding=\"async\" loading=\"lazy\" width=\"800\" height=\"450\" src=\"https:\/\/notinor.com\/jujuy\/wp-content\/uploads\/2025\/01\/ano-nuevo-chino-en-jujuy.jpg\" alt=\"\" class=\"wp-image-422452\" srcset=\"https:\/\/notinor.com\/jujuy\/wp-content\/uploads\/2025\/01\/ano-nuevo-chino-en-jujuy.jpg 800w, https:\/\/notinor.com\/jujuy\/wp-content\/uploads\/2025\/01\/ano-nuevo-chino-en-jujuy-649x365.jpg 649w, https:\/\/notinor.com\/jujuy\/wp-content\/uploads\/2025\/01\/ano-nuevo-chino-en-jujuy-500x280.jpg 500w, https:\/\/notinor.com\/jujuy\/wp-content\/uploads\/2025\/01\/ano-nuevo-chino-en-jujuy-768x432.jpg 768w, https:\/\/notinor.com\/jujuy\/wp-content\/uploads\/2025\/01\/ano-nuevo-chino-en-jujuy-750x422.jpg 750w\" sizes=\"(max-width: 800px) 100vw, 800px\" \/><\/figure><\/div>\n\n\n<p><\/p>\n\n\n\n<p><strong>Incluy\u00f3 actividades culturales, art\u00edsticas y gastron\u00f3micas variadas<\/strong> para el p\u00fablico presente, que comprendi\u00f3 a familias, parejas, amigos y turistas.<\/p>\n\n\n\n<p><strong>Se realiz\u00f3 el ritual de clavar un pincel en la pupila del drag\u00f3n<\/strong> para as\u00ed dar inicio a la ceremonia y el comienzo de la Ruta del A\u00f1o Nuevo Chino, s\u00edmbolo de buenos augurios y prosperidad en la cultura oriental.<\/p>\n\n\n\n<p><\/p>\n\n\n<div class=\"wp-block-image\">\n<figure class=\"aligncenter size-large\"><img decoding=\"async\" loading=\"lazy\" width=\"728\" height=\"480\" src=\"https:\/\/notinor.com\/jujuy\/wp-content\/uploads\/2025\/01\/image-24-728x480.png\" alt=\"\" class=\"wp-image-422485\" srcset=\"https:\/\/notinor.com\/jujuy\/wp-content\/uploads\/2025\/01\/image-24-728x480.png 728w, https:\/\/notinor.com\/jujuy\/wp-content\/uploads\/2025\/01\/image-24-554x365.png 554w, https:\/\/notinor.com\/jujuy\/wp-content\/uploads\/2025\/01\/image-24-768x506.png 768w, https:\/\/notinor.com\/jujuy\/wp-content\/uploads\/2025\/01\/image-24-750x494.png 750w, https:\/\/notinor.com\/jujuy\/wp-content\/uploads\/2025\/01\/image-24.png 880w\" sizes=\"(max-width: 728px) 100vw, 728px\" \/><\/figure><\/div>\n\n\n<p><\/p>\n\n\n\n<p>Durante su alocuci\u00f3n, Sadir agradeci\u00f3 no solo la elecci\u00f3n de Jujuy para \u201crealizar <strong>una ceremonia tan importante y ancestral para la cultura china<\/strong>\u201d, sino tambi\u00e9n a \u201ctodas <strong>las empresas chinas que se radicaron en Jujuy<\/strong>, generando muchos puestos nuevos de trabajo\u201d.<\/p>\n\n\n\n<p>\u201c<strong>Es una gran oportunidad para intercambiar y conocer el arte e historia de Jujuy y China<\/strong>, y ver el crecimiento de nuevas tradiciones con la fusi\u00f3n de nuestra cultura y gastronom\u00eda\u201d, indic\u00f3 el mandatario local.<\/p>\n\n\n\n<p><\/p>\n\n\n<div class=\"wp-block-image\">\n<figure class=\"aligncenter size-large\"><img decoding=\"async\" loading=\"lazy\" width=\"736\" height=\"480\" src=\"https:\/\/notinor.com\/jujuy\/wp-content\/uploads\/2025\/01\/image-25-736x480.png\" alt=\"\" class=\"wp-image-422486\" srcset=\"https:\/\/notinor.com\/jujuy\/wp-content\/uploads\/2025\/01\/image-25-736x480.png 736w, https:\/\/notinor.com\/jujuy\/wp-content\/uploads\/2025\/01\/image-25-560x365.png 560w, https:\/\/notinor.com\/jujuy\/wp-content\/uploads\/2025\/01\/image-25-768x501.png 768w, https:\/\/notinor.com\/jujuy\/wp-content\/uploads\/2025\/01\/image-25-750x489.png 750w, https:\/\/notinor.com\/jujuy\/wp-content\/uploads\/2025\/01\/image-25.png 877w\" sizes=\"(max-width: 736px) 100vw, 736px\" \/><\/figure><\/div>\n\n\n<p><\/p>\n\n\n\n<p>Por su parte, Wang Wei destac\u00f3 que \u201crealizar una ceremonia tan importante para nosotros en esta provincia es <strong>un acto de amor y hermandad<\/strong>\u201d, afirmando que \u201ccon Jujuy<strong> compartimos muchos proyectos y una visi\u00f3n<\/strong> <strong>para el desarrollo econ\u00f3mico y social<\/strong>\u201d.<\/p>\n\n\n\n<p>\u201cSomos socios y amigos que siempre se acompa\u00f1an\u201d sostuvo, sosteniendo que \u201c<strong>Jujuy fue siempre un referente de cooperaci\u00f3n con China<\/strong> entre todas las entidades de Argentina\u201d, destacando en ese sentido \u201c<strong>la gran cantidad de pol\u00edticas que tiene la provincia<\/strong> para la explotaci\u00f3n minera y el desarrollo de energ\u00edas renovables\u201d.<\/p>\n\n\n\n<p><\/p>\n\n\n<div class=\"wp-block-image\">\n<figure class=\"aligncenter size-full\"><img decoding=\"async\" loading=\"lazy\" width=\"800\" height=\"450\" src=\"https:\/\/notinor.com\/jujuy\/wp-content\/uploads\/2025\/01\/ano-nuevo-chino-en-jujuy-2.jpg\" alt=\"\" class=\"wp-image-422451\" srcset=\"https:\/\/notinor.com\/jujuy\/wp-content\/uploads\/2025\/01\/ano-nuevo-chino-en-jujuy-2.jpg 800w, https:\/\/notinor.com\/jujuy\/wp-content\/uploads\/2025\/01\/ano-nuevo-chino-en-jujuy-2-649x365.jpg 649w, https:\/\/notinor.com\/jujuy\/wp-content\/uploads\/2025\/01\/ano-nuevo-chino-en-jujuy-2-500x280.jpg 500w, https:\/\/notinor.com\/jujuy\/wp-content\/uploads\/2025\/01\/ano-nuevo-chino-en-jujuy-2-768x432.jpg 768w, https:\/\/notinor.com\/jujuy\/wp-content\/uploads\/2025\/01\/ano-nuevo-chino-en-jujuy-2-750x422.jpg 750w\" sizes=\"(max-width: 800px) 100vw, 800px\" \/><\/figure><\/div>\n\n\n<p><\/p>\n\n\n\n<p><strong>Diego Valdecantos<\/strong>, Secretario de Turismo, destac\u00f3 la importancia del evento:&nbsp;\u201cEstas celebraciones posicionan a <strong>Jujuy como un referente de diversidad cultural<\/strong>, integrando las tradiciones orientales a nuestra propia riqueza art\u00edstica y gastron\u00f3mica\u201d.<\/p>\n\n\n\n<p><\/p>\n\n\n<div class=\"wp-block-image\">\n<figure class=\"aligncenter size-large\"><img decoding=\"async\" loading=\"lazy\" width=\"757\" height=\"480\" src=\"https:\/\/notinor.com\/jujuy\/wp-content\/uploads\/2025\/01\/image-23-757x480.png\" alt=\"\" class=\"wp-image-422484\" srcset=\"https:\/\/notinor.com\/jujuy\/wp-content\/uploads\/2025\/01\/image-23-757x480.png 757w, https:\/\/notinor.com\/jujuy\/wp-content\/uploads\/2025\/01\/image-23-576x365.png 576w, https:\/\/notinor.com\/jujuy\/wp-content\/uploads\/2025\/01\/image-23-768x487.png 768w, https:\/\/notinor.com\/jujuy\/wp-content\/uploads\/2025\/01\/image-23-750x475.png 750w, https:\/\/notinor.com\/jujuy\/wp-content\/uploads\/2025\/01\/image-23.png 893w\" sizes=\"(max-width: 757px) 100vw, 757px\" \/><\/figure><\/div>\n\n\n<p><\/p>\n\n\n\n<p>Acompa\u00f1aron la ceremonia el vice gobernador, <strong>Alberto Bernis<\/strong>; el intendente capitalino, <strong>Ra\u00fal Jorge<\/strong>; el Jefe de Gabinete de Ministros, <strong>Freddy Morales<\/strong>; autoridades nacionales, provinciales y municipales, y cientos de familias que se acercaron al Cabildo Hist\u00f3rico.<\/p>\n\n\n\n<p>La jornada culmin\u00f3 con espect\u00e1culos art\u00edsticos que maravillaron a los presentes y con <strong>una propuesta gastron\u00f3mica que permiti\u00f3 disfrutar de los exquisitos sabores de Oriente<\/strong>. Las familias que se acercaron al Cabildo vivieron un d\u00eda \u00fanico, donde<strong> la integraci\u00f3n cultural brill\u00f3 como el verdadero protagonista<\/strong>.<\/p>\n\n\n\n<p><\/p>\n\n\n\n<figure class=\"wp-block-embed is-type-video is-provider-youtube wp-block-embed-youtube wp-embed-aspect-16-9 wp-has-aspect-ratio\"><div class=\"wp-block-embed__wrapper\">\n<div class=\"jeg_video_container jeg_video_content\"><iframe loading=\"lazy\" title=\"Jujuy celebr\u00f3 el A\u00f1o Nuevo Chino en el Cabildo Hist\u00f3rico Gobernador Sadir\" width=\"500\" height=\"281\" src=\"https:\/\/www.youtube.com\/embed\/X9XkZYY8IGU?feature=oembed\" frameborder=\"0\" allow=\"accelerometer; autoplay; clipboard-write; encrypted-media; gyroscope; picture-in-picture; web-share\" referrerpolicy=\"strict-origin-when-cross-origin\" allowfullscreen><\/iframe><\/div>\n<\/div><\/figure>\n\n\n\n<p><\/p>\n\n\n\n<p>Desde el Ministerio de Cultura y Turismo de la provincia, invitaron a <strong>continuar celebrando la diversidad a trav\u00e9s de eventos<\/strong> que, como este, construyen puentes entre lo ancestral y lo contempor\u00e1neo, reafirmando a Jujuy como un punto de encuentro de tradiciones y modernidad.<\/p>\n\n\n\n<p><\/p>\n\n\n<div class=\"wp-block-image\">\n<figure class=\"aligncenter size-large is-resized\"><img decoding=\"async\" loading=\"lazy\" src=\"https:\/\/notinor.com\/jujuy\/wp-content\/uploads\/2025\/01\/image-26-765x480.png\" alt=\"\" class=\"wp-image-422487\" width=\"917\" height=\"575\" srcset=\"https:\/\/notinor.com\/jujuy\/wp-content\/uploads\/2025\/01\/image-26-765x480.png 765w, https:\/\/notinor.com\/jujuy\/wp-content\/uploads\/2025\/01\/image-26-581x365.png 581w, https:\/\/notinor.com\/jujuy\/wp-content\/uploads\/2025\/01\/image-26-768x482.png 768w, https:\/\/notinor.com\/jujuy\/wp-content\/uploads\/2025\/01\/image-26-750x471.png 750w, https:\/\/notinor.com\/jujuy\/wp-content\/uploads\/2025\/01\/image-26.png 943w\" sizes=\"(max-width: 917px) 100vw, 917px\" \/><\/figure><\/div>\n\n\n<p><\/p>\n","protected":false},"excerpt":{"rendered":"<p>Con la presencia del gobernador, Carlos Sadir, y el embajador de la Rep\u00fablica Popular China en Argentina, Wang Wei, se dio inicio a las celebraciones del A\u00f1o Nuevo Chino. Es la primera vez que una provincia del norte argentino es elegida para realizar el evento inaugural. El Cabildo Hist\u00f3rico de Jujuy se transform\u00f3 en el [&hellip;]<\/p>\n","protected":false},"author":49,"featured_media":422494,"comment_status":"open","ping_status":"open","sticky":false,"template":"","format":"standard","meta":{"_stopmodifiedupdate":false,"_modified_date":"","inline_featured_image":false,"spay_email":"","jetpack_publicize_message":""},"categories":[2,514],"tags":[],"jetpack_featured_media_url":"https:\/\/notinor.com\/jujuy\/wp-content\/uploads\/2025\/01\/image-28.png","jetpack_publicize_connections":[],"_links":{"self":[{"href":"https:\/\/notinor.com\/jujuy\/wp-json\/wp\/v2\/posts\/422449"}],"collection":[{"href":"https:\/\/notinor.com\/jujuy\/wp-json\/wp\/v2\/posts"}],"about":[{"href":"https:\/\/notinor.com\/jujuy\/wp-json\/wp\/v2\/types\/post"}],"author":[{"embeddable":true,"href":"https:\/\/notinor.com\/jujuy\/wp-json\/wp\/v2\/users\/49"}],"replies":[{"embeddable":true,"href":"https:\/\/notinor.com\/jujuy\/wp-json\/wp\/v2\/comments?post=422449"}],"version-history":[{"count":5,"href":"https:\/\/notinor.com\/jujuy\/wp-json\/wp\/v2\/posts\/422449\/revisions"}],"predecessor-version":[{"id":422497,"href":"https:\/\/notinor.com\/jujuy\/wp-json\/wp\/v2\/posts\/422449\/revisions\/422497"}],"wp:featuredmedia":[{"embeddable":true,"href":"https:\/\/notinor.com\/jujuy\/wp-json\/wp\/v2\/media\/422494"}],"wp:attachment":[{"href":"https:\/\/notinor.com\/jujuy\/wp-json\/wp\/v2\/media?parent=422449"}],"wp:term":[{"taxonomy":"category","embeddable":true,"href":"https:\/\/notinor.com\/jujuy\/wp-json\/wp\/v2\/categories?post=422449"},{"taxonomy":"post_tag","embeddable":true,"href":"https:\/\/notinor.com\/jujuy\/wp-json\/wp\/v2\/tags?post=422449"}],"curies":[{"name":"wp","href":"https:\/\/api.w.org\/{rel}","templated":true}]}}