{"id":422293,"date":"2025-01-17T21:42:46","date_gmt":"2025-01-18T00:42:46","guid":{"rendered":"https:\/\/notinor.com\/jujuy\/?p=422293"},"modified":"2025-01-17T21:42:48","modified_gmt":"2025-01-18T00:42:48","slug":"milei-firmara-el-proyecto-de-ficha-limpia-antes-de-viajar-a-eeuu-afecta-a-cristina-kirchner-y-a-funcionarios-del-gobierno","status":"publish","type":"post","link":"https:\/\/notinor.com\/jujuy\/milei-firmara-el-proyecto-de-ficha-limpia-antes-de-viajar-a-eeuu-afecta-a-cristina-kirchner-y-a-funcionarios-del-gobierno\/","title":{"rendered":"Milei firmar\u00e1 el proyecto de Ficha Limpia antes de viajar a EEUU: afecta a Cristina Kirchner y a funcionarios del Gobierno"},"content":{"rendered":"\n<p class=\"has-medium-font-size\"><strong><em>El Presidente trabaj\u00f3 este viernes para pulir la letra chica de la iniciativa que estuvo a cargo del ministro Petri y un equipo de abogados. Ser\u00e1 enviado al Congreso para su tratamiento en extraordinarias.<\/em><\/strong><\/p>\n\n\n\n<p><\/p>\n\n\n<div class=\"wp-block-image\">\n<figure class=\"aligncenter size-full\"><img decoding=\"async\" loading=\"lazy\" width=\"800\" height=\"450\" src=\"https:\/\/notinor.com\/jujuy\/wp-content\/uploads\/2025\/01\/javier-milei.jpg\" alt=\"\" class=\"wp-image-422116\" srcset=\"https:\/\/notinor.com\/jujuy\/wp-content\/uploads\/2025\/01\/javier-milei.jpg 800w, https:\/\/notinor.com\/jujuy\/wp-content\/uploads\/2025\/01\/javier-milei-649x365.jpg 649w, https:\/\/notinor.com\/jujuy\/wp-content\/uploads\/2025\/01\/javier-milei-500x280.jpg 500w, https:\/\/notinor.com\/jujuy\/wp-content\/uploads\/2025\/01\/javier-milei-768x432.jpg 768w, https:\/\/notinor.com\/jujuy\/wp-content\/uploads\/2025\/01\/javier-milei-750x422.jpg 750w\" sizes=\"(max-width: 800px) 100vw, 800px\" \/><\/figure><\/div>\n\n\n<p><\/p>\n\n\n\n<p>El proyecto de ley de Ficha Limpia que ser\u00e1 remitido en las pr\u00f3ximas horas para su tratamiento en sesiones extraordinarias, propone modificar la Ley Org\u00e1nica de Partidos Pol\u00edticos, estableciendo la inelegibilidad de aquellas personas condenadas en primera y segunda instancia por delitos relacionados con la corrupci\u00f3n en el ejercicio de la funci\u00f3n p\u00fablica y en perjuicio de la Administraci\u00f3n P\u00fablica. Adem\u00e1s, incluye disposiciones para limitar el acceso a ciertos cargos en la Administraci\u00f3n P\u00fablica Nacional, con la intenci\u00f3n de garantizar la idoneidad prevista en el art\u00edculo 16 de la Constituci\u00f3n Nacional.<\/p>\n\n\n\n<p>Milei estuvo trabajando en la letra chica de la iniciativa durante este viernes, tiene previsto firmarla antes de volar hacia Estados Unidos a la asunci\u00f3n de Donald Trump, para luego enviarla al Congreso de la Naci\u00f3n.<\/p>\n\n\n\n<p>Como hab\u00eda adelantado Infobae ayer, el proyecto dejar\u00eda afuera a Cristina Kirchner, ya que tiene efectivamente una condena en doble instancia. Se trata de una definici\u00f3n clave porque un sector del PRO hab\u00eda planteado la sospecha de un acuerdo pol\u00edtico con el kirchnerismo para que se mantenga habilitada para ser candidata este a\u00f1o. Un comunicado del partido que preside Mauricio Macri fue muy cr\u00edtico cuando se cay\u00f3 la sesi\u00f3n, pese a que los diputados de La Libertad Avanza se hab\u00edan senado en sus bancas.<\/p>\n\n\n\n<p>Seg\u00fan pudo saber este medio, el eje central del proyecto consiste en que quienes hayan recibido condenas firmes por corrupci\u00f3n no podr\u00e1n presentarse como candidatos a cargos p\u00fablicos electivos ni tampoco ocupar puestos como Jefe de Gabinete de Ministros, Ministros, Secretarios de Estado, Subsecretarios, entre otros cargos equivalentes. Esto aplica para toda la esfera de la Administraci\u00f3n P\u00fablica Nacional, fortaleciendo el criterio de idoneidad previsto en la normativa constitucional como condici\u00f3n para los nombramientos y la participaci\u00f3n en el sistema electoral.<\/p>\n\n\n\n<p>En cuanto al momento de la aplicaci\u00f3n de la \u201cinelegibilidad\u201d, el proyecto establece que esta tendr\u00e1 efecto desde el dictado de la sentencia condenatoria siempre que esta se d\u00e9 antes del inicio de un a\u00f1o electoral. En caso contrario, la persona en cuesti\u00f3n podr\u00e1 participar en la misma elecci\u00f3n del a\u00f1o en curso, pero quedar\u00e1 excluida de las elecciones que se celebren con posterioridad. Un ejemplo: si una condena en los t\u00e9rminos de Ficha Limpia se dicta en el presente a\u00f1o, el condenado podr\u00e1 presentarse en esta instancia electoral, pero no en las pr\u00f3ximas.<\/p>\n\n\n\n<p>El proyecto tambi\u00e9n contempla la figura del \u201cdoble conforme\u201d y no la sentencia definitiva, que establec\u00eda plazos que en el \u00e1mbito judicial suelen extenderse por a\u00f1os. Con ese criterio, para el Gobierno se garantiza una segunda instancia en todas las condenas que impliquen la aplicaci\u00f3n de esta normativa. Este requisito busca reducir los riesgos de favorecer decisiones arbitrarias y asegurar la seguridad jur\u00eddica en el proceso electoral.<\/p>\n\n\n\n<p>Seg\u00fan lo que se pudo conocer del texto que se estuvo trabajando, esto contribuir\u00e1 a la eliminaci\u00f3n de posibles incertidumbres respecto a las candidaturas, protegiendo la divisi\u00f3n de poderes y evitando injerencias entre los distintos \u00f3rganos del Estado, especialmente en periodos de elecciones.<\/p>\n\n\n\n<p>Otra de las propuestas clave de este proyecto es la creaci\u00f3n de un Registro P\u00fablico para Ficha Limpia, cuyo objetivo es asegurar la transparencia en el sistema electoral. Dicho registro permitir\u00e1 que las autoridades electorales puedan verificar de manera sencilla y accesible si un candidato tiene sentencias condenatorias en su contra, estableciendo una herramienta p\u00fablica que no generar\u00e1 costos ni burocracia adicional.<\/p>\n\n\n\n<p>Al respecto, este registro asegurar\u00e1 la implementaci\u00f3n efectiva de la denominada Ficha Limpia, atento a que permitir\u00e1 que las autoridades electorales puedan conocer si un candidato determinado cuenta con sentencias condenatorias en su contra con facilidad, y no autorizarlo a ser candidato.<\/p>\n\n\n\n<p>El proyecto, de acuerdo a lo que pudo conocer Infobae, responde a una preocupaci\u00f3n por fortalecer el sistema democr\u00e1tico y evitar que personas que hayan sido condenadas por delitos contra la administraci\u00f3n p\u00fablica puedan utilizar sus posiciones de poder como mecanismo para escapar de la Justicia o para influir electoralmente. De acuerdo a los trascendidos, la iniciativa busca ser \u201cun paso adelante en la lucha contra la corrupci\u00f3n\u201d y en el objetivo de preservar las instituciones republicanas.<\/p>\n\n\n\n<p>Adem\u00e1s, el proyecto Ficha Limpia buscar\u00e1 proveer un marco normativo que refuerce la transparencia electoral, pero al mismo tiempo evite potenciales abusos en los poderes del Estado, y promueva la idoneidad exigida por la Constituci\u00f3n Nacional como requisito de base en la administraci\u00f3n p\u00fablica y las instituciones democr\u00e1ticas. La expectativa reside en su capacidad para generar consenso en las c\u00e1maras legislativas y convertirse en ley aplicable en futuras instancias electorales.<\/p>\n","protected":false},"excerpt":{"rendered":"<p>El Presidente trabaj\u00f3 este viernes para pulir la letra chica de la iniciativa que estuvo a cargo del ministro Petri y un equipo de abogados. Ser\u00e1 enviado al Congreso para su tratamiento en extraordinarias. El proyecto de ley de Ficha Limpia que ser\u00e1 remitido en las pr\u00f3ximas horas para su tratamiento en sesiones extraordinarias, propone [&hellip;]<\/p>\n","protected":false},"author":49,"featured_media":422116,"comment_status":"open","ping_status":"open","sticky":false,"template":"","format":"standard","meta":{"_stopmodifiedupdate":false,"_modified_date":"","inline_featured_image":false,"spay_email":"","jetpack_publicize_message":""},"categories":[2,501],"tags":[],"jetpack_featured_media_url":"https:\/\/notinor.com\/jujuy\/wp-content\/uploads\/2025\/01\/javier-milei.jpg","jetpack_publicize_connections":[],"_links":{"self":[{"href":"https:\/\/notinor.com\/jujuy\/wp-json\/wp\/v2\/posts\/422293"}],"collection":[{"href":"https:\/\/notinor.com\/jujuy\/wp-json\/wp\/v2\/posts"}],"about":[{"href":"https:\/\/notinor.com\/jujuy\/wp-json\/wp\/v2\/types\/post"}],"author":[{"embeddable":true,"href":"https:\/\/notinor.com\/jujuy\/wp-json\/wp\/v2\/users\/49"}],"replies":[{"embeddable":true,"href":"https:\/\/notinor.com\/jujuy\/wp-json\/wp\/v2\/comments?post=422293"}],"version-history":[{"count":1,"href":"https:\/\/notinor.com\/jujuy\/wp-json\/wp\/v2\/posts\/422293\/revisions"}],"predecessor-version":[{"id":422294,"href":"https:\/\/notinor.com\/jujuy\/wp-json\/wp\/v2\/posts\/422293\/revisions\/422294"}],"wp:featuredmedia":[{"embeddable":true,"href":"https:\/\/notinor.com\/jujuy\/wp-json\/wp\/v2\/media\/422116"}],"wp:attachment":[{"href":"https:\/\/notinor.com\/jujuy\/wp-json\/wp\/v2\/media?parent=422293"}],"wp:term":[{"taxonomy":"category","embeddable":true,"href":"https:\/\/notinor.com\/jujuy\/wp-json\/wp\/v2\/categories?post=422293"},{"taxonomy":"post_tag","embeddable":true,"href":"https:\/\/notinor.com\/jujuy\/wp-json\/wp\/v2\/tags?post=422293"}],"curies":[{"name":"wp","href":"https:\/\/api.w.org\/{rel}","templated":true}]}}