{"id":422280,"date":"2025-01-17T14:52:50","date_gmt":"2025-01-17T17:52:50","guid":{"rendered":"https:\/\/notinor.com\/jujuy\/?p=422280"},"modified":"2025-01-17T14:52:51","modified_gmt":"2025-01-17T17:52:51","slug":"el-proximo-20-de-enero-se-abre-la-nueva-biblioteca-en-el-cabildo-un-espacio-cultural-para-toda-la-comunidad","status":"publish","type":"post","link":"https:\/\/notinor.com\/jujuy\/el-proximo-20-de-enero-se-abre-la-nueva-biblioteca-en-el-cabildo-un-espacio-cultural-para-toda-la-comunidad\/","title":{"rendered":"El pr\u00f3ximo 20 de enero se abre la nueva Biblioteca en el Cabildo, un espacio cultural para toda la comunidad"},"content":{"rendered":"\n<p class=\"has-medium-font-size\"><strong><em>El Ministro de Cultura y Turismo, Federico Posadas, anunci\u00f3 la apertura de un nuevo espacio dedicado a la lectura, la historia y el arte. A partir del 20 de enero, la Biblioteca del Cabildo comenzar\u00e1 a funcionar en el emblem\u00e1tico edificio de la ciudad, convirti\u00e9ndose en un nuevo punto de encuentro para juje\u00f1os y turistas interesados en la riqueza cultural de la regi\u00f3n.<\/em><\/strong><\/p>\n\n\n\n<p><\/p>\n\n\n<div class=\"wp-block-image\">\n<figure class=\"aligncenter size-full\"><img decoding=\"async\" loading=\"lazy\" width=\"800\" height=\"450\" src=\"https:\/\/notinor.com\/jujuy\/wp-content\/uploads\/2025\/01\/biblioteca-cabildo.jpg\" alt=\"\" class=\"wp-image-422281\" srcset=\"https:\/\/notinor.com\/jujuy\/wp-content\/uploads\/2025\/01\/biblioteca-cabildo.jpg 800w, https:\/\/notinor.com\/jujuy\/wp-content\/uploads\/2025\/01\/biblioteca-cabildo-649x365.jpg 649w, https:\/\/notinor.com\/jujuy\/wp-content\/uploads\/2025\/01\/biblioteca-cabildo-500x280.jpg 500w, https:\/\/notinor.com\/jujuy\/wp-content\/uploads\/2025\/01\/biblioteca-cabildo-768x432.jpg 768w, https:\/\/notinor.com\/jujuy\/wp-content\/uploads\/2025\/01\/biblioteca-cabildo-750x422.jpg 750w\" sizes=\"(max-width: 800px) 100vw, 800px\" \/><\/figure><\/div>\n\n\n<p><\/p>\n\n\n\n<p>Por lo pronto este moderno espacio cultural albergar\u00e1 m\u00e1s de 5.600 ejemplares, entre los que se incluyen libros hist\u00f3ricos, obras de artistas locales, nacionales e internacionales, as\u00ed como una valiosa colecci\u00f3n de documentos que narran la historia de Jujuy y del pa\u00eds. La biblioteca se presenta como un lugar destinado tanto a la reflexi\u00f3n individual como al disfrute colectivo, un punto de acceso libre a la cultura, para quienes deseen sumergirse en el vasto universo de la literatura y las artes.<\/p>\n\n\n\n<p>El acceso a la biblioteca ser\u00e1 completamente gratuito, con el \u00fanico requisito de acreditar identidad y cumplir con las normas de convivencia. El horario de atenci\u00f3n ser\u00e1 de lunes a viernes (d\u00edas h\u00e1biles), de 8:00 a 12:00 horas, brindando flexibilidad para que tanto los residentes locales como los visitantes puedan aprovechar este nuevo recurso cultural.<\/p>\n\n\n\n<p>El ministro Posadas expres\u00f3 con orgullo: \u201cEn el hist\u00f3rico edificio del Cabildo inauguramos este nuevo espacio, un lugar donde la cultura, el arte y la historia se entrelazan para el disfrute de juje\u00f1os y turistas. Con m\u00e1s de 5.000 ejemplares de documentos hist\u00f3ricos, libros de artistas juje\u00f1os y una selecci\u00f3n de autores nacionales e internacionales, este espacio se convertir\u00e1 en un faro cultural que todos est\u00e1n invitados a explorar\u201d.<\/p>\n\n\n\n<p>Con la inauguraci\u00f3n de esta biblioteca, Jujuy da un paso m\u00e1s en su compromiso con el fomento de la cultura y la educaci\u00f3n, ofreciendo a la comunidad un entorno para el aprendizaje, la reflexi\u00f3n y la preservaci\u00f3n del patrimonio literario. Entre las obras que se podr\u00e1n encontrar en sus estanter\u00edas se destacan textos de autores juje\u00f1os como Vergara, Paleari y Bidondo, as\u00ed como obras de figuras literarias de renombre internacional.<\/p>\n\n\n\n<p>De esta manera, los juje\u00f1os y los turistas tienen a su disposici\u00f3n un espacio \u00fanico para explorar, descubrir y disfrutar de la historia, el arte y la literatura, tanto de autores locales como universales, en el coraz\u00f3n de la ciudad de San Salvador de Jujuy.<\/p>\n","protected":false},"excerpt":{"rendered":"<p>El Ministro de Cultura y Turismo, Federico Posadas, anunci\u00f3 la apertura de un nuevo espacio dedicado a la lectura, la historia y el arte. A partir del 20 de enero, la Biblioteca del Cabildo comenzar\u00e1 a funcionar en el emblem\u00e1tico edificio de la ciudad, convirti\u00e9ndose en un nuevo punto de encuentro para juje\u00f1os y turistas [&hellip;]<\/p>\n","protected":false},"author":49,"featured_media":422281,"comment_status":"open","ping_status":"open","sticky":false,"template":"","format":"standard","meta":{"_stopmodifiedupdate":false,"_modified_date":"","inline_featured_image":false,"spay_email":"","jetpack_publicize_message":""},"categories":[514],"tags":[],"jetpack_featured_media_url":"https:\/\/notinor.com\/jujuy\/wp-content\/uploads\/2025\/01\/biblioteca-cabildo.jpg","jetpack_publicize_connections":[],"_links":{"self":[{"href":"https:\/\/notinor.com\/jujuy\/wp-json\/wp\/v2\/posts\/422280"}],"collection":[{"href":"https:\/\/notinor.com\/jujuy\/wp-json\/wp\/v2\/posts"}],"about":[{"href":"https:\/\/notinor.com\/jujuy\/wp-json\/wp\/v2\/types\/post"}],"author":[{"embeddable":true,"href":"https:\/\/notinor.com\/jujuy\/wp-json\/wp\/v2\/users\/49"}],"replies":[{"embeddable":true,"href":"https:\/\/notinor.com\/jujuy\/wp-json\/wp\/v2\/comments?post=422280"}],"version-history":[{"count":1,"href":"https:\/\/notinor.com\/jujuy\/wp-json\/wp\/v2\/posts\/422280\/revisions"}],"predecessor-version":[{"id":422282,"href":"https:\/\/notinor.com\/jujuy\/wp-json\/wp\/v2\/posts\/422280\/revisions\/422282"}],"wp:featuredmedia":[{"embeddable":true,"href":"https:\/\/notinor.com\/jujuy\/wp-json\/wp\/v2\/media\/422281"}],"wp:attachment":[{"href":"https:\/\/notinor.com\/jujuy\/wp-json\/wp\/v2\/media?parent=422280"}],"wp:term":[{"taxonomy":"category","embeddable":true,"href":"https:\/\/notinor.com\/jujuy\/wp-json\/wp\/v2\/categories?post=422280"},{"taxonomy":"post_tag","embeddable":true,"href":"https:\/\/notinor.com\/jujuy\/wp-json\/wp\/v2\/tags?post=422280"}],"curies":[{"name":"wp","href":"https:\/\/api.w.org\/{rel}","templated":true}]}}