{"id":422265,"date":"2025-01-17T09:10:36","date_gmt":"2025-01-17T12:10:36","guid":{"rendered":"https:\/\/notinor.com\/jujuy\/?p=422265"},"modified":"2025-01-17T09:10:38","modified_gmt":"2025-01-17T12:10:38","slug":"el-gobierno-de-israel-aseguro-que-la-liberacion-de-los-rehenes-en-gaza-comenzara-el-domingo","status":"publish","type":"post","link":"https:\/\/notinor.com\/jujuy\/el-gobierno-de-israel-aseguro-que-la-liberacion-de-los-rehenes-en-gaza-comenzara-el-domingo\/","title":{"rendered":"El gobierno de Israel asegur\u00f3 que la liberaci\u00f3n de los rehenes en Gaza comenzar\u00e1 el domingo"},"content":{"rendered":"\n<p class=\"has-medium-font-size\"><strong><em>Lo anunci\u00f3 la oficina del primer ministro, Benjamin Netanyahu, minutos despu\u00e9s del comienzo de la reuni\u00f3n del gabinete de seguridad para aprobar el cese al fuego con Hamas.<\/em><\/strong><\/p>\n\n\n\n<p><\/p>\n\n\n<div class=\"wp-block-image\">\n<figure class=\"aligncenter size-full\"><img decoding=\"async\" loading=\"lazy\" width=\"800\" height=\"450\" src=\"https:\/\/notinor.com\/jujuy\/wp-content\/uploads\/2025\/01\/rehenes-israel.jpg\" alt=\"\" class=\"wp-image-422266\" srcset=\"https:\/\/notinor.com\/jujuy\/wp-content\/uploads\/2025\/01\/rehenes-israel.jpg 800w, https:\/\/notinor.com\/jujuy\/wp-content\/uploads\/2025\/01\/rehenes-israel-649x365.jpg 649w, https:\/\/notinor.com\/jujuy\/wp-content\/uploads\/2025\/01\/rehenes-israel-500x280.jpg 500w, https:\/\/notinor.com\/jujuy\/wp-content\/uploads\/2025\/01\/rehenes-israel-768x432.jpg 768w, https:\/\/notinor.com\/jujuy\/wp-content\/uploads\/2025\/01\/rehenes-israel-750x422.jpg 750w\" sizes=\"(max-width: 800px) 100vw, 800px\" \/><\/figure><\/div>\n\n\n<p><\/p>\n\n\n\n<p>La liberaci\u00f3n de rehenes cautivos en Gaza desde el ataque de Hamas en Israel el 7 de octubre de 2023 arrancar\u00e1 este domingo, indic\u00f3 este viernes la oficina del primer ministro israel\u00ed, Benjamin Netanyahu.<\/p>\n\n\n\n<p>\u201cA la espera de la aprobaci\u00f3n por parte del gabinete [de seguridad] y del gobierno, y el cumplimiento del acuerdo, la liberaci\u00f3n de rehenes podr\u00e1 producirse de acuerdo con el plan previsto a partir del domingo\u201d, indic\u00f3 la oficina de Netanyahu en un comunicado.<\/p>\n\n\n\n<p>El anuncio lleg\u00f3 minutos despu\u00e9s del comienzo de la reuni\u00f3n del gabinete de seguridad para aprobar el cese al fuego con Hamas.<\/p>\n\n\n\n<p>El gabinete de seguridad de Israel se re\u00fane este viernes para discutir y aprobar el acuerdo de alto el fuego y la liberaci\u00f3n de rehenes alcanzado con mediaci\u00f3n de Qatar, Egipto y los Estados Unidos, seg\u00fan inform\u00f3 la oficina del primer ministro, Benjamin Netanyahu.<\/p>\n\n\n\n<p>Si el pacto es aprobado, el cese de hostilidades comenzar\u00e1 este domingo, permitiendo el intercambio de rehenes israel\u00edes por prisioneros palestinos, mientras se ultiman los t\u00e9rminos para un fin definitivo de la guerra.<\/p>\n\n\n\n<p>La oficina del premier israel\u00ed hab\u00eda acusado el jueves a Hamas de incumplir partes clave del acuerdo para extorsionar concesiones de \u00faltimo momento, una acusaci\u00f3n que Hamas neg\u00f3.<\/p>\n\n\n\n<p>Israel anunci\u00f3 que se hab\u00eda alcanzado un \u201cacuerdo para liberar a los rehenes\u201d y convoc\u00f3 a una reuni\u00f3n de su gabinete de seguridad este viernes para aprobar el entendimiento entre ambas partes.<\/p>\n\n\n\n<p>\u201cEl primer ministro Benjamin Netanyahu fue informado por el equipo negociador de que se han alcanzado acuerdos sobre un trato para la liberaci\u00f3n de los rehenes\u201d, se\u00f1al\u00f3 la oficina en un comunicado. \u201cEl Gobierno se reunir\u00e1 entonces para aprobar el acuerdo\u201d, a\u00f1adi\u00f3.<\/p>\n\n\n\n<p>Durante una rueda de prensa, el portavoz del gobierno israel\u00ed, David Mencer, indic\u00f3 que las demandas de Hamas estaban vinculadas al despliegue de las fuerzas israel\u00edes en el corredor Filadelfi y a la intenci\u00f3n de seleccionar a los prisioneros palestinos que ser\u00edan liberados en un intercambio por los rehenes.<\/p>\n\n\n\n<p>Un dato importantes es que el pleno del gabinete no discutir\u00e1 la aprobaci\u00f3n final del acuerdo hasta la noche del s\u00e1bado. Seg\u00fan un portavoz de Netanyahu, la demora se debe a la necesidad de otorgar un plazo de 24 horas para que los opositores al acuerdo puedan presentar apelaciones ante el Tribunal Superior de Justicia, considerando que muchos de ellos cumplen con el Shabat, que comienza al atardecer del viernes.<\/p>\n\n\n\n<p>Por su parte, el secretario de Estado estadounidense, Antony Blinken, expres\u00f3 su confianza en que la tregua se implemente seg\u00fan lo planeado. \u201cEstoy seguro, y espero plenamente que la implementaci\u00f3n comience este domingo\u201d, afirm\u00f3 este jueves.<\/p>\n\n\n\n<p>La negociaci\u00f3n ha generado divisiones dentro del gobierno israel\u00ed. Dos miembros del gabinete, entre ellos el ministro de Seguridad Nacional, Itamar Ben Gvir, han manifestado su oposici\u00f3n al acuerdo.<\/p>\n\n\n\n<p>Gvir calific\u00f3 el pacto de \u201cirresponsable\u201d y amenaz\u00f3 con abandonar el gobierno, aunque no la coalici\u00f3n. Entretanto, el ministro de Finanzas, Bezalel Smotrich, lo consider\u00f3 un \u201ctrato peligroso\u201d.<\/p>\n\n\n\n<p>Mientras tanto, la oposici\u00f3n y la comunidad internacional han presionado a favor del acuerdo, destacando la importancia de detener la escalada del conflicto y de liberar a los rehenes que permanecen en Gaza.<\/p>\n","protected":false},"excerpt":{"rendered":"<p>Lo anunci\u00f3 la oficina del primer ministro, Benjamin Netanyahu, minutos despu\u00e9s del comienzo de la reuni\u00f3n del gabinete de seguridad para aprobar el cese al fuego con Hamas. La liberaci\u00f3n de rehenes cautivos en Gaza desde el ataque de Hamas en Israel el 7 de octubre de 2023 arrancar\u00e1 este domingo, indic\u00f3 este viernes la [&hellip;]<\/p>\n","protected":false},"author":49,"featured_media":422266,"comment_status":"open","ping_status":"open","sticky":false,"template":"","format":"standard","meta":{"_stopmodifiedupdate":false,"_modified_date":"","inline_featured_image":false,"spay_email":"","jetpack_publicize_message":""},"categories":[2,6],"tags":[],"jetpack_featured_media_url":"https:\/\/notinor.com\/jujuy\/wp-content\/uploads\/2025\/01\/rehenes-israel.jpg","jetpack_publicize_connections":[],"_links":{"self":[{"href":"https:\/\/notinor.com\/jujuy\/wp-json\/wp\/v2\/posts\/422265"}],"collection":[{"href":"https:\/\/notinor.com\/jujuy\/wp-json\/wp\/v2\/posts"}],"about":[{"href":"https:\/\/notinor.com\/jujuy\/wp-json\/wp\/v2\/types\/post"}],"author":[{"embeddable":true,"href":"https:\/\/notinor.com\/jujuy\/wp-json\/wp\/v2\/users\/49"}],"replies":[{"embeddable":true,"href":"https:\/\/notinor.com\/jujuy\/wp-json\/wp\/v2\/comments?post=422265"}],"version-history":[{"count":1,"href":"https:\/\/notinor.com\/jujuy\/wp-json\/wp\/v2\/posts\/422265\/revisions"}],"predecessor-version":[{"id":422267,"href":"https:\/\/notinor.com\/jujuy\/wp-json\/wp\/v2\/posts\/422265\/revisions\/422267"}],"wp:featuredmedia":[{"embeddable":true,"href":"https:\/\/notinor.com\/jujuy\/wp-json\/wp\/v2\/media\/422266"}],"wp:attachment":[{"href":"https:\/\/notinor.com\/jujuy\/wp-json\/wp\/v2\/media?parent=422265"}],"wp:term":[{"taxonomy":"category","embeddable":true,"href":"https:\/\/notinor.com\/jujuy\/wp-json\/wp\/v2\/categories?post=422265"},{"taxonomy":"post_tag","embeddable":true,"href":"https:\/\/notinor.com\/jujuy\/wp-json\/wp\/v2\/tags?post=422265"}],"curies":[{"name":"wp","href":"https:\/\/api.w.org\/{rel}","templated":true}]}}