{"id":422220,"date":"2025-01-15T21:46:00","date_gmt":"2025-01-16T00:46:00","guid":{"rendered":"https:\/\/notinor.com\/jujuy\/?p=422220"},"modified":"2025-01-15T09:46:41","modified_gmt":"2025-01-15T09:46:41","slug":"el-intendente-jorge-se-reunio-con-el-jurado-de-los-premios-adolescentes-y-jovenes-destacados-2025","status":"publish","type":"post","link":"https:\/\/notinor.com\/jujuy\/el-intendente-jorge-se-reunio-con-el-jurado-de-los-premios-adolescentes-y-jovenes-destacados-2025\/","title":{"rendered":"El intendente Jorge se reuni\u00f3 con el jurado de los premios Adolescentes y J\u00f3venes Destacados 2025"},"content":{"rendered":"\n<p class=\"has-medium-font-size\"><strong><em>El intendente Ra\u00fal \u201cChuli\u201d Jorge, junto a un jurado especializado, presidi\u00f3 ayer\u00a0la reuni\u00f3n definitiva para votar y determinar la n\u00f3mina de galardonados de la 12\u00aa Edici\u00f3n de los premios \u201cAdolescentes y J\u00f3venes Destacados 2025\u201d. Este evento, organizado anualmente por la Municipalidad de San Salvador de Jujuy, busca reconocer los aportes significativos de j\u00f3venes de 13 a 30 a\u00f1os en diversas \u00e1reas de la comunidad.<\/em><\/strong><\/p>\n\n\n\n<figure class=\"wp-block-image\"><img decoding=\"async\" src=\"https:\/\/www.sansalvadordejujuy.gob.ar\/wp-content\/uploads\/2025\/01\/Jurado-Jovenes-Destacados-PRENSA-MUNI-JUJUY1-1-1024x561.jpg\" alt=\"\" class=\"wp-image-81745\"\/><\/figure>\n\n\n\n<p>En este sentido, el intendente Ra\u00fal \u201cChuli \u201cJorge, destac\u00f3 el trabajo realizado por el jurado en conjunto con la Coordinaci\u00f3n de Pol\u00edticas P\u00fablicas de Adolescencia y Juventud de la Municipalidad de San Salvador de Jujuy en la nominaci\u00f3n de los galardonados, \u201ctuvimos &nbsp;una gran participaci\u00f3n en las postulaciones, pero sobre todo en la forma tan democr\u00e1tica abierta de la selecci\u00f3n en siete rubros muy importantes que tienen que ver con el futuro de los j\u00f3venes que van a ser los que van a tener la responsabilidad de manejar los destinos de la provincia, de la ciudad\u201d.<\/p>\n\n\n\n<p>Adem\u00e1s, manifest\u00f3 que la postulaci\u00f3n de cada uno de los j\u00f3venes en cualquiera de los rubros los coloca en un lugar de reconocimiento, incluso sin haber sido premiados, \u201chay una parte de la sociedad que los ha postulado y esto es, creo, un gran est\u00edmulo para que no bajen los brazos y sigan trabajando en cada una de las disciplinas. Por eso, estamos muy conformes y contentos con el trabajo realizado por el jurado y la Coordinaci\u00f3n de Pol\u00edticas P\u00fablicas para los J\u00f3venes\u201d, asinti\u00f3 Jorge.<\/p>\n\n\n\n<figure class=\"wp-block-image\"><img decoding=\"async\" src=\"https:\/\/www.sansalvadordejujuy.gob.ar\/wp-content\/uploads\/2025\/01\/Jurado-Jovenes-Destacados-PRENSA-MUNI-JUJUY2-1-1024x589.jpg\" alt=\"\" class=\"wp-image-81746\"\/><\/figure>\n\n\n\n<p>Por su parte, el secretario de Gobierno, Ezequiel Aldao Fascio, sobre el proceso de votaci\u00f3n y la selecci\u00f3n de los galardonados, expres\u00f3,\u201d agradezco a los jurados que se han tomado el tiempo de venir ac\u00e1, a la sede del municipio, a debatir&nbsp;en cada uno de los rubros asignados para determinar los postulantes, en un debate ameno que eleva &nbsp;la calidad de la elecci\u00f3n. Tambi\u00e9n hay que hacer una menci\u00f3n especial al trabajo formidable realizado por&nbsp;Flavia Lara para que esta&nbsp;edici\u00f3n salga de la mejor manera\u201d.<\/p>\n\n\n\n<p>En tanto, la coordinadora de Pol\u00edticas P\u00fablicas de Adolescencia y Juventud, Flavia Lara, puso \u00e9nfasis en la pluralidad de los rubros elegidos para esta nueva edici\u00f3n 2025,\u201d hoy estuvimos junto al jurado determinando los ganadores de una gran variedad de disciplinas en las que se destacan adolescentes y j\u00f3venes, por diferentes habilidades, algunas vinculadas al ambiente, otras vinculadas a la tecnolog\u00eda, a la difusi\u00f3n de la cultura, a la promoci\u00f3n del aut\u00f3ctono, al cuidado, de los juje\u00f1os y c\u00f3mo tambi\u00e9n eso se expande al interior de la provincia, y en algunos casos luego ver\u00e1n tambi\u00e9n de manera internacional\u201d.<\/p>\n\n\n\n<figure class=\"wp-block-image\"><img decoding=\"async\" src=\"https:\/\/www.sansalvadordejujuy.gob.ar\/wp-content\/uploads\/2025\/01\/Jurado-Jovenes-Destacados-PRENSA-MUNI-JUJUY4-1024x576.jpg\" alt=\"\" class=\"wp-image-81747\"\/><\/figure>\n\n\n\n<p>Por \u00faltimo, Facundo Mota, miembro del jurado y en representaci\u00f3n del colectivo de personas con discapacidad, agradeci\u00f3 la oportunidad que le brind\u00f3 la Municipalidad de San Salvador de Jujuy para ser parte del jurado, \u201cen lo particular, he encontrado a muchos j\u00f3venes talentosos y he podido conocerlos mejor, as\u00ed como todo lo que hacen en los distintos rubros. La verdad, estoy muy conforme y agradecido por la posibilidad de ser parte de este jurado. Celebro un a\u00f1o m\u00e1s de este evento y espero seguir reconociendo a j\u00f3venes talentosos en ediciones futuras\u201d.<\/p>\n\n\n\n<p><strong>Nota audiovisual:<\/strong>&nbsp;<a href=\"https:\/\/youtu.be\/qe6pV81oLks\">https:\/\/youtu.be\/qe6pV81oLks<\/a><\/p>\n","protected":false},"excerpt":{"rendered":"<p>El intendente Ra\u00fal \u201cChuli\u201d Jorge, junto a un jurado especializado, presidi\u00f3 ayer\u00a0la reuni\u00f3n definitiva para votar y determinar la n\u00f3mina de galardonados de la 12\u00aa Edici\u00f3n de los premios \u201cAdolescentes y J\u00f3venes Destacados 2025\u201d. Este evento, organizado anualmente por la Municipalidad de San Salvador de Jujuy, busca reconocer los aportes significativos de j\u00f3venes de 13 [&hellip;]<\/p>\n","protected":false},"author":5,"featured_media":422221,"comment_status":"open","ping_status":"open","sticky":false,"template":"","format":"standard","meta":{"_stopmodifiedupdate":false,"_modified_date":"","inline_featured_image":false},"categories":[13],"tags":[],"jetpack_featured_media_url":"https:\/\/notinor.com\/jujuy\/wp-content\/uploads\/2025\/01\/EVENTO.jpg","_links":{"self":[{"href":"https:\/\/notinor.com\/jujuy\/wp-json\/wp\/v2\/posts\/422220"}],"collection":[{"href":"https:\/\/notinor.com\/jujuy\/wp-json\/wp\/v2\/posts"}],"about":[{"href":"https:\/\/notinor.com\/jujuy\/wp-json\/wp\/v2\/types\/post"}],"author":[{"embeddable":true,"href":"https:\/\/notinor.com\/jujuy\/wp-json\/wp\/v2\/users\/5"}],"replies":[{"embeddable":true,"href":"https:\/\/notinor.com\/jujuy\/wp-json\/wp\/v2\/comments?post=422220"}],"version-history":[{"count":1,"href":"https:\/\/notinor.com\/jujuy\/wp-json\/wp\/v2\/posts\/422220\/revisions"}],"predecessor-version":[{"id":422222,"href":"https:\/\/notinor.com\/jujuy\/wp-json\/wp\/v2\/posts\/422220\/revisions\/422222"}],"wp:featuredmedia":[{"embeddable":true,"href":"https:\/\/notinor.com\/jujuy\/wp-json\/wp\/v2\/media\/422221"}],"wp:attachment":[{"href":"https:\/\/notinor.com\/jujuy\/wp-json\/wp\/v2\/media?parent=422220"}],"wp:term":[{"taxonomy":"category","embeddable":true,"href":"https:\/\/notinor.com\/jujuy\/wp-json\/wp\/v2\/categories?post=422220"},{"taxonomy":"post_tag","embeddable":true,"href":"https:\/\/notinor.com\/jujuy\/wp-json\/wp\/v2\/tags?post=422220"}],"curies":[{"name":"wp","href":"https:\/\/api.w.org\/{rel}","templated":true}]}}