{"id":422217,"date":"2025-01-15T21:31:00","date_gmt":"2025-01-16T00:31:00","guid":{"rendered":"https:\/\/notinor.com\/jujuy\/?p=422217"},"modified":"2025-01-15T09:31:21","modified_gmt":"2025-01-15T09:31:21","slug":"nueva-iluminacion-y-mayor-seguridad-en-avenida-carlos-snopek-en-alto-comedero","status":"publish","type":"post","link":"https:\/\/notinor.com\/jujuy\/nueva-iluminacion-y-mayor-seguridad-en-avenida-carlos-snopek-en-alto-comedero\/","title":{"rendered":"Nueva iluminaci\u00f3n y mayor seguridad en avenida Carlos Snopek en Alto Comedero"},"content":{"rendered":"\n<p class=\"has-medium-font-size\"><strong><em>El intendente Ra\u00fal \u201cChuli\u201d Jorge habilit\u00f3 el nuevo sistema de iluminaci\u00f3n con l\u00e1mparas LED en la avenida Carlos Snopek, una de las principales arterias que interconecta numerosos sectores del barrio Alto Comedero. La obra fue realizada con colaboraci\u00f3n de Provincia.<\/em><\/strong><\/p>\n\n\n\n<figure class=\"wp-block-image\"><img decoding=\"async\" src=\"https:\/\/www.sansalvadordejujuy.gob.ar\/wp-content\/uploads\/2025\/01\/Luminaria-en-av.-Carlos-Snopek-Prensa-Muni-Jujuy-1024x683.jpg\" alt=\"\" class=\"wp-image-81762\"\/><\/figure>\n\n\n\n<p>La obra incluy\u00f3 el recambio y la repotenciaci\u00f3n de 13 cuadras de la avenida Carlos Snopek, con la instalaci\u00f3n de 70 l\u00e1mparas LED. Esta avenida atraviesa el barrio de Alto Comedero y comunica con la manzana municipal, donde se encuentran la Escuela Municipal N\u00b0 1 \u201cMarina Vilte\u201d, el Centro Cultural e Hist\u00f3rico Jorge Cafrune y el Multiespacio El Alto.<\/p>\n\n\n\n<p>En la oportunidad, el intendente Jorge expres\u00f3 \u201cestamos tomando una arteria que interconecta muchos sectores; la avenida \u201cIngeniero Snopek\u201d contar\u00e1 con nueva iluminaci\u00f3n con l\u00e1mparas LED de alta potencia y de gran luminosidad, para darle seguridad a un sector muy transitado por donde pasa el transporte p\u00fablico y una gran cantidad de vecinos\u201d.<\/p>\n\n\n\n<p>Asimismo, el intendente agreg\u00f3 que \u201cesta obra aporta mayor seguridad para toda la comunidad y de alguna manera, la tarea se realiz\u00f3 coordinadamente con el Gobierno, repotenciando y cambiando luminarias en algunos sectores barriales\u201d.<\/p>\n\n\n\n<figure class=\"wp-block-image\"><img decoding=\"async\" src=\"https:\/\/www.sansalvadordejujuy.gob.ar\/wp-content\/uploads\/2025\/01\/Luminaria-en-av.-Carlos-Snopek-Prensa-Muni-Jujuy2-1024x683.jpg\" alt=\"\" class=\"wp-image-81764\"\/><\/figure>\n\n\n\n<p>En tanto, Ezequiel Aldao Fascio, secretario de Gobierno de la Municipalidad de San Salvador de Jujuy, resalt\u00f3 la intervenci\u00f3n de la Delegaci\u00f3n Municipal de Alto Comedero, en el plan de recambio de l\u00e1mparas al sistema iluminaci\u00f3n LED y afirm\u00f3 que \u201cla directiva del intendente Jorge es abarcar lo m\u00e1ximo de los recursos, para brindarle seguridad a los vecinos, una nueva vida al barrio que es uno de los m\u00e1s importantes de la Ciudad\u201d.<\/p>\n\n\n\n<p>Por \u00faltimo, Iv\u00e1n Meri subdirector de la Delegaci\u00f3n Municipal, aclar\u00f3 \u201cla inauguraci\u00f3n de la iluminaci\u00f3n de la avenida Snopek se encuadra en la segunda etapa de todo el plan de recambio y repotenciaci\u00f3n de la luminaria, tras concluirse en la Carahuasi y comenzando desde la calle Ardiles\u201d.<\/p>\n\n\n\n<figure class=\"wp-block-image\"><img decoding=\"async\" src=\"https:\/\/www.sansalvadordejujuy.gob.ar\/wp-content\/uploads\/2025\/01\/WhatsApp-Image-2025-01-13-at-09.25.48-1024x686.jpeg\" alt=\"\" class=\"wp-image-81659\"\/><\/figure>\n\n\n\n<p>Finalmente, sostuvo que la obra \u201cva a brindar mucho m\u00e1s seguridad e iluminaci\u00f3n y esto, viene obviamente, aparejado y acompa\u00f1ado de un plan de mejora de espacios verdes y toda una avenida principal de Alto Comedero\u201d.<\/p>\n\n\n\n<p><strong>Nota audiovisual:<\/strong>&nbsp;<a href=\"https:\/\/youtu.be\/EWo0ZxNKo48\">https:\/\/youtu.be\/EWo0ZxNKo48<\/a><\/p>\n","protected":false},"excerpt":{"rendered":"<p>El intendente Ra\u00fal \u201cChuli\u201d Jorge habilit\u00f3 el nuevo sistema de iluminaci\u00f3n con l\u00e1mparas LED en la avenida Carlos Snopek, una de las principales arterias que interconecta numerosos sectores del barrio Alto Comedero. La obra fue realizada con colaboraci\u00f3n de Provincia. La obra incluy\u00f3 el recambio y la repotenciaci\u00f3n de 13 cuadras de la avenida Carlos [&hellip;]<\/p>\n","protected":false},"author":5,"featured_media":422218,"comment_status":"open","ping_status":"open","sticky":false,"template":"","format":"standard","meta":{"_stopmodifiedupdate":false,"_modified_date":"","inline_featured_image":false},"categories":[514],"tags":[],"jetpack_featured_media_url":"https:\/\/notinor.com\/jujuy\/wp-content\/uploads\/2025\/01\/ILUMINACION.jpg","_links":{"self":[{"href":"https:\/\/notinor.com\/jujuy\/wp-json\/wp\/v2\/posts\/422217"}],"collection":[{"href":"https:\/\/notinor.com\/jujuy\/wp-json\/wp\/v2\/posts"}],"about":[{"href":"https:\/\/notinor.com\/jujuy\/wp-json\/wp\/v2\/types\/post"}],"author":[{"embeddable":true,"href":"https:\/\/notinor.com\/jujuy\/wp-json\/wp\/v2\/users\/5"}],"replies":[{"embeddable":true,"href":"https:\/\/notinor.com\/jujuy\/wp-json\/wp\/v2\/comments?post=422217"}],"version-history":[{"count":1,"href":"https:\/\/notinor.com\/jujuy\/wp-json\/wp\/v2\/posts\/422217\/revisions"}],"predecessor-version":[{"id":422219,"href":"https:\/\/notinor.com\/jujuy\/wp-json\/wp\/v2\/posts\/422217\/revisions\/422219"}],"wp:featuredmedia":[{"embeddable":true,"href":"https:\/\/notinor.com\/jujuy\/wp-json\/wp\/v2\/media\/422218"}],"wp:attachment":[{"href":"https:\/\/notinor.com\/jujuy\/wp-json\/wp\/v2\/media?parent=422217"}],"wp:term":[{"taxonomy":"category","embeddable":true,"href":"https:\/\/notinor.com\/jujuy\/wp-json\/wp\/v2\/categories?post=422217"},{"taxonomy":"post_tag","embeddable":true,"href":"https:\/\/notinor.com\/jujuy\/wp-json\/wp\/v2\/tags?post=422217"}],"curies":[{"name":"wp","href":"https:\/\/api.w.org\/{rel}","templated":true}]}}