{"id":422205,"date":"2025-01-16T00:20:33","date_gmt":"2025-01-16T03:20:33","guid":{"rendered":"https:\/\/notinor.com\/jujuy\/?p=422205"},"modified":"2025-01-16T00:20:34","modified_gmt":"2025-01-16T03:20:34","slug":"sadir-se-refirio-al-veto-al-seguro-de-salud-la-salud-publica-esta-garantizada","status":"publish","type":"post","link":"https:\/\/notinor.com\/jujuy\/sadir-se-refirio-al-veto-al-seguro-de-salud-la-salud-publica-esta-garantizada\/","title":{"rendered":"Sadir se refiri\u00f3 al veto al Seguro de Salud: \"La salud p\u00fablica est\u00e1 garantizada\""},"content":{"rendered":"\n<p class=\"has-medium-font-size\"><strong><em>Al referirse al veto total a la Ley N\u00ba 6.453 de creaci\u00f3n del Seguro Provincial de Salud (SEPROSA), el gobernador de la Provincia, Carlos Sadir, se\u00f1al\u00f3 que en Jujuy \u201cla salud p\u00fablica est\u00e1 garantizada para todos\u201d, m\u00e1s all\u00e1 de que siempre se sigan buscando mecanismos para darle sostenibilidad al sistema.<\/em><\/strong><\/p>\n\n\n\n<p><\/p>\n\n\n<div class=\"wp-block-image\">\n<figure class=\"aligncenter size-full\"><img decoding=\"async\" loading=\"lazy\" width=\"800\" height=\"450\" src=\"https:\/\/notinor.com\/jujuy\/wp-content\/uploads\/2024\/12\/carlos-sadir-1.jpg\" alt=\"\" class=\"wp-image-420466\" srcset=\"https:\/\/notinor.com\/jujuy\/wp-content\/uploads\/2024\/12\/carlos-sadir-1.jpg 800w, https:\/\/notinor.com\/jujuy\/wp-content\/uploads\/2024\/12\/carlos-sadir-1-649x365.jpg 649w, https:\/\/notinor.com\/jujuy\/wp-content\/uploads\/2024\/12\/carlos-sadir-1-500x280.jpg 500w, https:\/\/notinor.com\/jujuy\/wp-content\/uploads\/2024\/12\/carlos-sadir-1-768x432.jpg 768w, https:\/\/notinor.com\/jujuy\/wp-content\/uploads\/2024\/12\/carlos-sadir-1-750x422.jpg 750w\" sizes=\"(max-width: 800px) 100vw, 800px\" \/><\/figure><\/div>\n\n\n<p><\/p>\n\n\n\n<p>Tras indicar que el proyecto gener\u00f3 cierta confusi\u00f3n y desinformaci\u00f3n en la ciudadan\u00eda, agreg\u00f3 que <strong>\u201calgunos sectores instalaron temores infundados, aprovechando la sensibilidad de un tema tan importante como la salud p\u00fablica\u201d.<\/strong><\/p>\n\n\n\n<p>Y adem\u00e1s \u201ccualquier cambio en el sistema de salud debe ser comprendido y aceptado por la poblaci\u00f3n, y por ello no dejamos de trabajar en medidas concretas que mejoren la calidad de las prestaciones m\u00e9dicas\u201d.<\/p>\n\n\n\n<p><strong>\u201cLa salud no puede ser motivo de disputas pol\u00edticas. Estamos abiertos al di\u00e1logo y comprometidos a mejorar el sistema de salud p\u00fablica. Queremos que cada medida que tomemos sea clara, justa y est\u00e9 correctamente explicada a la ciudadan\u00eda\u201d,<\/strong> cerr\u00f3.<\/p>\n","protected":false},"excerpt":{"rendered":"<p>Al referirse al veto total a la Ley N\u00ba 6.453 de creaci\u00f3n del Seguro Provincial de Salud (SEPROSA), el gobernador de la Provincia, Carlos Sadir, se\u00f1al\u00f3 que en Jujuy \u201cla salud p\u00fablica est\u00e1 garantizada para todos\u201d, m\u00e1s all\u00e1 de que siempre se sigan buscando mecanismos para darle sostenibilidad al sistema. Tras indicar que el proyecto [&hellip;]<\/p>\n","protected":false},"author":49,"featured_media":420466,"comment_status":"open","ping_status":"open","sticky":false,"template":"","format":"standard","meta":{"_stopmodifiedupdate":false,"_modified_date":"","inline_featured_image":false},"categories":[2,514],"tags":[],"jetpack_featured_media_url":"https:\/\/notinor.com\/jujuy\/wp-content\/uploads\/2024\/12\/carlos-sadir-1.jpg","_links":{"self":[{"href":"https:\/\/notinor.com\/jujuy\/wp-json\/wp\/v2\/posts\/422205"}],"collection":[{"href":"https:\/\/notinor.com\/jujuy\/wp-json\/wp\/v2\/posts"}],"about":[{"href":"https:\/\/notinor.com\/jujuy\/wp-json\/wp\/v2\/types\/post"}],"author":[{"embeddable":true,"href":"https:\/\/notinor.com\/jujuy\/wp-json\/wp\/v2\/users\/49"}],"replies":[{"embeddable":true,"href":"https:\/\/notinor.com\/jujuy\/wp-json\/wp\/v2\/comments?post=422205"}],"version-history":[{"count":1,"href":"https:\/\/notinor.com\/jujuy\/wp-json\/wp\/v2\/posts\/422205\/revisions"}],"predecessor-version":[{"id":422206,"href":"https:\/\/notinor.com\/jujuy\/wp-json\/wp\/v2\/posts\/422205\/revisions\/422206"}],"wp:featuredmedia":[{"embeddable":true,"href":"https:\/\/notinor.com\/jujuy\/wp-json\/wp\/v2\/media\/420466"}],"wp:attachment":[{"href":"https:\/\/notinor.com\/jujuy\/wp-json\/wp\/v2\/media?parent=422205"}],"wp:term":[{"taxonomy":"category","embeddable":true,"href":"https:\/\/notinor.com\/jujuy\/wp-json\/wp\/v2\/categories?post=422205"},{"taxonomy":"post_tag","embeddable":true,"href":"https:\/\/notinor.com\/jujuy\/wp-json\/wp\/v2\/tags?post=422205"}],"curies":[{"name":"wp","href":"https:\/\/api.w.org\/{rel}","templated":true}]}}