{"id":422202,"date":"2025-01-15T23:15:10","date_gmt":"2025-01-16T02:15:10","guid":{"rendered":"https:\/\/notinor.com\/jujuy\/?p=422202"},"modified":"2025-01-15T23:15:12","modified_gmt":"2025-01-16T02:15:12","slug":"carnaval-sin-violencias-inicio-la-campana-de-prevencion-en-san-pedro","status":"publish","type":"post","link":"https:\/\/notinor.com\/jujuy\/carnaval-sin-violencias-inicio-la-campana-de-prevencion-en-san-pedro\/","title":{"rendered":"Carnaval sin violencias: inici\u00f3 la campa\u00f1a de prevenci\u00f3n en San Pedro"},"content":{"rendered":"\n<p class=\"has-medium-font-size\"><strong><em>El Consejo Provincial de Mujeres y la cartera provincial de Seguridad trabajan en conjunto por \u00e1mbitos seguros y libres de violencia y discriminaci\u00f3n por motivos de g\u00e9nero.<\/em><\/strong><\/p>\n\n\n\n<p><\/p>\n\n\n<div class=\"wp-block-image\">\n<figure class=\"aligncenter size-full\"><img decoding=\"async\" loading=\"lazy\" width=\"800\" height=\"450\" src=\"https:\/\/notinor.com\/jujuy\/wp-content\/uploads\/2025\/01\/carnaval-san-pedro.jpg\" alt=\"\" class=\"wp-image-422203\" srcset=\"https:\/\/notinor.com\/jujuy\/wp-content\/uploads\/2025\/01\/carnaval-san-pedro.jpg 800w, https:\/\/notinor.com\/jujuy\/wp-content\/uploads\/2025\/01\/carnaval-san-pedro-649x365.jpg 649w, https:\/\/notinor.com\/jujuy\/wp-content\/uploads\/2025\/01\/carnaval-san-pedro-500x280.jpg 500w, https:\/\/notinor.com\/jujuy\/wp-content\/uploads\/2025\/01\/carnaval-san-pedro-768x432.jpg 768w, https:\/\/notinor.com\/jujuy\/wp-content\/uploads\/2025\/01\/carnaval-san-pedro-750x422.jpg 750w\" sizes=\"(max-width: 800px) 100vw, 800px\" \/><\/figure><\/div>\n\n\n<p><\/p>\n\n\n\n<p>El Consejo Provincial de Mujeres, la Igualdad de G\u00e9nero y el respeto a las Diversidades junto al Ministerio de Seguridad llevan a cabo la campa\u00f1a de prevenci\u00f3n de las violencias durante el Carnaval 2025 con el objetivo de promover celebraciones seguras y sin violencias.<\/p>\n\n\n\n<p>Es de destacar que el Ministerio de Seguridad se abocar\u00e1 a la promoci\u00f3n de acciones de Carnaval Seguro mientras el Consejo Provincial de Mujeres trabajar\u00e1 en la prevenci\u00f3n de la violencia por motivos de g\u00e9nero durante el desarrollo de las diferentes actividades carnestolendas.<\/p>\n\n\n\n<p class=\"has-medium-font-size\"><strong>Campa\u00f1a de prevenci\u00f3n<\/strong><\/p>\n\n\n\n<p>Estos encuentros de gran convocatoria permiten articular acciones con todos los sectores para que puedan identificar situaciones de violencia hacia mujeres o personas de la diversidad y as\u00ed brindar la ayuda correcta en los lugares indicados para tal fin.<\/p>\n\n\n\n<p>La Provincia cuenta con 19 Centros de Atenci\u00f3n a Mujeres en Situaci\u00f3n de Violencia donde profesionales de la psicolog\u00eda, el trabajo social y la abogac\u00eda llevan adelante el proceso de recuperaci\u00f3n y el acompa\u00f1amiento a mujeres y personas de la diversidad en situaci\u00f3n de violencia. Es de destacar que el tratamiento y el asesoramiento legal se realizan de manera gratuita.<\/p>\n\n\n\n<p>En San Pedro el Centro de Atenci\u00f3n se lleva adelante en calle Claverie N\u00b0 347, barrio Bernacchi. La reuni\u00f3n de esta jornada estuvo encabezada por la Presidenta del Consejo Provincial de Mujeres, la Igualdad de G\u00e9nero y el respeto a las Diversidades, Lourdes Navarro; el secretario de Desarrollo Humano, Ariel Bravo; la titular del \u00c1rea de Mujer y Equidad de G\u00e9nero del municipio de San Pedro, Carolina Ubeid; responsables de la COMECOR y autoridades del Ministerio de Seguridad.<\/p>\n\n\n\n<p>Tambi\u00e9n estuvo presente el Director de Pol\u00edticas Culturales y Comunicaci\u00f3n, Franco Dorado, del Consejo Provincial de Mujeres. Pr\u00f3ximamente continuar\u00e1n los encuentros con diferentes agrupaciones y comparsas de San Pedro en el marco de la campa\u00f1a que incluye lineamientos de formaci\u00f3n, comunicaci\u00f3n y sensibilizaci\u00f3n sobre la tem\u00e1tica de prevenci\u00f3n de la violencia por motivos de g\u00e9nero.<\/p>\n\n\n\n<p>La Campa\u00f1a Carnaval Seguro tiene como finalidad garantizar que los eventos se realicen en \u00e1mbitos seguros y libres de violencia y discriminaci\u00f3n por motivos de g\u00e9nero.<\/p>\n","protected":false},"excerpt":{"rendered":"<p>El Consejo Provincial de Mujeres y la cartera provincial de Seguridad trabajan en conjunto por \u00e1mbitos seguros y libres de violencia y discriminaci\u00f3n por motivos de g\u00e9nero. El Consejo Provincial de Mujeres, la Igualdad de G\u00e9nero y el respeto a las Diversidades junto al Ministerio de Seguridad llevan a cabo la campa\u00f1a de prevenci\u00f3n de [&hellip;]<\/p>\n","protected":false},"author":49,"featured_media":422203,"comment_status":"open","ping_status":"open","sticky":false,"template":"","format":"standard","meta":{"_stopmodifiedupdate":false,"_modified_date":"","inline_featured_image":false},"categories":[4],"tags":[],"jetpack_featured_media_url":"https:\/\/notinor.com\/jujuy\/wp-content\/uploads\/2025\/01\/carnaval-san-pedro.jpg","_links":{"self":[{"href":"https:\/\/notinor.com\/jujuy\/wp-json\/wp\/v2\/posts\/422202"}],"collection":[{"href":"https:\/\/notinor.com\/jujuy\/wp-json\/wp\/v2\/posts"}],"about":[{"href":"https:\/\/notinor.com\/jujuy\/wp-json\/wp\/v2\/types\/post"}],"author":[{"embeddable":true,"href":"https:\/\/notinor.com\/jujuy\/wp-json\/wp\/v2\/users\/49"}],"replies":[{"embeddable":true,"href":"https:\/\/notinor.com\/jujuy\/wp-json\/wp\/v2\/comments?post=422202"}],"version-history":[{"count":1,"href":"https:\/\/notinor.com\/jujuy\/wp-json\/wp\/v2\/posts\/422202\/revisions"}],"predecessor-version":[{"id":422204,"href":"https:\/\/notinor.com\/jujuy\/wp-json\/wp\/v2\/posts\/422202\/revisions\/422204"}],"wp:featuredmedia":[{"embeddable":true,"href":"https:\/\/notinor.com\/jujuy\/wp-json\/wp\/v2\/media\/422203"}],"wp:attachment":[{"href":"https:\/\/notinor.com\/jujuy\/wp-json\/wp\/v2\/media?parent=422202"}],"wp:term":[{"taxonomy":"category","embeddable":true,"href":"https:\/\/notinor.com\/jujuy\/wp-json\/wp\/v2\/categories?post=422202"},{"taxonomy":"post_tag","embeddable":true,"href":"https:\/\/notinor.com\/jujuy\/wp-json\/wp\/v2\/tags?post=422202"}],"curies":[{"name":"wp","href":"https:\/\/api.w.org\/{rel}","templated":true}]}}