{"id":422200,"date":"2025-01-15T21:48:35","date_gmt":"2025-01-16T00:48:35","guid":{"rendered":"https:\/\/notinor.com\/jujuy\/?p=422200"},"modified":"2025-01-15T21:48:37","modified_gmt":"2025-01-16T00:48:37","slug":"este-viernes-sube-nuevamente-el-boleto-del-transporte-publico-de-pasajeros-en-jujuy","status":"publish","type":"post","link":"https:\/\/notinor.com\/jujuy\/este-viernes-sube-nuevamente-el-boleto-del-transporte-publico-de-pasajeros-en-jujuy\/","title":{"rendered":"Este viernes sube nuevamente el boleto del transporte p\u00fablico de pasajeros\u00a0en Jujuy"},"content":{"rendered":"\n<p class=\"has-medium-font-size\"><strong><em>La Secretar\u00eda de Servicios P\u00fablicos, a trav\u00e9s de la Direcci\u00f3n de Fiscalizaci\u00f3n de Transporte de la Municipalidad de San Salvador de Jujuy, informa a la poblaci\u00f3n que a partir del 17 de enero , desde las 8:30 hs. comienza a regir la nueva tarifa del transporte urbano seg\u00fan el siguiente detalle:<\/em><\/strong><\/p>\n\n\n\n<p><\/p>\n\n\n<div class=\"wp-block-image\">\n<figure class=\"aligncenter size-full\"><img decoding=\"async\" loading=\"lazy\" width=\"800\" height=\"450\" src=\"https:\/\/notinor.com\/jujuy\/wp-content\/uploads\/2023\/07\/colectivos-jujuy.jpg\" alt=\"\" class=\"wp-image-384327\" srcset=\"https:\/\/notinor.com\/jujuy\/wp-content\/uploads\/2023\/07\/colectivos-jujuy.jpg 800w, https:\/\/notinor.com\/jujuy\/wp-content\/uploads\/2023\/07\/colectivos-jujuy-649x365.jpg 649w, https:\/\/notinor.com\/jujuy\/wp-content\/uploads\/2023\/07\/colectivos-jujuy-500x280.jpg 500w, https:\/\/notinor.com\/jujuy\/wp-content\/uploads\/2023\/07\/colectivos-jujuy-768x432.jpg 768w, https:\/\/notinor.com\/jujuy\/wp-content\/uploads\/2023\/07\/colectivos-jujuy-750x422.jpg 750w\" sizes=\"(max-width: 800px) 100vw, 800px\" \/><\/figure><\/div>\n\n\n<p><\/p>\n\n\n\n<ul>\n<li>San Salvador de Jujuy: $983,45<\/li>\n\n\n\n<li>San Salvador de Jujuy a Reyes: $ 983,45<\/li>\n\n\n\n<li>San Salvador de Jujuy a Guerrero: $ 1131,25<\/li>\n\n\n\n<li>San Salvador de Jujuy a Termas de Reyes : $ 1278,39<\/li>\n\n\n\n<li>San Salvador de Jujuy a San Pablo de Reyes: $ 1131,25<\/li>\n\n\n\n<li>San Salvador de Jujuy a Yala: $ 1278,39<\/li>\n\n\n\n<li>San Salvador de Jujuy a Los Nogales: $1426,19<\/li>\n\n\n\n<li>San Salvador de Jujuy a Lozano: $ 1426,19<\/li>\n\n\n\n<li>San Salvador de Jujuy a Le\u00f3n: $ 1573,32<\/li>\n<\/ul>\n","protected":false},"excerpt":{"rendered":"<p>La Secretar\u00eda de Servicios P\u00fablicos, a trav\u00e9s de la Direcci\u00f3n de Fiscalizaci\u00f3n de Transporte de la Municipalidad de San Salvador de Jujuy, informa a la poblaci\u00f3n que a partir del 17 de enero , desde las 8:30 hs. comienza a regir la nueva tarifa del transporte urbano seg\u00fan el siguiente detalle:<\/p>\n","protected":false},"author":49,"featured_media":384327,"comment_status":"open","ping_status":"open","sticky":false,"template":"","format":"standard","meta":{"_stopmodifiedupdate":false,"_modified_date":"","inline_featured_image":false},"categories":[2,514],"tags":[],"jetpack_featured_media_url":"https:\/\/notinor.com\/jujuy\/wp-content\/uploads\/2023\/07\/colectivos-jujuy.jpg","_links":{"self":[{"href":"https:\/\/notinor.com\/jujuy\/wp-json\/wp\/v2\/posts\/422200"}],"collection":[{"href":"https:\/\/notinor.com\/jujuy\/wp-json\/wp\/v2\/posts"}],"about":[{"href":"https:\/\/notinor.com\/jujuy\/wp-json\/wp\/v2\/types\/post"}],"author":[{"embeddable":true,"href":"https:\/\/notinor.com\/jujuy\/wp-json\/wp\/v2\/users\/49"}],"replies":[{"embeddable":true,"href":"https:\/\/notinor.com\/jujuy\/wp-json\/wp\/v2\/comments?post=422200"}],"version-history":[{"count":1,"href":"https:\/\/notinor.com\/jujuy\/wp-json\/wp\/v2\/posts\/422200\/revisions"}],"predecessor-version":[{"id":422201,"href":"https:\/\/notinor.com\/jujuy\/wp-json\/wp\/v2\/posts\/422200\/revisions\/422201"}],"wp:featuredmedia":[{"embeddable":true,"href":"https:\/\/notinor.com\/jujuy\/wp-json\/wp\/v2\/media\/384327"}],"wp:attachment":[{"href":"https:\/\/notinor.com\/jujuy\/wp-json\/wp\/v2\/media?parent=422200"}],"wp:term":[{"taxonomy":"category","embeddable":true,"href":"https:\/\/notinor.com\/jujuy\/wp-json\/wp\/v2\/categories?post=422200"},{"taxonomy":"post_tag","embeddable":true,"href":"https:\/\/notinor.com\/jujuy\/wp-json\/wp\/v2\/tags?post=422200"}],"curies":[{"name":"wp","href":"https:\/\/api.w.org\/{rel}","templated":true}]}}